{"id":108473,"date":"2025-12-05T13:58:08","date_gmt":"2025-12-05T13:58:08","guid":{"rendered":"https:\/\/www.europesays.com\/fi\/108473\/"},"modified":"2025-12-05T13:58:08","modified_gmt":"2025-12-05T13:58:08","slug":"gilmoren-tytot-tahti-saapuu-helsingin-comic-coniin-paikalliset","status":"publish","type":"post","link":"https:\/\/www.europesays.com\/fi\/108473\/","title":{"rendered":"Gilmoren tyt\u00f6t -t\u00e4hti saapuu Helsingin Comic Coniin | Paikalliset"},"content":{"rendered":"<p>N\u00e4yttelij\u00e4 <strong>Sean Gunn<\/strong>, 51, saapuu Suomen suurimman popkulttuuritapahtuman Arctic Lights Comic Conin t\u00e4htivieraaksi ensi toukokuussa. Asiasta kertoo Messukeskus tiedotteessa.Seann Gunn muistetaan muun muassa Gilmore Girls -sarjan Kirk Gleasonina, Guardians of the Galaxy -trilogian Kraglinina sek\u00e4 The Suicide Squad -elokuvan Weaselina ja Calendar Manina. Lis\u00e4ksi h\u00e4n esitt\u00e4\u00e4 Maxwell Lordia Superman (2025) -elokuvassa ja Peacemaker-sarjan toisella kaudella<\/p>\n<p>Aiemmin tapahtuman t\u00e4htivieraaksi on julkistettu <strong>Tim Downie<\/strong>, joka tunnetaan Baldur\u2019s Gate 3 -pelin Gale Dekariosina sek\u00e4 rooleistaan sarjoissa Outlander, Good Omens ja Upstart Crow. Valkokankaalla Downie on n\u00e4hty muun muassa elokuvissa Kuninkaan puhe, Nandor Fodor ja puhuva mangusti sek\u00e4 Paddington.<\/p>\n<p>Messukeskuksessa 16.\u201317.5.2026 j\u00e4rjestett\u00e4v\u00e4 Comic Con kokoaa yhteen pelien, cosplayn, sarjakuvien, animen, K-popin ja fanikulttuurin yst\u00e4v\u00e4t sek\u00e4 elokuva- ja pelimaailman kansainv\u00e4liset t\u00e4hdet.<\/p>\n<p>Helsingiss\u00e4 on aiemmin j\u00e4rjestetty Heroes Comic Con Finland -tapahtuma. Sen j\u00e4rjest\u00e4j\u00e4 vet\u00e4ytyi kuitenkin Suomesta, joten Messukeskus p\u00e4\u00e4tti perustaa <a href=\"https:\/\/www.helsinginuutiset.fi\/paikalliset\/8718452\" rel=\"nofollow noopener\" target=\"_blank\">oman pop-kulttuuritapahtuman<\/a>.<\/p>\n<p>Viime kev\u00e4\u00e4n Heroes Comic Coniin odotettiin Taru sormusten herrasta -elokuvien t\u00e4htin\u00e4yttelij\u00e4 <strong>Elijah Woodia<\/strong>. H\u00e4n perui kuitenkin saapumisensa Helsinkiin. Suomen aiemmissa tapahtumissa on ollut muun muassa Disney-taiteilija Don Rosa sek\u00e4 n\u00e4yttelij\u00e4 Kit Harington, eli Game of Thrones -sarjan Jon Snow.<\/p>\n","protected":false},"excerpt":{"rendered":"N\u00e4yttelij\u00e4 Sean Gunn, 51, saapuu Suomen suurimman popkulttuuritapahtuman Arctic Lights Comic Conin t\u00e4htivieraaksi ensi toukokuussa. Asiasta kertoo Messukeskus&hellip;\n","protected":false},"author":2,"featured_media":108474,"comment_status":"","ping_status":"","sticky":false,"template":"","format":"standard","meta":{"footnotes":""},"categories":[130],"tags":[2234,137,33,31,30,104,718,622,32,485,140,1513,109],"class_list":{"0":"post-108473","1":"post","2":"type-post","3":"status-publish","4":"format-standard","5":"has-post-thumbnail","7":"category-viihde","8":"tag-elokuvagenre","9":"tag-entertainment","10":"tag-fi","11":"tag-finland","12":"tag-finnish","13":"tag-helsinki","14":"tag-nayttamotaide","15":"tag-nayttelijat","16":"tag-suomi","17":"tag-taide-yleista","18":"tag-tv-ja-elokuvat","19":"tag-videopeliteollisuus","20":"tag-viihde"},"share_on_mastodon":{"url":"https:\/\/pubeurope.com\/@fi\/115667317822275263","error":""},"_links":{"self":[{"href":"https:\/\/www.europesays.com\/fi\/wp-json\/wp\/v2\/posts\/108473","targetHints":{"allow":["GET"]}}],"collection":[{"href":"https:\/\/www.europesays.com\/fi\/wp-json\/wp\/v2\/posts"}],"about":[{"href":"https:\/\/www.europesays.com\/fi\/wp-json\/wp\/v2\/types\/post"}],"author":[{"embeddable":true,"href":"https:\/\/www.europesays.com\/fi\/wp-json\/wp\/v2\/users\/2"}],"replies":[{"embeddable":true,"href":"https:\/\/www.europesays.com\/fi\/wp-json\/wp\/v2\/comments?post=108473"}],"version-history":[{"count":0,"href":"https:\/\/www.europesays.com\/fi\/wp-json\/wp\/v2\/posts\/108473\/revisions"}],"wp:featuredmedia":[{"embeddable":true,"href":"https:\/\/www.europesays.com\/fi\/wp-json\/wp\/v2\/media\/108474"}],"wp:attachment":[{"href":"https:\/\/www.europesays.com\/fi\/wp-json\/wp\/v2\/media?parent=108473"}],"wp:term":[{"taxonomy":"category","embeddable":true,"href":"https:\/\/www.europesays.com\/fi\/wp-json\/wp\/v2\/categories?post=108473"},{"taxonomy":"post_tag","embeddable":true,"href":"https:\/\/www.europesays.com\/fi\/wp-json\/wp\/v2\/tags?post=108473"}],"curies":[{"name":"wp","href":"https:\/\/api.w.org\/{rel}","templated":true}]}}