{"id":108479,"date":"2025-12-05T14:03:11","date_gmt":"2025-12-05T14:03:11","guid":{"rendered":"https:\/\/www.europesays.com\/fi\/108479\/"},"modified":"2025-12-05T14:03:11","modified_gmt":"2025-12-05T14:03:11","slug":"nain-kela-kertoi-henkilostolleen-lasse-lehtosen-sekavasta-tilanteesta-lue-sanasta-sanaan","status":"publish","type":"post","link":"https:\/\/www.europesays.com\/fi\/108479\/","title":{"rendered":"N\u00e4in Kela kertoi henkil\u00f6st\u00f6lleen Lasse Lehtosen sekavasta tilanteesta \u2013 Lue sanasta sanaan"},"content":{"rendered":"<p>Iltalehden haltuunsa saamassa asiakirjassa Kelan johto kommentoi, mit\u00e4 virastossa seuraavaksi tapahtuu. <\/p>\n<p><img decoding=\"async\" class=\"image image-show image-preview\" src=\"https:\/\/www.europesays.com\/fi\/wp-content\/uploads\/2025\/12\/81a3eb0f223132cc44c52beb45772f4482c579916d79ce65ff6efe94fc4df0e8.jpg\" alt=\"\"\/><img decoding=\"async\" class=\"image image-show\" src=\"https:\/\/www.europesays.com\/fi\/wp-content\/uploads\/2025\/12\/1764943391_139_81a3eb0f223132cc44c52beb45772f4482c579916d79ce65ff6efe94fc4df0e8.jpg\" alt=\"\"\/><\/p>\n<p>Lasse Lehtosen ty\u00f6matka Brysseliss\u00e4 keskeytyi perjantaina.  Antti Mannermaa<\/p>\n<p class=\"paragraph\">Kela on kertonut sis\u00e4isesti ty\u00f6ntekij\u00f6illeen p\u00e4\u00e4johtaja <strong>Lasse Lehtosen<\/strong> ty\u00f6matkan keskeytymisest\u00e4 Brysseliss\u00e4.<\/p>\n<p class=\"paragraph\">Iltalehden tietojen mukaan Lehtosen k\u00e4yt\u00f6s Brysselin lentokent\u00e4ll\u00e4 on her\u00e4tt\u00e4nyt huomiota, ja h\u00e4nen olemuksensa on tulkittu sekavaksi. Paikalla oli kolme poliisia.<\/p>\n<p class=\"paragraph\">Iltalehti on saanut Kelan sis\u00e4isesti jaetun tiedotteen haltuunsa. Se on l\u00e4hetetty kello 14.50 perjantaina. Voit lukea sen kokonaisuudessaan alta.<\/p>\n<p class=\"paragraph\">P\u00e4\u00e4johtajan Lasse Lehtosen paluumatka Brysselist\u00e4 Helsinkiin on keskeytynyt. Kela selvitt\u00e4\u00e4 tilannetta tarkemmin.<\/p>\n<p class=\"paragraph\">P\u00e4\u00e4johtaja Lasse Lehtonen oli ty\u00f6matkalla Brysseliss\u00e4 tiistaista 2.12. alkaen, mutta h\u00e4nen paluumatkansa perjantaina 5.12. keskeytyi. P\u00e4\u00e4johtaja on edelleen Brysseliss\u00e4.<\/p>\n<p class=\"paragraph\">Tapahtumien kulkua selvitet\u00e4\u00e4n viel\u00e4, ja tarkennamme tilannekuvaa Kelassa.<\/p>\n<p class=\"paragraph\">\u2013 Selvit\u00e4mme nyt tarkasti, miss\u00e4 on kyse. Mahdollisia jatkotoimenpiteit\u00e4 arvioimme lis\u00e4tietojen pohjalta, kertoo Kelan hallituksen puheenjohtaja Vertti Kiukas.<\/p>\n<p class=\"paragraph\">T\u00e4m\u00e4nhetkisen tiedon mukaan Lasse Lehtosen aiemmin tiedotettu poissaolo jatkuu sunnuntaihin 7.12., ja t\u00e4n\u00e4 aikana h\u00e4nen sijaisenaan toimii johtaja Kari-Pekka M\u00e4ki-Lohiluoma.<\/p>\n<p class=\"paragraph\">\u2013 Ymm\u00e4rr\u00e4n hyvin, ett\u00e4 uutiset her\u00e4tt\u00e4v\u00e4t kelalaisissa monia kysymyksi\u00e4. T\u00e4ss\u00e4 vaiheessa odotamme itsekin lis\u00e4tietoja ja kerromme lis\u00e4\u00e4, kun kokonaiskuva tarkentuu. Kelan toiminta jatkuu normaalisti, eik\u00e4 tilanteella ole vaikutusta p\u00e4ivitt\u00e4iseen ty\u00f6h\u00f6mme tai palveluihimme, Kari-Pekka sanoo.<\/p>\n","protected":false},"excerpt":{"rendered":"Iltalehden haltuunsa saamassa asiakirjassa Kelan johto kommentoi, mit\u00e4 virastossa seuraavaksi tapahtuu. Lasse Lehtosen ty\u00f6matka Brysseliss\u00e4 keskeytyi perjantaina. Antti&hellip;\n","protected":false},"author":2,"featured_media":108480,"comment_status":"","ping_status":"","sticky":false,"template":"","format":"standard","meta":{"footnotes":""},"categories":[12],"tags":[35,22,23,26,27,33,31,30,17,53,24,25,121,28,29,15,18,21,637,32,19,20,860,16,7249],"class_list":{"0":"post-108479","1":"post","2":"type-post","3":"status-publish","4":"format-standard","5":"has-post-thumbnail","7":"category-suomi","8":"tag-24h","9":"tag-breaking-news","10":"tag-breakingnews","11":"tag-featured-news","12":"tag-featurednews","13":"tag-fi","14":"tag-finland","15":"tag-finnish","16":"tag-headlines","17":"tag-laki-oikeus-ja-rikos","18":"tag-latest-news","19":"tag-latestnews","20":"tag-liikenne-ja-kuljetus","21":"tag-main-news","22":"tag-mainnews","23":"tag-news","24":"tag-otsikot","25":"tag-paauutiset","26":"tag-politiikka","27":"tag-suomi","28":"tag-top-stories","29":"tag-topstories","30":"tag-tyoelama","31":"tag-uutiset","32":"tag-yrityksen-johtaminen"},"share_on_mastodon":{"url":"https:\/\/pubeurope.com\/@fi\/115667337639689924","error":""},"_links":{"self":[{"href":"https:\/\/www.europesays.com\/fi\/wp-json\/wp\/v2\/posts\/108479","targetHints":{"allow":["GET"]}}],"collection":[{"href":"https:\/\/www.europesays.com\/fi\/wp-json\/wp\/v2\/posts"}],"about":[{"href":"https:\/\/www.europesays.com\/fi\/wp-json\/wp\/v2\/types\/post"}],"author":[{"embeddable":true,"href":"https:\/\/www.europesays.com\/fi\/wp-json\/wp\/v2\/users\/2"}],"replies":[{"embeddable":true,"href":"https:\/\/www.europesays.com\/fi\/wp-json\/wp\/v2\/comments?post=108479"}],"version-history":[{"count":0,"href":"https:\/\/www.europesays.com\/fi\/wp-json\/wp\/v2\/posts\/108479\/revisions"}],"wp:featuredmedia":[{"embeddable":true,"href":"https:\/\/www.europesays.com\/fi\/wp-json\/wp\/v2\/media\/108480"}],"wp:attachment":[{"href":"https:\/\/www.europesays.com\/fi\/wp-json\/wp\/v2\/media?parent=108479"}],"wp:term":[{"taxonomy":"category","embeddable":true,"href":"https:\/\/www.europesays.com\/fi\/wp-json\/wp\/v2\/categories?post=108479"},{"taxonomy":"post_tag","embeddable":true,"href":"https:\/\/www.europesays.com\/fi\/wp-json\/wp\/v2\/tags?post=108479"}],"curies":[{"name":"wp","href":"https:\/\/api.w.org\/{rel}","templated":true}]}}