{"id":108492,"date":"2025-12-05T14:28:10","date_gmt":"2025-12-05T14:28:10","guid":{"rendered":"https:\/\/www.europesays.com\/fi\/108492\/"},"modified":"2025-12-05T14:28:10","modified_gmt":"2025-12-05T14:28:10","slug":"saksan-liittopaivat-aanesti-vapaaehtoisen-asepalveluksen-palauttamisesta-taysi-ikaisille","status":"publish","type":"post","link":"https:\/\/www.europesays.com\/fi\/108492\/","title":{"rendered":"Saksan liittop\u00e4iv\u00e4t \u00e4\u00e4nesti vapaaehtoisen asepalveluksen palauttamisesta t\u00e4ysi-ik\u00e4isille"},"content":{"rendered":"<p>Ven\u00e4j\u00e4n uhka|Nuoret saksalaiset protestoivat uutta lakia vastaan, vaikka se perustuu vapaaehtoisuuteen.<\/p>\n<p>Lue tiivistelm\u00e4<\/p>\n<p>Tiivistelm\u00e4 on teko\u00e4lyn tekem\u00e4 ja ihmisen tarkistama.<\/p>\n<p class=\"article-body mb-nof-24 px-nof-16 sndp-summary-bullet-point-font\">Saksan liittop\u00e4iv\u00e4t hyv\u00e4ksyi perjantaina lakiesityksen, joka palauttaa vapaaehtoisen asepalveluksen 18-vuotiaille vuodesta 2026 alkaen.<\/p>\n<p class=\"article-body mb-nof-24 px-nof-16 sndp-summary-bullet-point-font\">Liittokansleri Friedrich Merzin tavoitteena on rakentaa Euroopan vahvin perinteinen armeija Ven\u00e4j\u00e4n Ukrainassa aloittaman hy\u00f6kk\u00e4yssodan j\u00e4lkeen.<\/p>\n<p class=\"article-body mb-nof-24 px-nof-16 sndp-summary-bullet-point-font\">Puolustusministeri Boris Pistoriuksen mukaan uudistus on v\u00e4ltt\u00e4m\u00e4t\u00f6n, jotta Saksa voi vahvistaa puolustusvoimiaan nykyisest\u00e4 182 000 sotilaasta 260 000 sotilaaseen 2030-luvun alkuun menness\u00e4.<\/p>\n<p class=\"article-body mb-nof-24 px-nof-16 sndp-summary-bullet-point-font\">P\u00e4\u00e4t\u00f6s her\u00e4tt\u00e4\u00e4 laajaa vastustusta etenkin nuorten keskuudessa, ja opiskelijat aikovat j\u00e4rjest\u00e4\u00e4 lakkoja jopa 90 kaupungissa perjantaina.<\/p>\n<p class=\"article-body mb-nof-24 px-nof-16\">Saksan liittop\u00e4iv\u00e4t hyv\u00e4ksyi perjantaina lakiesityksen, joka palauttaa vapaaehtoisen asepalveluksen 18-vuotiaille vuodesta 2026 alkaen.<\/p>\n<p class=\"article-body mb-nof-24 px-nof-16\">T\u00e4ysi-ik\u00e4isille tullaan tammikuusta l\u00e4htien l\u00e4hett\u00e4m\u00e4\u00e4n kyselylomake, jossa tiedustellaan, ovatko he kiinnostuneita liittym\u00e4\u00e4n asevoimiin. Miehille lomakkeeseen vastaaminen on pakollista, naisille ei.<\/p>\n<p class=\"article-body mb-nof-24 px-nof-16\">P\u00e4\u00e4t\u00f6s on osa Saksan liittokansleri <a class=\"article-personlink\" href=\"https:\/\/www.hs.fi\/haku\/?query=Friedrich%E2%80%AFMerzin\" rel=\"nofollow noopener\" target=\"_blank\">Friedrich\u202fMerzin<\/a> <a class=\"article-genericlink\" href=\"https:\/\/www.hs.fi\/kirjeenvaihtajat\/art-2000011453804.html\" rel=\"nofollow noopener\" target=\"_blank\">tavoitetta<\/a> rakentaa Euroopan vahvin perinteinen armeija Ven\u00e4j\u00e4n Ukrainassa aloittaman hy\u00f6kk\u00e4yssodan j\u00e4lkeen.<\/p>\n<p><img decoding=\"async\" src=\"https:\/\/www.europesays.com\/fi\/wp-content\/uploads\/2025\/12\/1764944890_821_468.jpg\" alt=\"Mielenosoittajat piteliv\u00e4t perjantaina valtiop\u00e4iv\u00e4talon edess\u00e4 banderollia, johon on kirjoitettu &quot;NEIN ZUR WEHRPFLICHT!&quot; eli &quot;Ei asevelvollisuudelle!&quot;.\" class=\"_Img_1rerz_1\" style=\"aspect-ratio:1.5\" loading=\"eager\"\/><\/p>\n<p class=\"article-picture-caption\">Mielenosoittajat piteliv\u00e4t perjantaina valtiop\u00e4iv\u00e4talon edess\u00e4 banderollia, johon on kirjoitettu &#8221;NEIN ZUR WEHRPFLICHT!&#8221; eli &#8221;Ei asevelvollisuudelle!&#8221;. Kuva:\u00a0Christian Mang \/ Reuters<\/p>\n<p class=\"article-body mb-nof-24 px-nof-16\">P\u00e4\u00e4t\u00f6s her\u00e4tt\u00e4\u00e4 laajaa vastustusta: opiskelijat aikovat j\u00e4rjest\u00e4\u00e4 lakkoja jopa 90 kaupungissa perjantaina, kertoo Britannian yleisradioyhti\u00f6 <a class=\"article-genericlink\" href=\"https:\/\/www.bbc.com\/news\/articles\/ckg9drg8pg1o\" rel=\"nofollow noopener\" target=\"_blank\">BBC<\/a>. Pelk\u00e4st\u00e4\u00e4n Hampurissa mielenosoituksiin odotetaan noin 1\u202f500 osallistujaa.<\/p>\n<p class=\"article-body mb-nof-24 px-nof-16\">Etenkin monet nuoret joko vastustavat uutta lakia tai suhtautuvat siihen ep\u00e4ilev\u00e4sti.<\/p>\n<p class=\"article-body mb-nof-24 px-nof-16\">\u201dEmme halua viett\u00e4\u00e4 puolta vuotta el\u00e4m\u00e4st\u00e4mme suljettuina kasarmeihin, harjoitellen sodank\u00e4ynti\u00e4, tottelevaisuutta ja opetellen tappamaan\u201d, protestien j\u00e4rjest\u00e4j\u00e4t kirjoittivat sosiaalisessa mediassa julkaistuissa lausunnoissa.<\/p>\n<p class=\"article-body mb-nof-24 px-nof-16\">\u201dSota ei tarjoa tulevaisuudenn\u00e4kymi\u00e4 ja tuhoaa toimeentulomme.\u201d<\/p>\n<p><img decoding=\"async\" src=\"https:\/\/www.europesays.com\/fi\/wp-content\/uploads\/2025\/12\/1764944890_797_468.jpg\" alt=\"Useat aktivistit pit\u00e4v\u00e4t suurta valkoista banderollia, jossa lukee saksaksi ja englanniksi sodanvastainen lause, &quot;Sota ei ole ainoa, mutta aina huonoin vaihtoehto!\u201d\" class=\"_Img_1rerz_1\" style=\"aspect-ratio:1.5\" loading=\"eager\"\/><\/p>\n<p class=\"article-picture-caption\">Useat aktivistit pit\u00e4v\u00e4t suurta valkoista banderollia, jossa lukee saksaksi ja englanniksi sodanvastainen lause, &#8221;Sota ei ole ainoa, mutta aina huonoin vaihtoehto!\u201d Kuva:\u00a0Christian Mang \/ Reuters <\/p>\n<p class=\"article-body mb-nof-24 px-nof-16\">Saksan puolustusministeri <a class=\"article-personlink\" href=\"https:\/\/www.hs.fi\/haku\/?query=Boris%E2%80%AFPistoriuksen\" rel=\"nofollow noopener\" target=\"_blank\">Boris\u202fPistoriuksen<\/a> mukaan uudistus on v\u00e4ltt\u00e4m\u00e4t\u00f6n, jotta Saksa voi vahvistaa puolustusvoimiaan nykyisest\u00e4 182\u202f000 sotilaasta 260\u202f000 sotilaaseen 2030-luvun alkuun menness\u00e4.<\/p>\n<p class=\"article-body mb-nof-24 px-nof-16\">Asepalvelus pidet\u00e4\u00e4n maan hallituksen mukaan vapaaehtoisena niin pitk\u00e4\u00e4n kuin mahdollista, mutta hein\u00e4kuusta 2027 alkaen kaikkien 18-vuotiaiden miesten tulee k\u00e4yd\u00e4 terveystarkastuksessa.<\/p>\n<p class=\"article-body mb-nof-24 px-nof-16\">Liittop\u00e4iv\u00e4t \u00e4\u00e4nesti uudistuksen puolesta \u00e4\u00e4nin 323\u2013272.<\/p>\n<p class=\"article-body mb-nof-24 px-nof-16\">Saksassa meni perjantaina l\u00e4pi meni my\u00f6s kiistelty el\u00e4keuudistus, kun vasemmistopuolue Die Linke ilmoitti pid\u00e4tt\u00e4ytyv\u00e4ns\u00e4 \u00e4\u00e4nestyksest\u00e4 ja esti n\u00e4in maan hallituskriisin k\u00e4rjistymisen.<\/p>\n","protected":false},"excerpt":{"rendered":"Ven\u00e4j\u00e4n uhka|Nuoret saksalaiset protestoivat uutta lakia vastaan, vaikka se perustuu vapaaehtoisuuteen. Lue tiivistelm\u00e4 Tiivistelm\u00e4 on teko\u00e4lyn tekem\u00e4 ja&hellip;\n","protected":false},"author":2,"featured_media":108493,"comment_status":"","ping_status":"","sticky":false,"template":"","format":"standard","meta":{"footnotes":""},"categories":[14],"tags":[22,23,26,27,33,31,30,17,46,24,25,28,29,15,18,21,32,19,20,56,16,59,60,61],"class_list":{"0":"post-108492","1":"post","2":"type-post","3":"status-publish","4":"format-standard","5":"has-post-thumbnail","7":"category-ulkomaat","8":"tag-breaking-news","9":"tag-breakingnews","10":"tag-featured-news","11":"tag-featurednews","12":"tag-fi","13":"tag-finland","14":"tag-finnish","15":"tag-headlines","16":"tag-helsingin-sanomat","17":"tag-latest-news","18":"tag-latestnews","19":"tag-main-news","20":"tag-mainnews","21":"tag-news","22":"tag-otsikot","23":"tag-paauutiset","24":"tag-suomi","25":"tag-top-stories","26":"tag-topstories","27":"tag-ulkomaat","28":"tag-uutiset","29":"tag-world","30":"tag-world-news","31":"tag-worldnews"},"share_on_mastodon":{"url":"https:\/\/pubeurope.com\/@fi\/115667436040278558","error":""},"_links":{"self":[{"href":"https:\/\/www.europesays.com\/fi\/wp-json\/wp\/v2\/posts\/108492","targetHints":{"allow":["GET"]}}],"collection":[{"href":"https:\/\/www.europesays.com\/fi\/wp-json\/wp\/v2\/posts"}],"about":[{"href":"https:\/\/www.europesays.com\/fi\/wp-json\/wp\/v2\/types\/post"}],"author":[{"embeddable":true,"href":"https:\/\/www.europesays.com\/fi\/wp-json\/wp\/v2\/users\/2"}],"replies":[{"embeddable":true,"href":"https:\/\/www.europesays.com\/fi\/wp-json\/wp\/v2\/comments?post=108492"}],"version-history":[{"count":0,"href":"https:\/\/www.europesays.com\/fi\/wp-json\/wp\/v2\/posts\/108492\/revisions"}],"wp:featuredmedia":[{"embeddable":true,"href":"https:\/\/www.europesays.com\/fi\/wp-json\/wp\/v2\/media\/108493"}],"wp:attachment":[{"href":"https:\/\/www.europesays.com\/fi\/wp-json\/wp\/v2\/media?parent=108492"}],"wp:term":[{"taxonomy":"category","embeddable":true,"href":"https:\/\/www.europesays.com\/fi\/wp-json\/wp\/v2\/categories?post=108492"},{"taxonomy":"post_tag","embeddable":true,"href":"https:\/\/www.europesays.com\/fi\/wp-json\/wp\/v2\/tags?post=108492"}],"curies":[{"name":"wp","href":"https:\/\/api.w.org\/{rel}","templated":true}]}}