{"id":108502,"date":"2025-12-05T14:49:10","date_gmt":"2025-12-05T14:49:10","guid":{"rendered":"https:\/\/www.europesays.com\/fi\/108502\/"},"modified":"2025-12-05T14:49:10","modified_gmt":"2025-12-05T14:49:10","slug":"sami-jauhojarvi-kertoo-seiskalle-mielipiteensa-juha-peralan-alatyylisista-huumorijutuista","status":"publish","type":"post","link":"https:\/\/www.europesays.com\/fi\/108502\/","title":{"rendered":"Sami Jauhoj\u00e4rvi kertoo Seiskalle mielipiteens\u00e4 Juha Per\u00e4l\u00e4n alatyylisist\u00e4 huumorijutuista"},"content":{"rendered":"<p>            Seiskan arkisto\n        <\/p>\n<p class=\"subtitle \">Maastohiihdon olympiavoittaja kommentoi ex-radiot\u00e4hden kohulausuntoja.<\/p>\n<p class=\"article-content article-content-width !bg-background\">Kotimaisella podcast-kent\u00e4ll\u00e4 rellest\u00e4\u00e4 lainsuojaton joukkio, joka suoltaa mit\u00e4 sylki suuhun tuo.<\/p>\n<p class=\"font-weight-bold m-font-weight-bold article-content article-content-width !bg-background\">Videolla analyysia Juha Per\u00e4l\u00e4n ulosotoista &amp; j\u00e4ttiveloista:<\/p>\n<p class=\"article-content article-content-width !bg-background\">Kyseess\u00e4 on  is\u00e4nn\u00f6im\u00e4 G\u00e4mblers Cast, jossa verbaalista tulitukea tarjoavat  ja .<\/p>\n<p class=\"article-content article-content-width !bg-background\">Kohukolmikon kohukommenteista on p\u00f6yristytty ja pahastuttu laajalti.<\/p>\n<p>        <a itemprop=\"url\" href=\"https:\/\/www.seiska.fi\/kotimaa\/aleksi-valavuoren-tulot-tasan-pyorea-nolla-nain-tienasivat-kalle-palander-ja-juha-perala\/1989945\" rel=\"nofollow noopener\" target=\"_blank\"><\/p>\n<p>\nN\u00e4in tienasivat Kalle ja Juha\n<\/p>\n<p class=\"section-date\">\n        <strong class=\"article-section\" data-section=\"kotimaa\"><br \/>\n            kotimaa<br \/>\n        <\/strong><br \/>\n        12.11. 13:29\n    <\/p>\n<p>Aleksi Valavuoren tulot tasan py\u00f6re\u00e4 nolla \u2013 n\u00e4in tienasivat Kalle Palander ja Juha Per\u00e4l\u00e4\n    <\/p>\n<p itemprop=\"description\" class=\"subtitle \">\n    Kolme cowboy&#8217;ta tekee Suomen suosituinta podcastia.\n<\/p>\n<p>        <\/a><\/p>\n<p>Kallelle k\u00e4vi kylm\u00e4t<\/p>\n<p class=\"article-content article-content-width !bg-background\">Tuoreessa muistissa on, kuinka Kalle kommentoi seksuaaliss\u00e4vytteisesti  sek\u00e4 erityisesti .<\/p>\n<p class=\"article-content article-content-width !bg-background\">Sen j\u00e4lkeen Palanderin ei en\u00e4\u00e4 tarvinnutkaan palata Yleisradion hommiin.<\/p>\n<p>                <img decoding=\"async\" src=\"https:\/\/www.europesays.com\/fi\/wp-content\/uploads\/2025\/12\/2012722.webp\" width=\"576\" height=\"720\" alt=\"Kalle Palander on alppihiihdon maailmanmestari ja Ylelt\u00e4 potkut saanut hupiveikko.\" loading=\"lazy\" \/>            <\/p>\n<p>\n            Kalle Palander on alppihiihdon maailmanmestari ja Ylelt\u00e4 potkut saanut hupiveikko.<br \/>\n            Timo Korhonen\n        <\/p>\n<p>Sami silm\u00e4tikkkuna<\/p>\n<p class=\"article-content article-content-width !bg-background\">T\u00e4ll\u00e4 kertaa valokeilassa on Suomipopilta tuttu Juha Per\u00e4l\u00e4, jonka radiouran on raportoitu olleen vaakalaudalla.<\/p>\n<p class=\"article-content article-content-width !bg-background\">Juupajoen per\u00e4metsien mies on viime aikoina keikkunut otsikoissa l\u00e4hinn\u00e4 valtavien verovelkojensa tiimoilta.<\/p>\n<p>        <a itemprop=\"url\" href=\"https:\/\/www.seiska.fi\/vain-seiskassa\/uutta-tietoa-juha-peralan-jattiveloista\/1997271\" rel=\"nofollow noopener\" target=\"_blank\"><\/p>\n<p>\nJuha Per\u00e4l\u00e4n velat\n<\/p>\n<p class=\"section-date\">\n        <strong class=\"article-section\" data-section=\"vain seiskassa\"><br \/>\n            vain seiskassa<br \/>\n        <\/strong><br \/>\n        21.11. 05:00\n    <\/p>\n<p>Uutta tietoa Juha Per\u00e4l\u00e4n j\u00e4ttiveloista\n    <\/p>\n<p itemprop=\"description\" class=\"subtitle \">\n    Suosikkijuontajan raha-asiat puhuttavat.\n<\/p>\n<p>        <\/a><\/p>\n<p class=\"article-content article-content-width !bg-background\">G\u00e4mblers Castiss\u00e4 Per\u00e4l\u00e4 on ottanut silm\u00e4tikukseen maastohiihdon olympiavoittaja .<\/p>\n<p>                <img decoding=\"async\" src=\"https:\/\/www.europesays.com\/fi\/wp-content\/uploads\/2025\/12\/2012732.webp\" width=\"576\" height=\"596\" alt=\"Juha Per\u00e4l\u00e4n mielest\u00e4 Sami Jauhoj\u00e4rven hiihtouran p\u00e4\u00e4ttyminen oli \u201csuuri suomalainen urheiluteko.\u201d\" loading=\"lazy\" \/>            <\/p>\n<p>\n            Juha Per\u00e4l\u00e4n mielest\u00e4 Sami Jauhoj\u00e4rven hiihtouran p\u00e4\u00e4ttyminen oli \u201csuuri suomalainen urheiluteko.\u201d<br \/>\n            Pasi Murto\n        <\/p>\n<p>\u201cRaidasi Iivon dickill\u00e4\u201d<\/p>\n<p class=\"article-content article-content-width !bg-background\">Hiljattain Per\u00e4l\u00e4 keksi yhdist\u00e4\u00e4 G\u00e4mblers Castissa Sami Jauhoj\u00e4rven hiihtosaavutuksen  intiimialueisiin.<\/p>\n<p>        <a itemprop=\"url\" href=\"https:\/\/www.seiska.fi\/kotimaa\/juha-perala-ulos-radiosta\/1938520\" rel=\"nofollow noopener\" target=\"_blank\"><\/p>\n<p>\nJuha Per\u00e4l\u00e4\n<\/p>\n<p class=\"section-date\">\n        <strong class=\"article-section\" data-section=\"kotimaa\"><br \/>\n            kotimaa<br \/>\n        <\/strong><br \/>\n        22.9. 16:00\n    <\/p>\n<p>Juha Per\u00e4l\u00e4 ulos radiosta!\n    <\/p>\n<p itemprop=\"description\" class=\"subtitle \">\n    Vaikka Suomipopin ohjelmap\u00e4\u00e4llikk\u00f6 kertoo Juhan olevan lomalla, ei Juhan jatkosta ole kuitenkaan mit\u00e4\u00e4n t\u00e4ytt\u00e4 varmuutta.\n<\/p>\n<p>        <\/a><\/p>\n<p class=\"article-content article-content-width !bg-background\">\u201cPeris\u201d antoi esimerkin huumoristaan toteamalla, ett\u00e4 oikeastaan Mustin olympiakultamitali pit\u00e4isi muotoilla Iivon sukuelimen muotoiseksi.<\/p>\n<p>\n            Se olisi muistutus Sami Jauhoj\u00e4rvelle, ett\u00e4 s\u00e4 et ansainnut sit\u00e4.\n            <\/p>\n<p class=\"article-content article-content-width !bg-background\">\u2013 Se olisi muistutus Sami Jauhoj\u00e4rvelle, ett\u00e4 s\u00e4 et ansainnut sit\u00e4. Vaan Iivo teki t\u00e4n sulle, Per\u00e4l\u00e4 sanoi.<\/p>\n<p class=\"article-content article-content-width !bg-background\">Per\u00e4l\u00e4 my\u00f6s kuvaili Mustin \u201craidanneen Iivon dickill\u00e4\u201d olympiakultaan.<\/p>\n<p>                <img decoding=\"async\" src=\"https:\/\/www.europesays.com\/fi\/wp-content\/uploads\/2025\/12\/2012745.webp\" width=\"576\" height=\"605\" alt=\"Kuka tahansa olisi pystynyt samaan? Sami Jauhoj\u00e4rvi saavutti olympiakultaa Iivo Niskasen kanssa.\" loading=\"lazy\" \/>            <\/p>\n<p>\n            Kuka tahansa olisi pystynyt samaan? Sami Jauhoj\u00e4rvi saavutti olympiakultaa Iivo Niskasen kanssa.<\/p>\n<p>Nyt puhuu Musti<\/p>\n<p class=\"article-content article-content-width !bg-background\">Seiska tapasi Sami Jauhoj\u00e4rven ja kys\u00e4isi karpaasilta, mit\u00e4 mielt\u00e4 olympiavoittaja on Per\u00e4l\u00e4n huumorijutuista.<\/p>\n<p class=\"article-content article-content-width !bg-background\">Mustin katse oli paljonpuhuva, kun h\u00e4n kuuli, mink\u00e4laisia juttuja Per\u00e4l\u00e4 h\u00e4nest\u00e4 oikein laukoo kaikelle kansalle.<\/p>\n<p>        <a itemprop=\"url\" href=\"https:\/\/www.seiska.fi\/kotimaa\/maanviljelija-anne-mari-riisui-haalarinsa-ja-loksautti-leuat-kuin-victorias-secretissa\/2009136\" rel=\"nofollow noopener\" target=\"_blank\"><\/p>\n<p>\nMaanviljelij\u00e4 riisui haalarinsa\n<\/p>\n<p class=\"section-date\">\n        <strong class=\"article-section\" data-section=\"kotimaa\"><br \/>\n            kotimaa<br \/>\n        <\/strong><br \/>\n        2.12. 18:00\n    <\/p>\n<p>Maanviljelij\u00e4 Anne-Mari riisui haalarinsa ja loksautti leuat: \u201cKuin Victoria\u2019s Secretiss\u00e4\u201d\n    <\/p>\n<p itemprop=\"description\" class=\"subtitle \">\n    Anne-Mari Tarkkio s\u00e4v\u00e4ytti korusarjan muotin\u00e4yt\u00f6ksess\u00e4 Helsingiss\u00e4.\n<\/p>\n<p>        <\/a><\/p>\n<p class=\"article-content article-content-width !bg-background\">\u2013 Mie en hirve\u00e4sti kuuntele podcasteja, niin en ollut t\u00e4llaisesta ollenkaan tietoinen.<\/p>\n<p class=\"article-content article-content-width !bg-background\">\u2013 Ne olympiak\u00e4vij\u00e4t voivat huudella siell\u00e4 mit\u00e4 haluavat. Mutta p\u00e4\u00e4sia, ett\u00e4 saivat sent\u00e4\u00e4n nimen oikein, Musti murjaisee.<\/p>\n<p>                <img decoding=\"async\" src=\"https:\/\/www.europesays.com\/fi\/wp-content\/uploads\/2025\/12\/2012747.webp\" width=\"576\" height=\"629\" alt=\"Seiska haastatteli Sami Jauhoj\u00e4rve\u00e4 Lotta Sv\u00e4rd S\u00e4\u00e4ti\u00f6n Lupaus-korusarjan muotin\u00e4yt\u00f6ksess\u00e4.\" loading=\"lazy\" \/>            <\/p>\n<p>\n            Seiska haastatteli Sami Jauhoj\u00e4rve\u00e4 Lotta Sv\u00e4rd S\u00e4\u00e4ti\u00f6n Lupaus-korusarjan muotin\u00e4yt\u00f6ksess\u00e4.<br \/>\n            Timo Korhonen\n        <\/p>\n<p>\u201cPer\u00e4l\u00e4 pit\u00e4k\u00f6\u00f6t&#8230;\u201d<\/p>\n<p class=\"article-content article-content-width !bg-background\">Per\u00e4l\u00e4n mielest\u00e4 k\u00e4yt\u00e4nn\u00f6ss\u00e4 kuka tahansa sunnuntaihiiht\u00e4j\u00e4 olisi voinut sivakoida Sotshissa Iivon vanavedess\u00e4 parisprintin olympiakultaan.<\/p>\n<p>\n            Jokainen pysyk\u00f6\u00f6t lestiss\u00e4\u00e4n.\n            <\/p>\n<p class=\"article-content article-content-width !bg-background\">Musti ei kuitenkaan suosittele Per\u00e4l\u00e4\u00e4 nousemaan suksien selk\u00e4\u00e4n. Ei edes olympialaisissa, vaikka se helppoa olisikin.<\/p>\n<p class=\"article-content article-content-width !bg-background\">\u2013 En suosittele l\u00e4mpim\u00e4sti. Jokainen pysyk\u00f6\u00f6t lestiss\u00e4\u00e4n.<\/p>\n<p class=\"article-content article-content-width !bg-background\">\u2013 Ja Per\u00e4l\u00e4 pit\u00e4k\u00f6\u00f6n vaan siit\u00e4 mikist\u00e4\u00e4n kiinni, Musti myh\u00e4ilee.<\/p>\n","protected":false},"excerpt":{"rendered":"Seiskan arkisto Maastohiihdon olympiavoittaja kommentoi ex-radiot\u00e4hden kohulausuntoja. Kotimaisella podcast-kent\u00e4ll\u00e4 rellest\u00e4\u00e4 lainsuojaton joukkio, joka suoltaa mit\u00e4 sylki suuhun tuo.&hellip;\n","protected":false},"author":2,"featured_media":108503,"comment_status":"","ping_status":"","sticky":false,"template":"","format":"standard","meta":{"footnotes":""},"categories":[158],"tags":[33,31,30,2530,2095,4298,12269,2527,19939,19938,3318,2776,17775,2923,19936,159,32,2775,20350,16701,160,1700,2757],"class_list":{"0":"post-108502","1":"post","2":"type-post","3":"status-publish","4":"format-standard","5":"has-post-thumbnail","7":"category-urheilu","8":"tag-fi","9":"tag-finland","10":"tag-finnish","11":"tag-gamblers-cast","12":"tag-hiihto","13":"tag-huumori","14":"tag-iivo-niskanen","15":"tag-juha-perala","16":"tag-lotta-svard-saatio","17":"tag-lupaus","18":"tag-maastohiihto","19":"tag-olympialaiset","20":"tag-olympiavoittaja","21":"tag-podcast","22":"tag-sami-jauhojarvi","23":"tag-sports","24":"tag-suomi","25":"tag-talviolympialaiset","26":"tag-torkykommentit","27":"tag-ulosottovelat","28":"tag-urheilu","29":"tag-urheilulaji","30":"tag-velat"},"share_on_mastodon":{"url":"https:\/\/pubeurope.com\/@fi\/115667518945428299","error":""},"_links":{"self":[{"href":"https:\/\/www.europesays.com\/fi\/wp-json\/wp\/v2\/posts\/108502","targetHints":{"allow":["GET"]}}],"collection":[{"href":"https:\/\/www.europesays.com\/fi\/wp-json\/wp\/v2\/posts"}],"about":[{"href":"https:\/\/www.europesays.com\/fi\/wp-json\/wp\/v2\/types\/post"}],"author":[{"embeddable":true,"href":"https:\/\/www.europesays.com\/fi\/wp-json\/wp\/v2\/users\/2"}],"replies":[{"embeddable":true,"href":"https:\/\/www.europesays.com\/fi\/wp-json\/wp\/v2\/comments?post=108502"}],"version-history":[{"count":0,"href":"https:\/\/www.europesays.com\/fi\/wp-json\/wp\/v2\/posts\/108502\/revisions"}],"wp:featuredmedia":[{"embeddable":true,"href":"https:\/\/www.europesays.com\/fi\/wp-json\/wp\/v2\/media\/108503"}],"wp:attachment":[{"href":"https:\/\/www.europesays.com\/fi\/wp-json\/wp\/v2\/media?parent=108502"}],"wp:term":[{"taxonomy":"category","embeddable":true,"href":"https:\/\/www.europesays.com\/fi\/wp-json\/wp\/v2\/categories?post=108502"},{"taxonomy":"post_tag","embeddable":true,"href":"https:\/\/www.europesays.com\/fi\/wp-json\/wp\/v2\/tags?post=108502"}],"curies":[{"name":"wp","href":"https:\/\/api.w.org\/{rel}","templated":true}]}}