{"id":108515,"date":"2025-12-05T15:08:08","date_gmt":"2025-12-05T15:08:08","guid":{"rendered":"https:\/\/www.europesays.com\/fi\/108515\/"},"modified":"2025-12-05T15:08:08","modified_gmt":"2025-12-05T15:08:08","slug":"veera-selanne-taysi-ikaiseksi-sirpa-selanteen-yllattava-huomio","status":"publish","type":"post","link":"https:\/\/www.europesays.com\/fi\/108515\/","title":{"rendered":"Veera Sel\u00e4nne t\u00e4ysi-ik\u00e4iseksi \u2013 Sirpa Sel\u00e4nteen yll\u00e4tt\u00e4v\u00e4 huomio"},"content":{"rendered":"<p>            Matti Matikainen\n        <\/p>\n<p class=\"subtitle \">Veeran t\u00e4ysi-ik\u00e4istyminen merkitsee eri asioita Suomessa ja Atlantin toisella puolella.<\/p>\n<p class=\"article-content article-content-width !bg-background\">L\u00e4tk\u00e4legenda\u00a0ja\u00a0lapsista nuorinkin on saavuttanut t\u00e4ysi-ik\u00e4isyyden. Lapsikatraan kuopus, ainoa tyt\u00e4r\u00a0t\u00e4ytt\u00e4\u00e4 5. joulukuuta 18 vuotta.<\/p>\n<p class=\"font-weight-bold m-font-weight-bold article-content article-content-width !bg-background\">Arkistovideo: T\u00e4m\u00e4n kappaleen Teemu kiekaisisi karaokessa<\/p>\n<p class=\"article-content article-content-width !bg-background\">Veera asuu yh\u00e4 vanhempiensa kanssa, ja eritoten Sirpalla ja h\u00e4nell\u00e4 on paljon yhteisi\u00e4 rientoja.<\/p>\n<p class=\"article-content article-content-width !bg-background\">Siisp\u00e4 ei tullut yll\u00e4tyksen\u00e4, kun Sirpa sulloi Instagram-tilins\u00e4 t\u00e4yteen rakkaan tytt\u00e4rens\u00e4 kuvia syntym\u00e4p\u00e4iv\u00e4n kunniaksi.<\/p>\n<p class=\"article-content article-content-width !bg-background\">Kuvakoosteessa n\u00e4kyy sek\u00e4 tuoreita ett\u00e4 lapsuuden ajan kuvia Veerasta ja muustakin perheess\u00e4. Kuvista n\u00e4kyy, ett\u00e4 rakkaus tennikseen syttyi jo Veeran ollessa taaperoi\u00e4ss\u00e4.<\/p>\n<p>        <a itemprop=\"url\" href=\"https:\/\/www.seiska.fi\/kotimaa\/sirpa-selanne-tarayttaa-tyttarelleen-suorat-sanat-et-saa-ikina-poikaystavaa\/1970741\" rel=\"nofollow noopener\" target=\"_blank\"><\/p>\n<p>\nSirpa Sel\u00e4nne\n<\/p>\n<p class=\"section-date\">\n        <strong class=\"article-section\" data-section=\"kotimaa\"><br \/>\n            kotimaa<br \/>\n        <\/strong><br \/>\n        23.10. 11:28\n    <\/p>\n<p>Sirpa Sel\u00e4nne t\u00e4r\u00e4ytt\u00e4\u00e4 tytt\u00e4relleen suorat sanat: &#8221;Et saa ikin\u00e4 poikayst\u00e4v\u00e4\u00e4&#8221;\n    <\/p>\n<p itemprop=\"description\" class=\"subtitle \">\n    Veera pyysi \u00e4itins\u00e4 somehaasteeseen, joka p\u00e4\u00e4ttyi karuun ennustukseen.\n<\/p>\n<p>        <\/a><\/p>\n<p>Yksi asia toisin<\/p>\n<p class=\"article-content article-content-width !bg-background\">\u00c4idin ja tytt\u00e4ren yhteiskuvia l\u00f6ytyy niit\u00e4kin suuri m\u00e4\u00e4r\u00e4 vuosien varrelta.<\/p>\n<p class=\"article-content article-content-width !bg-background\">\u2013\u00a0Meid\u00e4n ihana rakas ikioma prinsessa t\u00e4ytt\u00e4\u00e4 t\u00e4n\u00e4\u00e4n 18 vuotta,\u00a0Sirpa kertoo kuvasarjan yhteydess\u00e4.<\/p>\n<p class=\"article-content article-content-width !bg-background\">\u2013\u00a0Onnea suomalaiseen t\u00e4ysi-ik\u00e4isyyteen muruseni,\u00a0h\u00e4n jatkaa.<\/p>\n<p class=\"article-content article-content-width !bg-background\">Sirpa tekeekin onnentoivotuksessaan nokkelan huomion. Veera on t\u00e4t\u00e4 nyky\u00e4 Suomessa virallisesti aikuinen; h\u00e4n saa siis \u00e4\u00e4nest\u00e4\u00e4, hankkia ajokortin, ostaa kaupasta miltei kaikkia alkoholijuomia ja yleisestikin p\u00e4\u00e4tt\u00e4\u00e4 omista asioistaan.<\/p>\n<p class=\"article-content article-content-width !bg-background\">Yhdysvalloissa, jota Sel\u00e4nteet asuttavat, tilanne on kuitenkin toinen.<\/p>\n<p class=\"article-content article-content-width !bg-background\">Jenkeiss\u00e4 Veera on saanut istahtaa auton rattiin jo pari vuotta sitten, ja 18-vuotiailla on \u00e4\u00e4nestysoikeus. Viinakaupoille Veeralla ei sen sijaan ole asiaa viel\u00e4 kolmeen vuoteen \u2013 rapakon tuolla puolen alkoholia saa lain mukaan ostaa ja nauttia vasta 21-vuotiaana.<\/p>\n<p>        <a itemprop=\"url\" href=\"https:\/\/www.seiska.fi\/kotimaa\/sirpa-selanteelta-surullinen-tilitys\/1605498\" rel=\"nofollow noopener\" target=\"_blank\"><\/p>\n<p>\nVaikenee yksityiskohdista\n<\/p>\n<p class=\"section-date\">\n        <strong class=\"article-section\" data-section=\"kotimaa\"><br \/>\n            kotimaa<br \/>\n        <\/strong><br \/>\n        7.2. 07:19\n    <\/p>\n<p>Sirpa Sel\u00e4nteelt\u00e4 surullinen tilitys\n    <\/p>\n<p itemprop=\"description\" class=\"subtitle \">\n    Sirpa kertoo tulevansa ik\u00e4v\u00f6im\u00e4\u00e4n tyt\u00e4rt\u00e4\u00e4n.\n<\/p>\n<p>        <\/a><\/p>\n<p>\u00c4idin ja is\u00e4n pikkuinen<\/p>\n<p class=\"article-content article-content-width !bg-background\">Vaikka Veera onkin nyt j\u00e4tt\u00e4nyt lapsuusvuotensa taakseen, muistaa \u00e4iti h\u00e4net tietenkin pikkutytt\u00f6n\u00e4.<\/p>\n<p class=\"article-content article-content-width !bg-background\">\u2013\u00a0Mulle olet aina mun pikkuinen tytt\u00f6, uskollinen yst\u00e4v\u00e4 ja sielun sisko! Kiitos ett\u00e4 olet juuri sellainen kuin olet,\u00a0Sirpa ylist\u00e4\u00e4 tyt\u00e4rt\u00e4\u00e4n onnittelukirjoituksessaan.<\/p>\n<p class=\"article-content article-content-width !bg-background\">Veera juhlisti syntt\u00e4rionneaan jo aamulla Suomen aikaa Instagram-tarinoissaan. H\u00e4n julkaisi herttaisen lapsuuskuvan, jonka yhteyteen h\u00e4n lis\u00e4si ytimekk\u00e4\u00e4sti tiedotteen &#8221;18v&#8221;. Julkaisussa h\u00e4n ihmetteli my\u00f6s englanniksi, mihin aika onkaan kadonnut.<\/p>\n<p class=\"article-content article-content-width !bg-background\">Niin ik\u00e4\u00e4n Teemu juhlisti tyt\u00e4rt\u00e4\u00e4n lapsuuskuvalla omissa Instagram-<a href=\"https:\/\/www.instagram.com\/stories\/sel8nneteemu\/\" target=\"_blank\" rel=\"nofollow noopener\">tarinoissaan<\/a>.<\/p>\n<p class=\"article-content article-content-width !bg-background\">\u2013 Hyv\u00e4\u00e4 syntym\u00e4p\u00e4iv\u00e4\u00e4 pikku tyt\u00f6lleni, Teemu toivotti englanniksi.<\/p>\n<p>        <a itemprop=\"url\" href=\"https:\/\/www.seiska.fi\/kotimaa\/sirpalla-mykistava-biletyyli-nain-hulppeasti-selanteet-juhlistivat-uuttavuotta\/1568127\" rel=\"nofollow noopener\" target=\"_blank\"><\/p>\n<p class=\"section-date\">\n        <strong class=\"article-section\" data-section=\"kotimaa\"><br \/>\n            kotimaa<br \/>\n        <\/strong><br \/>\n        2.1. 11:57\n    <\/p>\n<p>Sirpalla mykist\u00e4v\u00e4 biletyyli! N\u00e4in hulppeasti Sel\u00e4nteet juhlistivat uuttavuotta\n    <\/p>\n<p itemprop=\"description\" class=\"subtitle \">\n    Sel\u00e4nteet is\u00e4nn\u00f6iv\u00e4t uudenvuodenpippaloita Selanne Steak House -pihviravintolassaan.\n<\/p>\n<p>        <\/a><\/p>\n<p><script async src=\"\/\/www.instagram.com\/embed.js\"><\/script><\/p>\n","protected":false},"excerpt":{"rendered":"Matti Matikainen Veeran t\u00e4ysi-ik\u00e4istyminen merkitsee eri asioita Suomessa ja Atlantin toisella puolella. L\u00e4tk\u00e4legenda\u00a0ja\u00a0lapsista nuorinkin on saavuttanut t\u00e4ysi-ik\u00e4isyyden. Lapsikatraan&hellip;\n","protected":false},"author":2,"featured_media":108516,"comment_status":"","ping_status":"","sticky":false,"template":"","format":"standard","meta":{"footnotes":""},"categories":[136],"tags":[407,137,33,31,30,408,3374,32,410,20351,3375,1700,4299,109],"class_list":{"0":"post-108515","1":"post","2":"type-post","3":"status-publish","4":"format-standard","5":"has-post-thumbnail","7":"category-julkkikset","8":"tag-celebrities","9":"tag-entertainment","10":"tag-fi","11":"tag-finland","12":"tag-finnish","13":"tag-julkkikset","14":"tag-sirpa-selanne","15":"tag-suomi","16":"tag-syntymapaiva","17":"tag-taysi-ikaisyys","18":"tag-teemu-selanne","19":"tag-urheilulaji","20":"tag-veera-selanne","21":"tag-viihde"},"share_on_mastodon":{"url":"https:\/\/pubeurope.com\/@fi\/115667593128675726","error":""},"_links":{"self":[{"href":"https:\/\/www.europesays.com\/fi\/wp-json\/wp\/v2\/posts\/108515","targetHints":{"allow":["GET"]}}],"collection":[{"href":"https:\/\/www.europesays.com\/fi\/wp-json\/wp\/v2\/posts"}],"about":[{"href":"https:\/\/www.europesays.com\/fi\/wp-json\/wp\/v2\/types\/post"}],"author":[{"embeddable":true,"href":"https:\/\/www.europesays.com\/fi\/wp-json\/wp\/v2\/users\/2"}],"replies":[{"embeddable":true,"href":"https:\/\/www.europesays.com\/fi\/wp-json\/wp\/v2\/comments?post=108515"}],"version-history":[{"count":0,"href":"https:\/\/www.europesays.com\/fi\/wp-json\/wp\/v2\/posts\/108515\/revisions"}],"wp:featuredmedia":[{"embeddable":true,"href":"https:\/\/www.europesays.com\/fi\/wp-json\/wp\/v2\/media\/108516"}],"wp:attachment":[{"href":"https:\/\/www.europesays.com\/fi\/wp-json\/wp\/v2\/media?parent=108515"}],"wp:term":[{"taxonomy":"category","embeddable":true,"href":"https:\/\/www.europesays.com\/fi\/wp-json\/wp\/v2\/categories?post=108515"},{"taxonomy":"post_tag","embeddable":true,"href":"https:\/\/www.europesays.com\/fi\/wp-json\/wp\/v2\/tags?post=108515"}],"curies":[{"name":"wp","href":"https:\/\/api.w.org\/{rel}","templated":true}]}}