{"id":108521,"date":"2025-12-05T15:15:12","date_gmt":"2025-12-05T15:15:12","guid":{"rendered":"https:\/\/www.europesays.com\/fi\/108521\/"},"modified":"2025-12-05T15:15:12","modified_gmt":"2025-12-05T15:15:12","slug":"minja-korhonen-ja-heta-hirvonen-aloittivat-kautensa-hienosti","status":"publish","type":"post","link":"https:\/\/www.europesays.com\/fi\/108521\/","title":{"rendered":"Minja Korhonen ja Heta Hirvonen aloittivat kautensa hienosti"},"content":{"rendered":"<p><strong class=\"typography-bold\">Minja Korhonen, 18, ja Heta Hirvonen, 17, hiihtiv\u00e4t molemmat kymmenen parhaan joukkoon naisten yhdistetyn maailmancupin avauskisassa Trondheimissa.<\/strong><\/p>\n<p>Hirvonen p\u00e4\u00e4si hiihto-osuudelle erinomaisista asemista (+0.58), kun h\u00e4n sijoittui m\u00e4kiosuudella toiseksi. Korhonen oli m\u00e4kiosuuden seitsem\u00e4s (+1.38).<\/p>\n<p>Hiihto-osuudella Korhonen paransi asemiaan ja hiihti maaliin lopulta viidenten\u00e4. H\u00e4n j\u00e4i kisan voittaneelle <strong class=\"typography-bold\">Ida Marie Hagenille<\/strong> 55,7 sekuntia.<\/p>\n<p>Hirvonen oli kisassa yhdeks\u00e4s (+1.22,2). Sijoitus oli Hirvoselle h\u00e4nen uransa toistaiseksi paras maailmancupissa.<\/p>\n<p>Hagenin lis\u00e4ksi kisan k\u00e4rkikolmikon t\u00e4ydensiv\u00e4t Saksan <strong class=\"typography-bold\">Nathalie Armbruster<\/strong> ja USA:n <strong class=\"typography-bold\">Alexa Brabec<\/strong>.<\/p>\n","protected":false},"excerpt":{"rendered":"Minja Korhonen, 18, ja Heta Hirvonen, 17, hiihtiv\u00e4t molemmat kymmenen parhaan joukkoon naisten yhdistetyn maailmancupin avauskisassa Trondheimissa. Hirvonen&hellip;\n","protected":false},"author":2,"featured_media":108522,"comment_status":"","ping_status":"","sticky":false,"template":"","format":"standard","meta":{"footnotes":""},"categories":[158],"tags":[33,31,30,159,32,160],"class_list":{"0":"post-108521","1":"post","2":"type-post","3":"status-publish","4":"format-standard","5":"has-post-thumbnail","7":"category-urheilu","8":"tag-fi","9":"tag-finland","10":"tag-finnish","11":"tag-sports","12":"tag-suomi","13":"tag-urheilu"},"share_on_mastodon":{"url":"https:\/\/pubeurope.com\/@fi\/115667620749282237","error":""},"_links":{"self":[{"href":"https:\/\/www.europesays.com\/fi\/wp-json\/wp\/v2\/posts\/108521","targetHints":{"allow":["GET"]}}],"collection":[{"href":"https:\/\/www.europesays.com\/fi\/wp-json\/wp\/v2\/posts"}],"about":[{"href":"https:\/\/www.europesays.com\/fi\/wp-json\/wp\/v2\/types\/post"}],"author":[{"embeddable":true,"href":"https:\/\/www.europesays.com\/fi\/wp-json\/wp\/v2\/users\/2"}],"replies":[{"embeddable":true,"href":"https:\/\/www.europesays.com\/fi\/wp-json\/wp\/v2\/comments?post=108521"}],"version-history":[{"count":0,"href":"https:\/\/www.europesays.com\/fi\/wp-json\/wp\/v2\/posts\/108521\/revisions"}],"wp:featuredmedia":[{"embeddable":true,"href":"https:\/\/www.europesays.com\/fi\/wp-json\/wp\/v2\/media\/108522"}],"wp:attachment":[{"href":"https:\/\/www.europesays.com\/fi\/wp-json\/wp\/v2\/media?parent=108521"}],"wp:term":[{"taxonomy":"category","embeddable":true,"href":"https:\/\/www.europesays.com\/fi\/wp-json\/wp\/v2\/categories?post=108521"},{"taxonomy":"post_tag","embeddable":true,"href":"https:\/\/www.europesays.com\/fi\/wp-json\/wp\/v2\/tags?post=108521"}],"curies":[{"name":"wp","href":"https:\/\/api.w.org\/{rel}","templated":true}]}}