{"id":108543,"date":"2025-12-05T15:46:10","date_gmt":"2025-12-05T15:46:10","guid":{"rendered":"https:\/\/www.europesays.com\/fi\/108543\/"},"modified":"2025-12-05T15:46:10","modified_gmt":"2025-12-05T15:46:10","slug":"elon-muskin-x-saa-mojovat-sakot-eulta-j-d-vancen-kuppi-nurin-eun-pitaisi-tukea-sananvapautta","status":"publish","type":"post","link":"https:\/\/www.europesays.com\/fi\/108543\/","title":{"rendered":"Elon Muskin X saa mojovat sakot EU:lta \u2013 J. D. Vancen kuppi nurin: \u201dEU:n pit\u00e4isi tukea sananvapautta\u201d"},"content":{"rendered":"<p>EU-komissio ly\u00f6 120 miljoonan euron sakot miljard\u00f6\u00f6ri<strong> Elon Muskin<\/strong> viestipalvelu X:lle eli entiselle Twitterille.<\/p>\n<p>Rikkomukset koskevat alustan sinisen varmennusmerkin harhaanjohtavuutta, mainosrekisterin puutteellista l\u00e4pin\u00e4kyvyytt\u00e4 sek\u00e4 tutkijoille tarjottavan julkisen datan saatavuuden laiminly\u00f6nti\u00e4, komissio kertoi perjantaina.<\/p>\n<p>EU:n mukaan esimerkiksi alustan verifioitujen eli k\u00e4ytt\u00e4jien \u201dvarmennettujen\u201d tilien siniset merkit johtavat kuluttajia harhaan, koska kuka tahansa voi saada sellaisen maksamalla rahaa.<\/p>\n<p>Kyse on ensimm\u00e4isest\u00e4 EU:n digipalvelus\u00e4\u00e4d\u00f6ksen (DSA) nojalla antamasta sakosta. Tutkinta asiasta alkoi joulukuussa 2023.<\/p>\n<p>Komissiolla on k\u00e4ynniss\u00e4 my\u00f6s toinen, erillinen tutkinta X:n algoritmeista. Komission virkamies kertoi perjantaina, ett\u00e4 t\u00e4m\u00e4 tutkinta on yh\u00e4 kesken. T\u00e4ss\u00e4 tutkinnassa kyse on siit\u00e4, ett\u00e4 X:n ep\u00e4ill\u00e4\u00e4n manipuloivan alustan toimintaa niin, ett\u00e4 \u00e4\u00e4rioikeistolaiset julkaisut ja poliitikot saavat suurempaa n\u00e4kyvyytt\u00e4 kuin muut poliittiset ryhmittym\u00e4t.<\/p>\n<p>Digiasioista vastaava suomalaiskomissaari <strong>Henna Virkkunen<\/strong> kommentoi p\u00e4\u00e4t\u00f6st\u00e4 perjantaina.<\/p>\n<p>-\u2009Harhaanjohtavat siniset varmennusmerkit, mainostietojen h\u00e4ivytt\u00e4minen ja tutkijoiden sulkeminen ulkopuolelle eiv\u00e4t kuulu EU:n verkkoymp\u00e4rist\u00f6\u00f6n, Virkkunen sanoo tiedotteessa.<\/p>\n<p>-\u2009DSA:n ensimm\u00e4isell\u00e4 rikkomusp\u00e4\u00e4t\u00f6ksell\u00e4 asetamme X:n vastuuseen k\u00e4ytt\u00e4jien oikeuksien heikent\u00e4misest\u00e4 ja vastuunkannon v\u00e4lttelyst\u00e4, Virkkunen jatkaa.<\/p>\n<p><strong>YHDYSVALTAIN<\/strong> presidentin <strong>Donald Trumpin<\/strong> ja amerikkalaisten teknologiaj\u00e4ttien suhteet ovat l\u00e4heiset, joten p\u00e4\u00e4t\u00f6ksell\u00e4 voi olla vaikutuksia Yhdysvaltain ja EU:n valmiiksi j\u00e4nnitteisiin suhteisiin.<\/p>\n<p>Yhdysvallat on vaatinut EU:ta luopumaan amerikkalaisten teknologiaj\u00e4ttien s\u00e4\u00e4ntelyst\u00e4 ja yhdist\u00e4nyt sen my\u00f6s tullineuvotteluihin unionin kanssa. Yhdysvaltoja on \u00e4rsytt\u00e4nyt muun muassa digipalveluiden verotus EU:ssa.<\/p>\n<p>Brysseliss\u00e4 marraskuussa vieraillut Yhdysvaltain kauppaministeri <strong>Howard Lutnick<\/strong> on avoimesti todennut, ett\u00e4 EU:n pit\u00e4isi harkita digij\u00e4ttien s\u00e4\u00e4ntely\u00e4 uudelleen, mik\u00e4li se haluaa Yhdysvaltojen alentavan ter\u00e4kselle ja alumiinille asetettuja tulleja.<\/p>\n<p>EU on taas sanonut, ett\u00e4 sen digialustoja koskeva lains\u00e4\u00e4d\u00e4nt\u00f6 ei ole neuvottelukysymys.<\/p>\n<p>Yhdysvaltain varapresidentti <strong>J. D. Vance<\/strong> ilmaisi jo \u00e4rtymyksens\u00e4 sakoista X:lle.<\/p>\n<p>-\u2009EU:n pit\u00e4isi tukea sananvapautta eik\u00e4 iske\u00e4 yhdysvaltalaisia yrityksi\u00e4 vastaan roskan vuoksi, Vance kirjoitti <a href=\"https:\/\/x.com\/JDVance\/status\/1996701953372704921\" rel=\"nofollow\">X:ss\u00e4<\/a> ennen kuin komission p\u00e4\u00e4t\u00f6s tuli julkiseksi.<\/p>\n<p>EU-komission mukaan kyse ei ole sensuurista. Komission tiedottaja <strong>Thomas Regnier<\/strong> huomautti, ett\u00e4 perjantain p\u00e4\u00e4t\u00f6ksess\u00e4 ei my\u00f6sk\u00e4\u00e4n ole kyse mink\u00e4\u00e4nlaisesta alustan sis\u00e4ll\u00f6n moderoinnista, vaan muun muassa alustan l\u00e4pin\u00e4kyvyyteen liittyvist\u00e4 kysymyksist\u00e4.<\/p>\n","protected":false},"excerpt":{"rendered":"EU-komissio ly\u00f6 120 miljoonan euron sakot miljard\u00f6\u00f6ri Elon Muskin viestipalvelu X:lle eli entiselle Twitterille. Rikkomukset koskevat alustan sinisen&hellip;\n","protected":false},"author":2,"featured_media":108544,"comment_status":"","ping_status":"","sticky":false,"template":"","format":"standard","meta":{"footnotes":""},"categories":[76],"tags":[79,77,33,31,30,32,78],"class_list":{"0":"post-108543","1":"post","2":"type-post","3":"status-publish","4":"format-standard","5":"has-post-thumbnail","7":"category-talous","8":"tag-business","9":"tag-economy","10":"tag-fi","11":"tag-finland","12":"tag-finnish","13":"tag-suomi","14":"tag-talous"},"share_on_mastodon":{"url":"https:\/\/pubeurope.com\/@fi\/115667742544968888","error":""},"_links":{"self":[{"href":"https:\/\/www.europesays.com\/fi\/wp-json\/wp\/v2\/posts\/108543","targetHints":{"allow":["GET"]}}],"collection":[{"href":"https:\/\/www.europesays.com\/fi\/wp-json\/wp\/v2\/posts"}],"about":[{"href":"https:\/\/www.europesays.com\/fi\/wp-json\/wp\/v2\/types\/post"}],"author":[{"embeddable":true,"href":"https:\/\/www.europesays.com\/fi\/wp-json\/wp\/v2\/users\/2"}],"replies":[{"embeddable":true,"href":"https:\/\/www.europesays.com\/fi\/wp-json\/wp\/v2\/comments?post=108543"}],"version-history":[{"count":0,"href":"https:\/\/www.europesays.com\/fi\/wp-json\/wp\/v2\/posts\/108543\/revisions"}],"wp:featuredmedia":[{"embeddable":true,"href":"https:\/\/www.europesays.com\/fi\/wp-json\/wp\/v2\/media\/108544"}],"wp:attachment":[{"href":"https:\/\/www.europesays.com\/fi\/wp-json\/wp\/v2\/media?parent=108543"}],"wp:term":[{"taxonomy":"category","embeddable":true,"href":"https:\/\/www.europesays.com\/fi\/wp-json\/wp\/v2\/categories?post=108543"},{"taxonomy":"post_tag","embeddable":true,"href":"https:\/\/www.europesays.com\/fi\/wp-json\/wp\/v2\/tags?post=108543"}],"curies":[{"name":"wp","href":"https:\/\/api.w.org\/{rel}","templated":true}]}}