{"id":108547,"date":"2025-12-05T15:48:09","date_gmt":"2025-12-05T15:48:09","guid":{"rendered":"https:\/\/www.europesays.com\/fi\/108547\/"},"modified":"2025-12-05T15:48:09","modified_gmt":"2025-12-05T15:48:09","slug":"tampereen-sarjavalittaja-mika-roivas-tuomittiin-elainsuojelurikoksesta","status":"publish","type":"post","link":"https:\/\/www.europesays.com\/fi\/108547\/","title":{"rendered":"Tampereen \u201dsarjavalittaja\u201d Mika Roivas tuomittiin el\u00e4insuojelurikoksesta"},"content":{"rendered":"<p>Tuomion mukaan mies aiheutti koiralleen tarpeetonta kipua ja k\u00e4rsimyst\u00e4. \u201dSarjavalittaja\u201d aikoo valittaa my\u00f6s tuomiostaan.<\/p>\n<p class=\"article-body mb-nof-24 px-nof-16\">Tampereen kuuluisa sarjavalittaja <a class=\"article-personlink\" href=\"https:\/\/www.is.fi\/haku\/?query=Mika%20Kristian%20Roivas\" rel=\"nofollow noopener\" target=\"_blank\">Mika Kristian Roivas<\/a> on tuomittu sakkorangaistukseen el\u00e4insuojelurikoksesta. Tuomion mukaan Roivas aiheutti Ressi-koiralleen tarpeetonta kipua ja k\u00e4rsimyst\u00e4.<\/p>\n<p class=\"article-body mb-nof-24 px-nof-16\">Roivas on saanut valtakunnallista kuuluisuutta tehtailemalla yli sata valitusta enimm\u00e4kseen Tampereen tontteja ja kiinteist\u00f6j\u00e4 koskevista p\u00e4\u00e4t\u00f6ksist\u00e4. Valitusten takia useampi omakotitalojen rakennushanke on jumissa.<\/p>\n<p class=\"article-body mb-nof-24 px-nof-16\">Tampere perui sarjavalittajan oikaisuvaatimuksen takia hakemuksen j\u00e4\u00e4kiekon World Cupin j\u00e4rjest\u00e4misest\u00e4. Eppu Normaalin omistaman tapahtumaj\u00e4rjest\u00e4j\u00e4n Akun Tehtaan toimintojen siirto Yl\u00f6j\u00e4rvelt\u00e4 Tampereelle on j\u00e4iss\u00e4. Ja niin edelleen.<\/p>\n<p class=\"article-body mb-nof-24 px-nof-16\">Lue lis\u00e4\u00e4: <a class=\"article-genericlink\" href=\"https:\/\/www.is.fi\/tampereen-seutu\/art-2000011651225.html\" rel=\"nofollow noopener\" target=\"_blank\">HS: \u201dSarjavalittaja\u201d Mika pommittaa kaupunkia oikaisu\u00advaatimuksilla \u2013 kertoo nyt, miksi<\/a><\/p>\n<p class=\"article-body mb-nof-24 px-nof-16\">Roivas sai valittamisen aihetta my\u00f6s k\u00e4r\u00e4j\u00e4oikeudesta. H\u00e4net tuomittiin sakkorangaistukseen el\u00e4insuojelurikoksesta. Syytteen mukaan Roivas on tahallaan tai t\u00f6rke\u00e4\u00e4 huolimattomuuttaan j\u00e4tt\u00e4nyt omistamansa Ressi-koiran vaille tarpeellista hoitoa tai muuten kohdellut koiraa tarpeetonta kipua ja k\u00e4rsimyst\u00e4 aiheuttaen.<\/p>\n<p class=\"article-body mb-nof-24 px-nof-16\">\u2013 Roivas on laiminly\u00f6nyt velvollisuutta hankkia viipym\u00e4tt\u00e4 asianmukaista hoitoa sairaalle, kivuista k\u00e4rsineelle koiralle ja lopulta lopettaa t\u00e4m\u00e4 ilman viivytyst\u00e4, totesi syytt\u00e4j\u00e4.<\/p>\n<p class=\"article-body mb-nof-24 px-nof-16\">Koiran sairauksien luettelo on pitk\u00e4. On useita vakavia ortopedisia sairaustiloja, voimakas krooninen virtsarakon tulehdus, joka hoidon laiminly\u00f6nnin seurauksena on edennyt pitk\u00e4lle munuaisiin ja aiheuttanut niiss\u00e4 voimakkaan kroonisen tulehduksen. El\u00e4insuojelu teki Roivaksen asuntoon tarkastuksen 4. syyskuuta 2024.<\/p>\n<p class=\"article-body mb-nof-24 px-nof-16\">\u2013 Tarkastuksella Ressi-koiran k\u00e4vely on ollut eritt\u00e4in vaivalloista ja se on p\u00e4\u00e4ssyt makuultaan yl\u00f6s vain Roivaksen avustuksella, syytt\u00e4j\u00e4 totesi.<\/p>\n<p class=\"article-body mb-nof-24 px-nof-16\">El\u00e4inl\u00e4\u00e4k\u00e4ri tarkasti koiran kunnon 12. syyskuuta. Koiran liikkuminen on haparoivaa. Se ei noussut yl\u00f6s koko toimenpiteen aikana. Todettiin voimakas sivu\u00e4\u00e4ni, poikki oleva oikean polven ristiside, loppuun kuluneita kynsi\u00e4, suuri kiveskasvain ja voimakas ientulehdus.<\/p>\n<p class=\"article-body mb-nof-24 px-nof-16\">El\u00e4inl\u00e4\u00e4k\u00e4ri suositteli varaamaan ajan lopetuspiikille. Mit\u00e4\u00e4n ei tapahtunut. Lopulta valvontael\u00e4inl\u00e4\u00e4k\u00e4ri m\u00e4\u00e4r\u00e4si koiran lopetettavaksi viimeist\u00e4\u00e4n 23. syyskuuta. Rottweiler-rotuinen Ressi lopetettiin yksi p\u00e4iv\u00e4 m\u00e4\u00e4r\u00e4ajan j\u00e4lkeen, 24. syyskuuta.<\/p>\n<p class=\"article-body mb-nof-24 px-nof-16\">Syytteen mukaan Roivas on menettelyll\u00e4\u00e4n tarpeettomasti pitkitt\u00e4nyt koiran k\u00e4rsimyst\u00e4. Pirkanmaan k\u00e4r\u00e4j\u00e4oikeus p\u00e4\u00e4tyi samalle kannalle. Roivas tuomittiin el\u00e4insuojelurikoksesta 60:een 6 euron p\u00e4iv\u00e4sakkoon, eli maksettavaa tuli 360 euroa. Roivaksen avustajan palkkio 1\u202f370 euroa j\u00e4\u00e4 valtion maksettavaksi.<\/p>\n<p class=\"article-body mb-nof-24 px-nof-16\">Sarjavalittajana tunnettu Roivas valittaa tuomiosta hovioikeuteen.<\/p>\n","protected":false},"excerpt":{"rendered":"Tuomion mukaan mies aiheutti koiralleen tarpeetonta kipua ja k\u00e4rsimyst\u00e4. \u201dSarjavalittaja\u201d aikoo valittaa my\u00f6s tuomiostaan. Tampereen kuuluisa sarjavalittaja Mika&hellip;\n","protected":false},"author":2,"featured_media":108548,"comment_status":"","ping_status":"","sticky":false,"template":"","format":"standard","meta":{"footnotes":""},"categories":[12],"tags":[22,23,26,27,33,31,30,17,34,24,25,28,29,15,18,21,32,19,20,16],"class_list":{"0":"post-108547","1":"post","2":"type-post","3":"status-publish","4":"format-standard","5":"has-post-thumbnail","7":"category-suomi","8":"tag-breaking-news","9":"tag-breakingnews","10":"tag-featured-news","11":"tag-featurednews","12":"tag-fi","13":"tag-finland","14":"tag-finnish","15":"tag-headlines","16":"tag-ilta-sanomat","17":"tag-latest-news","18":"tag-latestnews","19":"tag-main-news","20":"tag-mainnews","21":"tag-news","22":"tag-otsikot","23":"tag-paauutiset","24":"tag-suomi","25":"tag-top-stories","26":"tag-topstories","27":"tag-uutiset"},"share_on_mastodon":{"url":"https:\/\/pubeurope.com\/@fi\/115667750353592973","error":""},"_links":{"self":[{"href":"https:\/\/www.europesays.com\/fi\/wp-json\/wp\/v2\/posts\/108547","targetHints":{"allow":["GET"]}}],"collection":[{"href":"https:\/\/www.europesays.com\/fi\/wp-json\/wp\/v2\/posts"}],"about":[{"href":"https:\/\/www.europesays.com\/fi\/wp-json\/wp\/v2\/types\/post"}],"author":[{"embeddable":true,"href":"https:\/\/www.europesays.com\/fi\/wp-json\/wp\/v2\/users\/2"}],"replies":[{"embeddable":true,"href":"https:\/\/www.europesays.com\/fi\/wp-json\/wp\/v2\/comments?post=108547"}],"version-history":[{"count":0,"href":"https:\/\/www.europesays.com\/fi\/wp-json\/wp\/v2\/posts\/108547\/revisions"}],"wp:featuredmedia":[{"embeddable":true,"href":"https:\/\/www.europesays.com\/fi\/wp-json\/wp\/v2\/media\/108548"}],"wp:attachment":[{"href":"https:\/\/www.europesays.com\/fi\/wp-json\/wp\/v2\/media?parent=108547"}],"wp:term":[{"taxonomy":"category","embeddable":true,"href":"https:\/\/www.europesays.com\/fi\/wp-json\/wp\/v2\/categories?post=108547"},{"taxonomy":"post_tag","embeddable":true,"href":"https:\/\/www.europesays.com\/fi\/wp-json\/wp\/v2\/tags?post=108547"}],"curies":[{"name":"wp","href":"https:\/\/api.w.org\/{rel}","templated":true}]}}