{"id":108549,"date":"2025-12-05T15:49:07","date_gmt":"2025-12-05T15:49:07","guid":{"rendered":"https:\/\/www.europesays.com\/fi\/108549\/"},"modified":"2025-12-05T15:49:07","modified_gmt":"2025-12-05T15:49:07","slug":"koira-paasi-karkuun-tampereen-asemalla-kaksi-matkustajajunaa-jai-hieman-aikataulusta","status":"publish","type":"post","link":"https:\/\/www.europesays.com\/fi\/108549\/","title":{"rendered":"Koira p\u00e4\u00e4si karkuun Tampereen asemalla \u2013 kaksi matkustaja\u00adjunaa j\u00e4i hieman aika\u00adtaulusta"},"content":{"rendered":"<p>Junat ajoivat koiran etsint\u00f6jen takia hiljempaa.<\/p>\n<p class=\"article-body mb-nof-24 px-nof-16\">Aamulehti<\/p>\n<p class=\"article-body mb-nof-24 px-nof-16\">Tampereen rautatieasemalla p\u00e4\u00e4si perjantaina iltap\u00e4iv\u00e4ll\u00e4 koira karkuun, mik\u00e4 on aiheuttanut pieni\u00e4 my\u00f6h\u00e4stymisi\u00e4 kahdelle matkustajajunalle.<\/p>\n<p class=\"article-body mb-nof-24 px-nof-16\">Tilannep\u00e4\u00e4llikk\u00f6 <a class=\"article-personlink\" href=\"https:\/\/www.aamulehti.fi\/haku\/?query=Pekka%20Romu\" rel=\"nofollow noopener\" target=\"_blank\">Pekka Romu<\/a> Fintrafficin rataliikenne\u00adkeskuksesta kertoo puoli viiden j\u00e4lkeen iltap\u00e4iv\u00e4ll\u00e4, ett\u00e4 tilanne sattui ihan hiljattain. Koiraa yritettiin etsi\u00e4 asema-alueelta.<\/p>\n<p class=\"article-body mb-nof-24 px-nof-16\">Junat ajoivat koiran etsint\u00f6jen takia hiljempaa, ja kaksi junaa j\u00e4i siksi yhdeks\u00e4n minuuttia aikataulusta.<\/p>\n<p class=\"article-body mb-nof-24 px-nof-16\">Koiraa ei l\u00f6ydetty rautatiealueelta. Romulla ei ollut haastatteluhetkell\u00e4 tietoa, onko omistaja tavoittanut koiran jostain muualta.<\/p>\n<p class=\"article-body mb-nof-24 px-nof-16\">Puoli viiden aikaan junaliikenne kulki jo normaalisti.<\/p>\n","protected":false},"excerpt":{"rendered":"Junat ajoivat koiran etsint\u00f6jen takia hiljempaa. Aamulehti Tampereen rautatieasemalla p\u00e4\u00e4si perjantaina iltap\u00e4iv\u00e4ll\u00e4 koira karkuun, mik\u00e4 on aiheuttanut pieni\u00e4&hellip;\n","protected":false},"author":2,"featured_media":1431,"comment_status":"","ping_status":"","sticky":false,"template":"","format":"standard","meta":{"footnotes":""},"categories":[5],"tags":[157,22,23,26,27,33,31,30,17,24,25,28,29,15,18,21,32,19,20,16],"class_list":{"0":"post-108549","1":"post","2":"type-post","3":"status-publish","4":"format-standard","5":"has-post-thumbnail","7":"category-otsikot","8":"tag-aamulehti","9":"tag-breaking-news","10":"tag-breakingnews","11":"tag-featured-news","12":"tag-featurednews","13":"tag-fi","14":"tag-finland","15":"tag-finnish","16":"tag-headlines","17":"tag-latest-news","18":"tag-latestnews","19":"tag-main-news","20":"tag-mainnews","21":"tag-news","22":"tag-otsikot","23":"tag-paauutiset","24":"tag-suomi","25":"tag-top-stories","26":"tag-topstories","27":"tag-uutiset"},"share_on_mastodon":{"url":"https:\/\/pubeurope.com\/@fi\/115667754259541268","error":""},"_links":{"self":[{"href":"https:\/\/www.europesays.com\/fi\/wp-json\/wp\/v2\/posts\/108549","targetHints":{"allow":["GET"]}}],"collection":[{"href":"https:\/\/www.europesays.com\/fi\/wp-json\/wp\/v2\/posts"}],"about":[{"href":"https:\/\/www.europesays.com\/fi\/wp-json\/wp\/v2\/types\/post"}],"author":[{"embeddable":true,"href":"https:\/\/www.europesays.com\/fi\/wp-json\/wp\/v2\/users\/2"}],"replies":[{"embeddable":true,"href":"https:\/\/www.europesays.com\/fi\/wp-json\/wp\/v2\/comments?post=108549"}],"version-history":[{"count":0,"href":"https:\/\/www.europesays.com\/fi\/wp-json\/wp\/v2\/posts\/108549\/revisions"}],"wp:featuredmedia":[{"embeddable":true,"href":"https:\/\/www.europesays.com\/fi\/wp-json\/wp\/v2\/media\/1431"}],"wp:attachment":[{"href":"https:\/\/www.europesays.com\/fi\/wp-json\/wp\/v2\/media?parent=108549"}],"wp:term":[{"taxonomy":"category","embeddable":true,"href":"https:\/\/www.europesays.com\/fi\/wp-json\/wp\/v2\/categories?post=108549"},{"taxonomy":"post_tag","embeddable":true,"href":"https:\/\/www.europesays.com\/fi\/wp-json\/wp\/v2\/tags?post=108549"}],"curies":[{"name":"wp","href":"https:\/\/api.w.org\/{rel}","templated":true}]}}