{"id":108556,"date":"2025-12-05T16:08:09","date_gmt":"2025-12-05T16:08:09","guid":{"rendered":"https:\/\/www.europesays.com\/fi\/108556\/"},"modified":"2025-12-05T16:08:09","modified_gmt":"2025-12-05T16:08:09","slug":"turvavoissa-kiinni-ollut-mies-hakattiin-turkulainen-kohuottelija-vankilaan","status":"publish","type":"post","link":"https:\/\/www.europesays.com\/fi\/108556\/","title":{"rendered":"Turvav\u00f6iss\u00e4 kiinni ollut mies hakattiin \u2013 Turkulainen kohuottelija vankilaan"},"content":{"rendered":"<p>F2F-illassa n\u00e4htiin iso liuta ottelijoita, joilla on rikostaustaa.<\/p>\n<p><img decoding=\"async\" class=\"image image-show image-preview\" src=\"https:\/\/www.europesays.com\/fi\/wp-content\/uploads\/2025\/12\/5c5320b7a605971371ae85cfd39a7cdddefd35d29e01b3d59dee690ebafcb410.jpg\" alt=\"\"\/><img decoding=\"async\" class=\"image image-show\" src=\"https:\/\/www.europesays.com\/fi\/wp-content\/uploads\/2025\/12\/1764950889_374_5c5320b7a605971371ae85cfd39a7cdddefd35d29e01b3d59dee690ebafcb410.jpg\" alt=\"\"\/><\/p>\n<p>Egzon Ajvazin piti nyrkkeill\u00e4 F2F-illassa, mutta h\u00e4n joutui perumaan ottelun.  Henri K\u00e4rkk\u00e4inen<\/p>\n<p class=\"paragraph\">Auto oli pys\u00e4hdyksiss\u00e4 Turun Varissuolla, kun eteen kurvasi toinen auto. Pian kaksi kamppailu-urheilutaustaista henkil\u00f6\u00e4 avasi parkissa olleen auton matkustajan puolen oven. Turvav\u00f6iss\u00e4 kiinni ollut puolustuskyvyt\u00f6n mies pahoinpideltiin.<\/p>\n<p class=\"paragraph\">Uhri tunnisti pahoinpitelij\u00f6iksi <strong>Egzon Ajvazin<\/strong> ja <strong>Sebastian Johanssonin<\/strong>. Ajvazin oli tarkoitus otella t\u00e4n\u00e4 syksyn\u00e4 F2F Event -nyrkkeilytapahtumassa, mutta h\u00e4n joutui perumaan ottelunsa. Johansson sen sijaan tuli korvaavana ottelijana tapahtumaan ja h\u00e4visi nyrkkeilykeh\u00e4ss\u00e4 <strong>Daniel Forsbergille<\/strong>.<\/p>\n<p class=\"paragraph\">Pahoinpitelyn tapahtumat ulottuvat syksyyn 2021. Asia nousi vireille vasta kes\u00e4ll\u00e4 2023, ja siit\u00e4 alkoi k\u00e4r\u00e4j\u00e4oikeuden k\u00e4sittely.<\/p>\n<p class=\"paragraph\">Sek\u00e4 tuomitut tekij\u00e4t ett\u00e4 uhri valittivat k\u00e4r\u00e4j\u00e4oikeuden tuomiosta hovioikeuteen, mutta k\u00e4r\u00e4j\u00e4oikeuden tuomio ei muuttunut. Hovioikeus teki ratkaisunsa 4. joulukuuta.<\/p>\n<p class=\"paragraph\">Ajvazi tuomittiin pahoinpitelyst\u00e4 ja laittomasta uhkauksesta kolmeksi kuukaudeksi vankeuteen.<\/p>\n<p class=\"paragraph\">Johansson tuomittiin pahoinpitelyst\u00e4 ja sai k\u00e4r\u00e4j\u00e4oikeudelta kahdeksan kuukauden ehdollisen vankeusrangaistuksen. Hovioikeus muutti rangaistuksen ehdottomaksi. Johansson kuitenkin suorittaa rangaistuksensa yhdyskuntapalveluna.<\/p>\n<p class=\"paragraph\">Ajvazin syyte varkaudesta ja Johanssonin syyte laittomasta uhkauksesta hyl\u00e4ttiin k\u00e4r\u00e4j\u00e4oikeudessa.<\/p>\n<p class=\"paragraph\">Lis\u00e4ksi molemmille tuomituille tuli maksettavaksi korvauksia asianajajille, valtiolle ja uhrille. Uhrin saama korvaus aiheutetusta kivusta ja s\u00e4ryst\u00e4 on 1\u00a0000 euroa.<\/p>\n<p>Viestit t\u00e4sm\u00e4siv\u00e4t<\/p>\n<p>Egzon Ajvazilla on mittava rikoshistoria. Henri K\u00e4rkk\u00e4inen<\/p>\n<p class=\"paragraph\">Tapaukseen liittyi my\u00f6s Ajvazin ja Johanssonin kanssa ollut kolmas, \u201dmaskip\u00e4inen\u201d henkil\u00f6, joka kuvasi tilanteen. Uhri ei kuitenkaan halunnut kertoa maskip\u00e4\u00e4n henkil\u00f6llisyytt\u00e4 ja oli kertonut sopineensa asiasta t\u00e4m\u00e4n kanssa.<\/p>\n<p class=\"paragraph\">Pahoinpitely kesti noin minuutin ajan. Autossa kuskina ollut todistaja ei tunnistanut tekij\u00f6it\u00e4, kun taas uhri nimesi tekij\u00e4t heti esitutkinnassa. Sek\u00e4 Johansson ett\u00e4 Ajvazi kiistiv\u00e4t syyllistyneens\u00e4 rikoksiin ja kiistiv\u00e4t olleensa Varissuolla tapahtuma-aikaan.<\/p>\n<p class=\"paragraph\">Ajvazi kuitenkin sanoi tiet\u00e4neens\u00e4 pahoinpitelyn uhrin, joka kuului h\u00e4nen mukaansa \u201dalamaailmaan\u201d. Lis\u00e4ksi Ajvazi kertoi itse saaneensa uhkauksia ja ett\u00e4 h\u00e4nest\u00e4 oli luvattu.<\/p>\n<p class=\"paragraph\">Ajvazi oli kuitenkin l\u00e4hett\u00e4nyt uhrille marraskuussa somessa viestin, jossa h\u00e4n esitti vastauhkauksen.<\/p>\n<p class=\"paragraph\">\u2013\u2009Terveiset henkil\u00f6lle X [nimi sensuroitu] ku tarjoo vakkel jengil 500e m\u00e4 tuun nussii teij\u00e4n huora \u00e4iti ilmaiseks [\u2013\u2013] Sulle ei k\u00e4ynyt mit\u00e4\u00e4n mit\u00e4 tolle huoralle vitun k\u00e4\u00e4pi\u00f6joulupukille tulee k\u00e4ym\u00e4\u00e4n [\u2013\u2013] M\u00e4 tuun tekee senkin huulista samanlaiset kun sun huulista&#8230;<\/p>\n<p class=\"paragraph\">Ajvazi perusteli viestej\u00e4\u00e4n sill\u00e4, ett\u00e4 h\u00e4neen ja h\u00e4nen perheenj\u00e4seniins\u00e4 kohdistuneet uhkaukset olivat menneet niin vakaviksi.<\/p>\n<p class=\"paragraph\">K\u00e4r\u00e4j\u00e4oikeuden mukaan Ajvazin l\u00e4hett\u00e4m\u00e4 viesti tuki vahvasti ep\u00e4ilty\u00e4 pahoinpitely\u00e4. Lis\u00e4ksi Ajvazin oli pahoinpitelyn j\u00e4lkeisen\u00e4 p\u00e4iv\u00e4n\u00e4 l\u00e4hett\u00e4nyt viestin, jossa h\u00e4n my\u00f6nsi olleensa Varissuolla.<\/p>\n<p>Veli vangittu<\/p>\n<p class=\"paragraph\">F2F-illan ottelijoista on paljastunut ennen tapahtumaa ja tapahtuman j\u00e4lkeen rikoksia.<\/p>\n<p class=\"paragraph\">Egzon Ajvazin veli <strong>Agon Ajvazi<\/strong>, jonka piti niin ik\u00e4\u00e4n otella F2F-tapahtumassa, on ollut vangittuna yli kuukauden ajan.<\/p>\n<p class=\"paragraph\">Poliisi on ep\u00e4illyt Agon Ajvazia muun muassa kahdesta perusmuotoisesta raiskauksesta sek\u00e4 yhdest\u00e4 t\u00f6rke\u00e4st\u00e4 raiskauksesta. J\u00e4lkimm\u00e4isen tekoaika on 19. elokuuta kuluvaa vuotta.<\/p>\n<p class=\"paragraph\">Alle viikkoa my\u00f6hemmin Ajvazi sai Varsinais-Suomen k\u00e4r\u00e4j\u00e4oikeudelta tuomion lapsensa pahoinpitelyst\u00e4.<\/p>\n<p class=\"paragraph\">Kummankaan Ajvazin j\u00e4\u00e4halliottelut eiv\u00e4t koskaan toteutuneet.<\/p>\n<p class=\"paragraph\">Egzon Ajvazilla on aikaisempia tuomioita muun muassa pahoinpitelyist\u00e4, huumausainerikoksista, vapaudenriistosta, rattijuopumuksista ja liev\u00e4st\u00e4 ampuma-aserikoksesta.<\/p>\n<p class=\"paragraph\">My\u00f6s Johanssonilla on aikaisempaa rikostaustaa. H\u00e4n tuli paikkaajaksi F2F-iltaan sen verran my\u00f6h\u00e4\u00e4n, ettei h\u00e4nen rikostaustaansa ehditty k\u00e4sitell\u00e4 Iltalehden artikkelissa, jossa kerrottiin ottelijoiden rikoshistoriasta.<\/p>\n<p class=\"paragraph\">F2F Eventin p\u00e4\u00e4ottelussa n\u00e4hty <strong>Jere Karalahti<\/strong> vangittiin todenn\u00e4k\u00f6isin syin ep\u00e4iltyn\u00e4 kaksi p\u00e4iv\u00e4\u00e4 nyrkkeilyillan j\u00e4lkeen. Karalahti on ep\u00e4iltyn\u00e4 huumevyyhdiss\u00e4. Karalahti on kiist\u00e4nyt syyllistyneens\u00e4 rikoksiin.<\/p>\n","protected":false},"excerpt":{"rendered":"F2F-illassa n\u00e4htiin iso liuta ottelijoita, joilla on rikostaustaa. Egzon Ajvazin piti nyrkkeill\u00e4 F2F-illassa, mutta h\u00e4n joutui perumaan ottelun.&hellip;\n","protected":false},"author":2,"featured_media":108557,"comment_status":"","ping_status":"","sticky":false,"template":"","format":"standard","meta":{"footnotes":""},"categories":[158],"tags":[35,33,31,30,53,977,976,38,159,32,3810,160],"class_list":{"0":"post-108556","1":"post","2":"type-post","3":"status-publish","4":"format-standard","5":"has-post-thumbnail","7":"category-urheilu","8":"tag-24h","9":"tag-fi","10":"tag-finland","11":"tag-finnish","12":"tag-laki-oikeus-ja-rikos","13":"tag-oikeusistuimet","14":"tag-oikeusprosessit","15":"tag-rikos","16":"tag-sports","17":"tag-suomi","18":"tag-tuomio","19":"tag-urheilu"},"share_on_mastodon":{"url":"https:\/\/pubeurope.com\/@fi\/115667829518590518","error":""},"_links":{"self":[{"href":"https:\/\/www.europesays.com\/fi\/wp-json\/wp\/v2\/posts\/108556","targetHints":{"allow":["GET"]}}],"collection":[{"href":"https:\/\/www.europesays.com\/fi\/wp-json\/wp\/v2\/posts"}],"about":[{"href":"https:\/\/www.europesays.com\/fi\/wp-json\/wp\/v2\/types\/post"}],"author":[{"embeddable":true,"href":"https:\/\/www.europesays.com\/fi\/wp-json\/wp\/v2\/users\/2"}],"replies":[{"embeddable":true,"href":"https:\/\/www.europesays.com\/fi\/wp-json\/wp\/v2\/comments?post=108556"}],"version-history":[{"count":0,"href":"https:\/\/www.europesays.com\/fi\/wp-json\/wp\/v2\/posts\/108556\/revisions"}],"wp:featuredmedia":[{"embeddable":true,"href":"https:\/\/www.europesays.com\/fi\/wp-json\/wp\/v2\/media\/108557"}],"wp:attachment":[{"href":"https:\/\/www.europesays.com\/fi\/wp-json\/wp\/v2\/media?parent=108556"}],"wp:term":[{"taxonomy":"category","embeddable":true,"href":"https:\/\/www.europesays.com\/fi\/wp-json\/wp\/v2\/categories?post=108556"},{"taxonomy":"post_tag","embeddable":true,"href":"https:\/\/www.europesays.com\/fi\/wp-json\/wp\/v2\/tags?post=108556"}],"curies":[{"name":"wp","href":"https:\/\/api.w.org\/{rel}","templated":true}]}}