{"id":108562,"date":"2025-12-05T16:12:10","date_gmt":"2025-12-05T16:12:10","guid":{"rendered":"https:\/\/www.europesays.com\/fi\/108562\/"},"modified":"2025-12-05T16:12:10","modified_gmt":"2025-12-05T16:12:10","slug":"solidium-tukee-iceyen-kasvua-osallistumalla-rahoituskierrokseen","status":"publish","type":"post","link":"https:\/\/www.europesays.com\/fi\/108562\/","title":{"rendered":"Solidium tukee ICEYEn kasvua osallistumalla rahoituskierrokseen"},"content":{"rendered":"<p>Solidium tukee ICEYEn kasvua osallistumalla t\u00e4n\u00e4\u00e4n julkistettuun suomalaisen SAR-satelliittikuvantamisyhti\u00f6n Series E -rahoituskierrokseen: <a href=\"https:\/\/www.iceye.com\/newsroom\/press-releases\/iceye-and-general-catalyst-partner-to-redefine-space-based-intelligence-in-europe\" rel=\"nofollow noopener\" target=\"_blank\">ICEYE and General Catalyst partner to redefine space-based intelligence in Europe<\/a>.<\/p>\n<p>Solidiumin kokonaissijoitus on 19 miljoonaa euroa. Lis\u00e4ksi Solidium muuntaa 55 miljoonan euron vaihtovelkakirjalainansa ICEYE:n osakkeiksi. Lis\u00e4sijoituksen ja vaihtovelkakirjan muuntamisen j\u00e4lkeen Solidium omistaa 5% yhti\u00f6n osakkeista.<\/p>\n<p>\u201dICEYE toimii eritt\u00e4in attraktiivisella ja kriittisell\u00e4 markkinalla, jolla on huomattavaa kasvupotentiaalia. Yhti\u00f6 sopii t\u00e4ydellisesti Solidiumin kasvusijoitusmandaatin piiriin, ja olemme innoissamme voidessamme jatkaa ICEYEn kasvun ja arvonluontitavoitteiden tukemista osallistumalla rahoituskierrokseen\u201d, sanoo Solidiumin toimitusjohtaja Matts Rosenberg.<\/p>\n<p><strong>Lis\u00e4tietoja:<\/strong><\/p>\n<p>Matts Rosenberg, toimitusjohtaja, Solidium<br \/>+358 50 339 8801<\/p>\n<p>Solidium on Suomen valtion omistama osakeyhti\u00f6, joka luo pitk\u00e4aikaista taloudellista arvoa aktiivisen ja vastuullisen omistajuuden kautta. Sijoitusstrategiamme keskittyy v\u00e4hemmist\u00f6sijoituksiin suomalaisissa, kansallisesti merkitt\u00e4viss\u00e4 p\u00f6rssiyhti\u00f6iss\u00e4 ja p\u00e4\u00e4omasijoituksiin suomalaisissa, listaamattomissa kasvuyhti\u00f6iss\u00e4. Pyrimme erinomaisuuteen kaikessa, mit\u00e4 teemme. Solidiumin sijoitusvarallisuuden arvo on noin 9,1 miljardia euroa. <a href=\"http:\/\/www.solidium.fi\" rel=\"nofollow noopener\" target=\"_blank\">www.solidium.fi<\/a>.<\/p>\n","protected":false},"excerpt":{"rendered":"Solidium tukee ICEYEn kasvua osallistumalla t\u00e4n\u00e4\u00e4n julkistettuun suomalaisen SAR-satelliittikuvantamisyhti\u00f6n Series E -rahoituskierrokseen: ICEYE and General Catalyst partner to&hellip;\n","protected":false},"author":2,"featured_media":108563,"comment_status":"","ping_status":"","sticky":false,"template":"","format":"standard","meta":{"footnotes":""},"categories":[76],"tags":[79,77,33,31,30,32,78],"class_list":{"0":"post-108562","1":"post","2":"type-post","3":"status-publish","4":"format-standard","5":"has-post-thumbnail","7":"category-talous","8":"tag-business","9":"tag-economy","10":"tag-fi","11":"tag-finland","12":"tag-finnish","13":"tag-suomi","14":"tag-talous"},"share_on_mastodon":{"url":"https:\/\/pubeurope.com\/@fi\/115667844889923446","error":""},"_links":{"self":[{"href":"https:\/\/www.europesays.com\/fi\/wp-json\/wp\/v2\/posts\/108562","targetHints":{"allow":["GET"]}}],"collection":[{"href":"https:\/\/www.europesays.com\/fi\/wp-json\/wp\/v2\/posts"}],"about":[{"href":"https:\/\/www.europesays.com\/fi\/wp-json\/wp\/v2\/types\/post"}],"author":[{"embeddable":true,"href":"https:\/\/www.europesays.com\/fi\/wp-json\/wp\/v2\/users\/2"}],"replies":[{"embeddable":true,"href":"https:\/\/www.europesays.com\/fi\/wp-json\/wp\/v2\/comments?post=108562"}],"version-history":[{"count":0,"href":"https:\/\/www.europesays.com\/fi\/wp-json\/wp\/v2\/posts\/108562\/revisions"}],"wp:featuredmedia":[{"embeddable":true,"href":"https:\/\/www.europesays.com\/fi\/wp-json\/wp\/v2\/media\/108563"}],"wp:attachment":[{"href":"https:\/\/www.europesays.com\/fi\/wp-json\/wp\/v2\/media?parent=108562"}],"wp:term":[{"taxonomy":"category","embeddable":true,"href":"https:\/\/www.europesays.com\/fi\/wp-json\/wp\/v2\/categories?post=108562"},{"taxonomy":"post_tag","embeddable":true,"href":"https:\/\/www.europesays.com\/fi\/wp-json\/wp\/v2\/tags?post=108562"}],"curies":[{"name":"wp","href":"https:\/\/api.w.org\/{rel}","templated":true}]}}