{"id":108568,"date":"2025-12-05T16:15:11","date_gmt":"2025-12-05T16:15:11","guid":{"rendered":"https:\/\/www.europesays.com\/fi\/108568\/"},"modified":"2025-12-05T16:15:11","modified_gmt":"2025-12-05T16:15:11","slug":"suvi-minkkinen-voitti-maailmancupissa","status":"publish","type":"post","link":"https:\/\/www.europesays.com\/fi\/108568\/","title":{"rendered":"Suvi Minkkinen voitti maailmancupissa!"},"content":{"rendered":"<p>Iltalehti seuraa ampumahiihdon maailmancupia.<\/p>\n<p><img decoding=\"async\" class=\"image image-show image-preview\" src=\"https:\/\/www.europesays.com\/fi\/wp-content\/uploads\/2025\/12\/769ed2b68d4a6efe0bd037a556ceda839b6f9a42725ecfde3042215a78070c7d.jpg\" alt=\"\"\/><img decoding=\"async\" class=\"image image-show\" src=\"https:\/\/www.europesays.com\/fi\/wp-content\/uploads\/2025\/12\/1764951309_106_769ed2b68d4a6efe0bd037a556ceda839b6f9a42725ecfde3042215a78070c7d.jpg\" alt=\"\"\/><\/p>\n<p>Suvi Minkkinen hiihti huikean kilpailun. EPA \/ AOP<\/p>\n<p class=\"paragraph\">Ampumahiihdon maailmancupin kausi jatkuu Ruotsin \u00d6stersundissa naisten pikakilpailulla. Kisa alkaa kello 17.<\/p>\n<p class=\"paragraph\">Suomen huippunimist\u00e4 mukana on <a href=\"https:\/\/www.iltalehti.fi\/henkilot\/Suvi Minkkinen\" class=\"article-link-person-page\" rel=\"nofollow noopener\" target=\"_blank\">Suvi Minkkinen<\/a>. Tiistaina sensaatiomaisesti kakkoseksi hiiht\u00e4nyt <a href=\"https:\/\/www.iltalehti.fi\/henkilot\/Sonja Leinamo\" class=\"article-link-person-page\" rel=\"nofollow noopener\" target=\"_blank\">Sonja Leinamo<\/a> ei pysty kilpailemaan <a href=\"https:\/\/www.iltalehti.fi\/talviurheilu\/366c7a93-866b-4e70-986b-38e001a00fe1\" rel=\"nofollow noopener\" target=\"_blank\">sairastumisen vuoksi<\/a>.<\/p>\n<p>Ei vanhempia p\u00e4ivityksi\u00e4<\/p>\n<p><a href=\"https:\/\/www.iltalehti.fi\/telkku\/?utm_source=iltalehti.fi&amp;utm_medium=almainternal&amp;utm_campaign=urheilu_artikkelibanneri&amp;utm_content=banner_612_a\" rel=\"nofollow noopener\" target=\"_blank\"><img decoding=\"async\" src=\"https:\/\/www.europesays.com\/fi\/wp-content\/uploads\/2025\/08\/7ef604e47d46ca174b7df4149bd3557dbde56a86d520f8e1b2125548b0a2e03a.png\" alt=\"TV-ohjelmat t\u00e4n\u00e4\u00e4n, TV-opas\"\/><\/a><\/p>\n","protected":false},"excerpt":{"rendered":"Iltalehti seuraa ampumahiihdon maailmancupia. Suvi Minkkinen hiihti huikean kilpailun. EPA \/ AOP Ampumahiihdon maailmancupin kausi jatkuu Ruotsin \u00d6stersundissa&hellip;\n","protected":false},"author":2,"featured_media":108569,"comment_status":"","ping_status":"","sticky":false,"template":"","format":"standard","meta":{"footnotes":""},"categories":[5],"tags":[35,22,23,26,27,33,31,30,17,1511,24,25,41,28,29,1616,15,18,21,2294,32,1145,19,20,16],"class_list":{"0":"post-108568","1":"post","2":"type-post","3":"status-publish","4":"format-standard","5":"has-post-thumbnail","7":"category-otsikot","8":"tag-24h","9":"tag-breaking-news","10":"tag-breakingnews","11":"tag-featured-news","12":"tag-featurednews","13":"tag-fi","14":"tag-finland","15":"tag-finnish","16":"tag-headlines","17":"tag-joukkoviestinta","18":"tag-latest-news","19":"tag-latestnews","20":"tag-liikunta-ja-urheilu","21":"tag-main-news","22":"tag-mainnews","23":"tag-media-viestinta","24":"tag-news","25":"tag-otsikot","26":"tag-paauutiset","27":"tag-sanomalehdet","28":"tag-suomi","29":"tag-talviurheilu","30":"tag-top-stories","31":"tag-topstories","32":"tag-uutiset"},"share_on_mastodon":{"url":"https:\/\/pubeurope.com\/@fi\/115667856668709824","error":""},"_links":{"self":[{"href":"https:\/\/www.europesays.com\/fi\/wp-json\/wp\/v2\/posts\/108568","targetHints":{"allow":["GET"]}}],"collection":[{"href":"https:\/\/www.europesays.com\/fi\/wp-json\/wp\/v2\/posts"}],"about":[{"href":"https:\/\/www.europesays.com\/fi\/wp-json\/wp\/v2\/types\/post"}],"author":[{"embeddable":true,"href":"https:\/\/www.europesays.com\/fi\/wp-json\/wp\/v2\/users\/2"}],"replies":[{"embeddable":true,"href":"https:\/\/www.europesays.com\/fi\/wp-json\/wp\/v2\/comments?post=108568"}],"version-history":[{"count":0,"href":"https:\/\/www.europesays.com\/fi\/wp-json\/wp\/v2\/posts\/108568\/revisions"}],"wp:featuredmedia":[{"embeddable":true,"href":"https:\/\/www.europesays.com\/fi\/wp-json\/wp\/v2\/media\/108569"}],"wp:attachment":[{"href":"https:\/\/www.europesays.com\/fi\/wp-json\/wp\/v2\/media?parent=108568"}],"wp:term":[{"taxonomy":"category","embeddable":true,"href":"https:\/\/www.europesays.com\/fi\/wp-json\/wp\/v2\/categories?post=108568"},{"taxonomy":"post_tag","embeddable":true,"href":"https:\/\/www.europesays.com\/fi\/wp-json\/wp\/v2\/tags?post=108568"}],"curies":[{"name":"wp","href":"https:\/\/api.w.org\/{rel}","templated":true}]}}