{"id":108579,"date":"2025-12-05T16:38:09","date_gmt":"2025-12-05T16:38:09","guid":{"rendered":"https:\/\/www.europesays.com\/fi\/108579\/"},"modified":"2025-12-05T16:38:09","modified_gmt":"2025-12-05T16:38:09","slug":"kriisissa-oleva-automerkki-antoi-potkut-miehelle-joka-pelasti-sen-aiemmin","status":"publish","type":"post","link":"https:\/\/www.europesays.com\/fi\/108579\/","title":{"rendered":"Kriisiss\u00e4 oleva automerkki antoi potkut miehelle, joka pelasti sen aiemmin"},"content":{"rendered":"<p>Useat mediat kertovat, ett\u00e4 Jaguar Land Rover on antanut potkut luovalle johtajalleen Gerry McGovernille. Asian tekee mielenkiintoiseksi se, mit\u00e4 McGovern on tehnyt konsernille viime vuosina.<\/p>\n<p><img decoding=\"async\" class=\"image image-show image-preview\" src=\"https:\/\/www.europesays.com\/fi\/wp-content\/uploads\/2025\/12\/833fda3f2797be7b39fdb08d1bf17c8d488786e62b16f3bb5121e3fb4b7a7a50.jpg\" alt=\"\"\/><img decoding=\"async\" class=\"image image-show\" src=\"https:\/\/www.europesays.com\/fi\/wp-content\/uploads\/2025\/12\/1764952689_419_833fda3f2797be7b39fdb08d1bf17c8d488786e62b16f3bb5121e3fb4b7a7a50.jpg\" alt=\"\"\/><\/p>\n<p>Gerry McGovern on saanut l\u00e4ht\u00f6passit Jaguar Land Roverilta. Nick Dimbleby<\/p>\n<p class=\"paragraph\">Useiden autoalan medioiden, kuten <a href=\"https:\/\/www.autonews.com\/jaguar-land-rover\/an-mcgoverns-hit-parade\/?utm_source=Sailthru&amp;utm_medium=email&amp;utm_campaign=Newsletter-ANEDontMiss-20251203\" rel=\"noopener nofollow\" target=\"_blank\">Automotive Newsin<\/a> ja <a href=\"https:\/\/www.thedrive.com\/news\/design-boss-behind-controversial-jaguar-rebrand-has-reportedly-been-fired?utm_social_handle_id=829419513804279&amp;utm_source=facebook&amp;utm_social_post_id=612331350&amp;utm_campaign=socialflow&amp;utm_medium=social\" rel=\"noopener nofollow\" target=\"_blank\">The Driven<\/a> mukaan intialaisen Tata-konsernin omistama brittil\u00e4inen Jaguar Land Rover (JLR) on erottanut luovan johtajansa <strong>Gerry McGovernin<\/strong>.<\/p>\n<p class=\"paragraph\">Automuotoilijana kannuksensa hankkinut McGovern on vastuussa esimerkiksi vuosi sitten tapahtuneesta <a href=\"https:\/\/www.iltalehti.fi\/autouutiset\/a7f852fe-d201-4813-9176-0c7cfe926490\" rel=\"nofollow noopener\" target=\"_blank\">Jaguarin br\u00e4ndiuudistuksesta<\/a>, joka ei vastaanottavan yleis\u00f6n silmiss\u00e4 mennyt aivan putkeen.<\/p>\n<p class=\"paragraph\">Automerkki hylk\u00e4si kertaheitolla McGovernin k\u00e4siss\u00e4 oikeastaan kaiken mit\u00e4 se oli tehnyt.<\/p>\n<p class=\"paragraph\">Perinteisen valmistajat logot ja merkit vaihdettiin klassisista kissael\u00e4imist\u00e4 kaksiulotteisiin symboleihin, k\u00e4yt\u00e4nn\u00f6ss\u00e4 kaikkien vanhojen mallien valmistus lopetettiin ja Jaguar ilmoitti kaiken huipuksi aloittavansa autonvalmistuksen vasta muutaman vuoden kuluttua uudestaan.<\/p>\n<p>Vuosi sitten julkaistu Jaguar 00 antaa osviittaa Jaguarin tulevaisuuden malleista. Jaguar<\/p>\n<p class=\"paragraph\">Samalla merkki ilmoitti siirtyv\u00e4ns\u00e4 luokkaa ylemm\u00e4s, premium-valmistajasta luksusautomerkiksi.<\/p>\n<p class=\"paragraph\">McGovernin meriitteihin vuosien varrelta kuuluu kuitenkin melkoinen m\u00e4\u00e4r\u00e4 onnistumisia. H\u00e4n on nimitt\u00e4in vastuussa esimerkiksi Range Rover melkoiseksi menestykseksi osoittautuneen Evoquen suunnittelusta, kuten my\u00f6s merkin suurempien mallien nykyisest\u00e4, minimalistisesta ulkomuodosta.<\/p>\n<p>Land Rover Defender on yksi Gerry McGovernin muotoilut\u00f6it\u00e4. Jari Kainulainen<\/p>\n<p class=\"paragraph\">Samaa, brutalistiseksi minimalismiksi jossain kuvailtua tyylisuuntaa edustaa my\u00f6s vuonna 2019 julkaistu Land Rover Defenderin nykyinen sukupolvi. Se tosin tulkitsee hieman selvemmin, joskin jopa luonnosmaisilla linjoilla alkuper\u00e4ist\u00e4 ty\u00f6kalumaasturia.<\/p>\n<p class=\"paragraph\">McGovernin arvioidaan olleen Tatan viime vuonna kuolleen p\u00e4\u00e4johtajan <strong>Ratan Tatan<\/strong> suosikki ja saaneen siksi melko vapaat k\u00e4det esimerkiksi Jaguarin varsin radikaaliin muutokseen.<\/p>\n<p class=\"paragraph\">Radikaali muutos oli kuitenkin joulukuun ensimm\u00e4inen p\u00e4iv\u00e4 vuonna 2025, erityisesti Gerry McGovernille. Automotive News Europe kertoo, ett\u00e4 McGovern oli sopimuksen irtisanomisen j\u00e4lkeen suorastaan ohjattu ulos yrityksen tiloista.<\/p>\n","protected":false},"excerpt":{"rendered":"Useat mediat kertovat, ett\u00e4 Jaguar Land Rover on antanut potkut luovalle johtajalleen Gerry McGovernille. Asian tekee mielenkiintoiseksi se,&hellip;\n","protected":false},"author":2,"featured_media":108580,"comment_status":"","ping_status":"","sticky":false,"template":"","format":"standard","meta":{"footnotes":""},"categories":[76],"tags":[35,648,79,77,33,31,30,121,1048,1049,32,78,128],"class_list":{"0":"post-108579","1":"post","2":"type-post","3":"status-publish","4":"format-standard","5":"has-post-thumbnail","7":"category-talous","8":"tag-24h","9":"tag-autot","10":"tag-business","11":"tag-economy","12":"tag-fi","13":"tag-finland","14":"tag-finnish","15":"tag-liikenne-ja-kuljetus","16":"tag-maakulkuneuvot","17":"tag-moottoriajoneuvojen-valmistus-ja-varustus-autoteollisuus","18":"tag-suomi","19":"tag-talous","20":"tag-tieliikenne"},"share_on_mastodon":{"url":"https:\/\/pubeurope.com\/@fi\/115667947320795275","error":""},"_links":{"self":[{"href":"https:\/\/www.europesays.com\/fi\/wp-json\/wp\/v2\/posts\/108579","targetHints":{"allow":["GET"]}}],"collection":[{"href":"https:\/\/www.europesays.com\/fi\/wp-json\/wp\/v2\/posts"}],"about":[{"href":"https:\/\/www.europesays.com\/fi\/wp-json\/wp\/v2\/types\/post"}],"author":[{"embeddable":true,"href":"https:\/\/www.europesays.com\/fi\/wp-json\/wp\/v2\/users\/2"}],"replies":[{"embeddable":true,"href":"https:\/\/www.europesays.com\/fi\/wp-json\/wp\/v2\/comments?post=108579"}],"version-history":[{"count":0,"href":"https:\/\/www.europesays.com\/fi\/wp-json\/wp\/v2\/posts\/108579\/revisions"}],"wp:featuredmedia":[{"embeddable":true,"href":"https:\/\/www.europesays.com\/fi\/wp-json\/wp\/v2\/media\/108580"}],"wp:attachment":[{"href":"https:\/\/www.europesays.com\/fi\/wp-json\/wp\/v2\/media?parent=108579"}],"wp:term":[{"taxonomy":"category","embeddable":true,"href":"https:\/\/www.europesays.com\/fi\/wp-json\/wp\/v2\/categories?post=108579"},{"taxonomy":"post_tag","embeddable":true,"href":"https:\/\/www.europesays.com\/fi\/wp-json\/wp\/v2\/tags?post=108579"}],"curies":[{"name":"wp","href":"https:\/\/api.w.org\/{rel}","templated":true}]}}