{"id":108615,"date":"2025-12-05T17:33:09","date_gmt":"2025-12-05T17:33:09","guid":{"rendered":"https:\/\/www.europesays.com\/fi\/108615\/"},"modified":"2025-12-05T17:33:09","modified_gmt":"2025-12-05T17:33:09","slug":"poliisit-saattoivat-lasse-lehtosen-pois-portilta-brysselissa-kelan-hallitus-ylimaaraiseen-kokoukseen-maanantaina-uutisia-lyhyesti","status":"publish","type":"post","link":"https:\/\/www.europesays.com\/fi\/108615\/","title":{"rendered":"Poliisit saattoivat Lasse Lehtosen pois portilta Brysseliss\u00e4 \u2013 Kelan hallitus ylim\u00e4\u00e4r\u00e4iseen kokoukseen maanantaina | Uutisia lyhyesti"},"content":{"rendered":"<p class=\"aw-1gybjub aw-5vja16 kEtdKx kmuxyA yle__article__paragraph\">Kelan p\u00e4\u00e4johtaja on edelleen Brysseliss\u00e4 perjantaina iltap\u00e4iv\u00e4ll\u00e4, ja tapahtumien kulkua selvitet\u00e4\u00e4n.<\/p>\n<p><img decoding=\"async\" alt=\"Kelan uusi p\u00e4\u00e4johtaja Lasse Lehtonen Kelan p\u00e4\u00e4konttorissa Helsingiss\u00e4 10.7.2025.\" src=\"https:\/\/www.europesays.com\/fi\/wp-content\/uploads\/2025\/12\/39-1492005686f902cf0d9d.jpeg\" class=\"aw-1l9m598 hKVVvP\"\/><\/p>\n<p>Avaa kuvien katselu<\/p>\n<p>Kelan p\u00e4\u00e4johtaja Lasse Lehtonen Helsingiss\u00e4 hein\u00e4kuussa 2025. Kuva: Jorma Vihtonen \/ Yle<\/p>\n<p>14:49\u2022P\u00e4ivitetty 18:54<\/p>\n<ul class=\"aw-1jjocuh iJTSwP yle__article__list yle__article__list--ul\">\n<li class=\"aw-1j7gwms gNYKfi\">Poliisi poisti Kelan p\u00e4\u00e4johtaja Lasse Lehtosen portilta Brysselin lentokent\u00e4ll\u00e4 perjantaina.<\/li>\n<li class=\"aw-1j7gwms gNYKfi\">Poliisin mukaan Lehtonen vaikutti sekavalta.<\/li>\n<li class=\"aw-1j7gwms gNYKfi\">Paikalla ollut kokoomuksen europarlamentaarikko Aura Salla kertoo, ett\u00e4 tilanne oli rauhallinen.<\/li>\n<li class=\"aw-1j7gwms gNYKfi\">Hallituksen puheenjohtajan Vertti Kiukaksen mukaan Lehtosta ei ole tavoitettu. Kelan hallitus k\u00e4sittelee tapausta maanantaina ylim\u00e4\u00e4r\u00e4isess\u00e4 kokouksessa.<\/li>\n<\/ul>\n<p class=\"aw-1gybjub aw-1p7kakr kEtdKx cEmitX yle__article__paragraph\">T\u00e4m\u00e4 on teko\u00e4lyn avulla tuotettu, toimittajan tarkistama tiivistelm\u00e4.<\/p>\n<p class=\"aw-1gybjub aw-1p7kakr kEtdKx cEmitX yle__article__paragraph\">Kelan p\u00e4\u00e4johtaja <strong class=\"aw-ak79eh KyCXm yle__article__strong\">Lasse Lehtonen<\/strong> on ollut v\u00e4likohtauksessa Brysselin lentokent\u00e4ll\u00e4 perjantaina. Poliisit olivat saattaneet Lehtosen pois portilta ennen lennon l\u00e4ht\u00f6\u00e4.<\/p>\n<p class=\"aw-1gybjub aw-1p7kakr kEtdKx cEmitX yle__article__paragraph\">Asiasta kertoi ensimm\u00e4isen\u00e4 <a class=\"aw-iao6s4 iHOxEa yle__article__link\" href=\"https:\/\/www.seiska.fi\/vain-seiskassa\/seiskan-tiedot-kelan-paajohtaja-poistettiin-brysselin-koneesta\/2013287\" role=\"link\" rel=\"nofollow noopener\" target=\"_blank\">Seiska<\/a>. <a class=\"aw-iao6s4 iHOxEa yle__article__link\" href=\"https:\/\/www.is.fi\/kotimaa\/art-2000011672428.html\" role=\"link\" rel=\"nofollow noopener\" target=\"_blank\">Ilta-Sanomat<\/a> on julkaissut lentokent\u00e4lt\u00e4 kuvan, jossa Lehtonen k\u00e4velee poliisien ymp\u00e4r\u00f6im\u00e4n\u00e4.<\/p>\n<p class=\"aw-1gybjub aw-1p7kakr kEtdKx cEmitX yle__article__paragraph\">Brysselin poliisi kertoo STT:lle, ett\u00e4 sekavalta vaikuttanut Suomen kansalainen ei kyennyt esitt\u00e4m\u00e4\u00e4n lippuaan Brysselin lentokent\u00e4n portilla.<\/p>\n<p class=\"aw-1gybjub aw-1p7kakr kEtdKx cEmitX yle__article__paragraph\">Brysselin poliisi saattoi suomalaisen lyhyen ja rauhallisen keskustelun j\u00e4lkeen kent\u00e4n ensiapupisteelle. Poliisin mukaan suomalainen aikoi matkustaa Helsinkiin my\u00f6hemm\u00e4ll\u00e4 lennolla.<\/p>\n<p class=\"aw-1gybjub aw-1p7kakr kEtdKx cEmitX yle__article__paragraph\">Poliisi kertoo, ettei suomalaisen henkil\u00f6llisyytt\u00e4 voida vahvistaa yksityisyyden takia.<\/p>\n<p>Kokoosmusmeppi seurasi tilannetta<\/p>\n<p class=\"aw-1gybjub aw-1p7kakr kEtdKx cEmitX yle__article__paragraph\">Kokoomuksen europarlamentaarikko <strong class=\"aw-ak79eh KyCXm yle__article__strong\">Aura Salla<\/strong> kertoo Ylelle, ett\u00e4 h\u00e4n oli odottanut jonossa ensimm\u00e4isen\u00e4 koneeseen p\u00e4\u00e4sy\u00e4 lastensa kanssa, kun kolme tai useampi poliisi oli tullut portille.<\/p>\n<p class=\"aw-1gybjub aw-1p7kakr kEtdKx cEmitX yle__article__paragraph\">\u2013 Lehtonen ei p\u00e4\u00e4ssyt koneeseen. Tilanne oli rauhallinen, ei mit\u00e4\u00e4n suurta selkkausta. Lehtonen painoi p\u00e4\u00e4ns\u00e4 alas, oli vaisu, kun h\u00e4net saatettiin pois portilta.<\/p>\n<p class=\"aw-1gybjub aw-1p7kakr kEtdKx cEmitX yle__article__paragraph\">Oliko Lehtonen mielest\u00e4si humalassa?<\/p>\n<p class=\"aw-1gybjub aw-1p7kakr kEtdKx cEmitX yle__article__paragraph\">\u2013 Ei ehk\u00e4 sen kuntoinen, ett\u00e4 voisi p\u00e4\u00e4st\u00e4 lennolle, mutta mahdoton ulkopuolisen sanoa.<\/p>\n<p class=\"aw-1gybjub aw-1p7kakr kEtdKx cEmitX yle__article__paragraph\">Lehtosen l\u00e4hipiiriin kuuluvat henkil\u00f6t kertovat nimett\u00f6min\u00e4 <a class=\"aw-iao6s4 iHOxEa yle__article__link\" href=\"https:\/\/www.is.fi\/kotimaa\/art-2000011673132.html\" role=\"link\" rel=\"nofollow noopener\" target=\"_blank\">Ilta-Sanomille<\/a> ja <a class=\"aw-iao6s4 iHOxEa yle__article__link\" href=\"https:\/\/www.iltalehti.fi\/kotimaa\/a\/adc6a3e4-1ab7-4986-b661-c631e2a6cc23\" role=\"link\" rel=\"nofollow noopener\" target=\"_blank\">Iltalehdelle<\/a>, ett\u00e4 v\u00e4likohtauksessa olisi kyse terveyteen liittyv\u00e4st\u00e4 asiasta, ei p\u00e4ihtymyksest\u00e4.<\/p>\n<p><img decoding=\"async\" alt=\"Aura Salla Strasbourgissa.\" src=\"https:\/\/www.europesays.com\/fi\/wp-content\/uploads\/2025\/12\/39-152206968c4585666fa3.jpeg\" loading=\"lazy\" class=\"aw-1l9m598 hKVVvP\"\/><\/p>\n<p>Avaa kuvien katselu<\/p>\n<p>Euroopan parlamentin j\u00e4sen Aura Salla kertoo, ett\u00e4 poliisit saattoivat Lasse Lehtosen pois portilta, mutta muuten tilanne oli rauhallinen. Kuva: \u00a9 European Union 2024 &#8211; Source : EP<\/p>\n<p class=\"aw-1gybjub aw-1p7kakr kEtdKx cEmitX yle__article__paragraph\">Salla kertoo, ett\u00e4 samalle lennolle tulossa ollut <strong class=\"aw-ak79eh KyCXm yle__article__strong\">Paula Lehtom\u00e4ki<\/strong> oli auttanut Lehtosta tilanteessa. Keskustan entinen kansanedustaja ja ministeri ty\u00f6skentelee nyky\u00e4\u00e4n Mets\u00e4teollisuus ry:n toimitusjohtajana.<\/p>\n<p class=\"aw-1gybjub aw-1p7kakr kEtdKx cEmitX yle__article__paragraph\">Lehtom\u00e4ki my\u00f6nt\u00e4\u00e4 Ylelle, ett\u00e4 h\u00e4n on kohdannut p\u00e4\u00e4johtaja Lehtosen Brysselin lentoasemalla, ja antanut t\u00e4lle inhimillist\u00e4 huolenpitoa.<\/p>\n<p class=\"aw-1gybjub aw-1p7kakr kEtdKx cEmitX yle__article__paragraph\">Lehtom\u00e4ki ei halua muuten kommentoida tapauksen yksityiskohtia.<\/p>\n<p class=\"aw-1gybjub aw-1p7kakr kEtdKx cEmitX yle__article__paragraph\">\u2013 Kelan hallitus sitten selvitt\u00e4\u00e4 niit\u00e4.<\/p>\n<p>Lehtosta ei ole tavoitettu, Kelan hallitus koolle maanantaina<\/p>\n<p class=\"aw-1gybjub aw-1p7kakr kEtdKx cEmitX yle__article__paragraph\">Kelan hallituksen puheenjohtaja <strong class=\"aw-ak79eh KyCXm yle__article__strong\">Vertti Kiukas<\/strong> vahvistaa Ylelle, ett\u00e4 Kelan kymmenhenkinen hallitus kokoontuu maanantaiaamuna tapaukseen liittyen.<\/p>\n<p class=\"aw-1gybjub aw-1p7kakr kEtdKx cEmitX yle__article__paragraph\"><strong class=\"aw-ak79eh KyCXm yle__article__strong\">Koskeeko hallituksen kokous lentokent\u00e4n tapausta?<\/strong><br \/>\u2013 Sanotaan, ett\u00e4 kuluvaan viikkoon liittyen. Hallituksen j\u00e4senill\u00e4 on paljon kysymyksi\u00e4 ja on t\u00e4rke\u00e4\u00e4, ett\u00e4 niihin saadaan vastaukset. Ja tietysti t\u00e4m\u00e4 p\u00e4iv\u00e4 on her\u00e4tt\u00e4nyt paljon kysymyksi\u00e4 ja niit\u00e4 on hyv\u00e4 j\u00e4rjest\u00e4ytyneesti k\u00e4sitell\u00e4.<\/p>\n<p class=\"aw-1gybjub aw-1p7kakr kEtdKx cEmitX yle__article__paragraph\"><strong class=\"aw-ak79eh KyCXm yle__article__strong\">Onko Lehtonen itse paikalla?<\/strong><\/p>\n<p class=\"aw-1gybjub aw-1p7kakr kEtdKx cEmitX yle__article__paragraph\">\u2013 P\u00e4\u00e4johtaja yleens\u00e4 aina osallistuu hallituksen kokouksiin, kyll\u00e4.<\/p>\n<p class=\"aw-1gybjub aw-1p7kakr kEtdKx cEmitX yle__article__paragraph\"><strong class=\"aw-ak79eh KyCXm yle__article__strong\">Oletteko huolissanne t\u00e4m\u00e4n p\u00e4iv\u00e4n uutisista Lehtoseen liittyen?<\/strong><\/p>\n<p class=\"aw-1gybjub aw-1p7kakr kEtdKx cEmitX yle__article__paragraph\">\u2013 P\u00e4\u00e4johtajaan ei ole saatu yhteytt\u00e4 ja se her\u00e4tt\u00e4\u00e4 tietysti kysymyksi\u00e4. Ja jatkuva julkisuus, joka nousee muusta kuin Kelan perusteht\u00e4v\u00e4st\u00e4, eli sosiaaliturvan toimeenpanosta \u2013 ei tietysti edesauta Kelan toimintaa.<\/p>\n<p class=\"aw-1gybjub aw-1p7kakr kEtdKx cEmitX yle__article__paragraph\">Aiemmin Lasse Lehtosen <a class=\"aw-iao6s4 iHOxEa yle__article__link\" href=\"https:\/\/yle.fi\/a\/74-20197375\" role=\"link\" rel=\"nofollow noopener\" target=\"_blank\">kerrottiin olevan sairauslomalla<\/a>, vaikka h\u00e4n on saamaan aikaan ty\u00f6matkalla Brysseliss\u00e4 ja osallistui EHMA CARE Summit- konferenssiin.<\/p>\n<p class=\"aw-1gybjub aw-1p7kakr kEtdKx cEmitX yle__article__paragraph\"><strong class=\"aw-ak79eh KyCXm yle__article__strong\">Oliko matkassa kyse ty\u00f6teht\u00e4vist\u00e4 vai sairaslomasta?<\/strong><\/p>\n<p class=\"aw-1gybjub aw-1p7kakr kEtdKx cEmitX yle__article__paragraph\">\u2013 P\u00e4\u00e4johtaja on k\u00e4sitt\u00e4\u00e4kseni sunnuntaihin asti sairaslomalla, Kiukas sanoo.<\/p>\n<p class=\"aw-1gybjub aw-1p7kakr kEtdKx cEmitX yle__article__paragraph\">\u2013 Minulla on k\u00e4sitys, ett\u00e4 t\u00e4t\u00e4 on suunniteltu aikaisemmin ty\u00f6matkaksi.<\/p>\n<p><img decoding=\"async\" alt=\"Vertti Kiukas fotograferad utanf\u00f6r Sostes lokal i Helsingfors.\" src=\"https:\/\/www.europesays.com\/fi\/wp-content\/uploads\/2025\/12\/39-96702162a091e0e879e.jpeg\" loading=\"lazy\" class=\"aw-1l9m598 hKVVvP\"\/><\/p>\n<p>Avaa kuvien katselu<\/p>\n<p>Kelan hallituksen puheenjohtaja Vertti Kiukas toimii my\u00f6s sosiaali- ja terveysj\u00e4rjest\u00f6j\u00e4 edustavan SOSTE:n p\u00e4\u00e4sihteerin\u00e4. Kuva: Anders Karlsson \/ Yle<\/p>\n<p class=\"aw-1gybjub aw-1p7kakr kEtdKx cEmitX yle__article__paragraph\">Jo aiemmin Kiukas kertoi Ylelle yritt\u00e4neens\u00e4 saada yhteytt\u00e4 Lehtoseen, mutta ei ole tavoittanut h\u00e4nt\u00e4. My\u00f6s Kelasta on yritetty saada Lehtosta kiinni.<\/p>\n<p class=\"aw-1gybjub aw-1p7kakr kEtdKx cEmitX yle__article__paragraph\">\u2013 Ymm\u00e4rt\u00e4\u00e4kseni on my\u00f6s pyydetty suurl\u00e4hetyst\u00f6\u00e4 selvitt\u00e4m\u00e4\u00e4n tilannetta.<\/p>\n<p class=\"aw-1gybjub aw-1p7kakr kEtdKx cEmitX yle__article__paragraph\">Kelan hallituksen kokoontumisesta kertoi <a class=\"aw-iao6s4 iHOxEa yle__article__link\" href=\"https:\/\/www.mtvuutiset.fi\/artikkeli\/kelan-hallitus-kutsuttu-ylimaaraiseen-kokoukseen-maanantaina\/9265906\" role=\"link\" rel=\"nofollow noopener\" target=\"_blank\">ensin MTV Uutiset<\/a>.<\/p>\n<p>Lehtosella yh\u00e4 hallituksen luottamus<\/p>\n<p class=\"aw-1gybjub aw-1p7kakr kEtdKx cEmitX yle__article__paragraph\">Vertti Kiukas sanoi aiemmin p\u00e4iv\u00e4ll\u00e4 Ylelle, ett\u00e4 mahdollisia jatkotoimenpiteit\u00e4 arvioidaan sitten kun tapahtuneesta saadaan lis\u00e4\u00e4 tietoa.<\/p>\n<p class=\"aw-1gybjub aw-1p7kakr kEtdKx cEmitX yle__article__paragraph\">Lehtonen on ollut syksyn aikana julkisuudessa<a class=\"aw-iao6s4 iHOxEa yle__article__link\" href=\"https:\/\/yle.fi\/a\/74-20193831\" role=\"link\" rel=\"nofollow noopener\" target=\"_blank\"> johtamistyylist\u00e4\u00e4n ja kiristyneist\u00e4 v\u00e4leist\u00e4<\/a> Kelan henkil\u00f6kuntaan sek\u00e4 <a class=\"aw-iao6s4 iHOxEa yle__article__link\" href=\"https:\/\/www.iltalehti.fi\/politiikka\/a\/5fe6f993-5277-4fa8-beba-5ba61fc16d3d\" role=\"link\" rel=\"nofollow noopener\" target=\"_blank\">poissaoloistaan Kelan seminaarimatkalla<\/a>. Nauttiiko Lasse Lehtonen viel\u00e4 hallituksen luottamusta?<\/p>\n<p class=\"aw-1gybjub aw-1p7kakr kEtdKx cEmitX yle__article__paragraph\">\u2013 Hallitus ei ole ollut koolla, joten t\u00e4st\u00e4 luottamuksesta ei tietysti ole mit\u00e4\u00e4n uutta lausuttavaa. H\u00e4nell\u00e4 on hallituksen luottamus. Hallitus k\u00e4sittelee t\u00e4t\u00e4kin tilannetta varmasti seuraavassa kokouksessaan. Siin\u00e4 k\u00e4sitell\u00e4\u00e4n my\u00f6s <a class=\"aw-iao6s4 iHOxEa yle__article__link\" href=\"https:\/\/yle.fi\/a\/74-20196433\" role=\"link\" rel=\"nofollow noopener\" target=\"_blank\">johtamisselvityst\u00e4<\/a>, Kiukas totesi p\u00e4ivemm\u00e4ll\u00e4.<\/p>\n<p class=\"aw-1gybjub aw-1p7kakr kEtdKx cEmitX yle__article__paragraph\">* Uutista p\u00e4ivitet\u00e4\u00e4n<\/p>\n","protected":false},"excerpt":{"rendered":"Kelan p\u00e4\u00e4johtaja on edelleen Brysseliss\u00e4 perjantaina iltap\u00e4iv\u00e4ll\u00e4, ja tapahtumien kulkua selvitet\u00e4\u00e4n. Avaa kuvien katselu Kelan p\u00e4\u00e4johtaja Lasse Lehtonen&hellip;\n","protected":false},"author":2,"featured_media":108616,"comment_status":"","ping_status":"","sticky":false,"template":"","format":"standard","meta":{"footnotes":""},"categories":[5],"tags":[22,23,26,27,33,31,30,17,24,25,28,29,15,18,21,32,19,20,860,16],"class_list":{"0":"post-108615","1":"post","2":"type-post","3":"status-publish","4":"format-standard","5":"has-post-thumbnail","7":"category-otsikot","8":"tag-breaking-news","9":"tag-breakingnews","10":"tag-featured-news","11":"tag-featurednews","12":"tag-fi","13":"tag-finland","14":"tag-finnish","15":"tag-headlines","16":"tag-latest-news","17":"tag-latestnews","18":"tag-main-news","19":"tag-mainnews","20":"tag-news","21":"tag-otsikot","22":"tag-paauutiset","23":"tag-suomi","24":"tag-top-stories","25":"tag-topstories","26":"tag-tyoelama","27":"tag-uutiset"},"share_on_mastodon":{"url":"https:\/\/pubeurope.com\/@fi\/115668163302031661","error":""},"_links":{"self":[{"href":"https:\/\/www.europesays.com\/fi\/wp-json\/wp\/v2\/posts\/108615","targetHints":{"allow":["GET"]}}],"collection":[{"href":"https:\/\/www.europesays.com\/fi\/wp-json\/wp\/v2\/posts"}],"about":[{"href":"https:\/\/www.europesays.com\/fi\/wp-json\/wp\/v2\/types\/post"}],"author":[{"embeddable":true,"href":"https:\/\/www.europesays.com\/fi\/wp-json\/wp\/v2\/users\/2"}],"replies":[{"embeddable":true,"href":"https:\/\/www.europesays.com\/fi\/wp-json\/wp\/v2\/comments?post=108615"}],"version-history":[{"count":0,"href":"https:\/\/www.europesays.com\/fi\/wp-json\/wp\/v2\/posts\/108615\/revisions"}],"wp:featuredmedia":[{"embeddable":true,"href":"https:\/\/www.europesays.com\/fi\/wp-json\/wp\/v2\/media\/108616"}],"wp:attachment":[{"href":"https:\/\/www.europesays.com\/fi\/wp-json\/wp\/v2\/media?parent=108615"}],"wp:term":[{"taxonomy":"category","embeddable":true,"href":"https:\/\/www.europesays.com\/fi\/wp-json\/wp\/v2\/categories?post=108615"},{"taxonomy":"post_tag","embeddable":true,"href":"https:\/\/www.europesays.com\/fi\/wp-json\/wp\/v2\/tags?post=108615"}],"curies":[{"name":"wp","href":"https:\/\/api.w.org\/{rel}","templated":true}]}}