{"id":108631,"date":"2025-12-05T18:11:10","date_gmt":"2025-12-05T18:11:10","guid":{"rendered":"https:\/\/www.europesays.com\/fi\/108631\/"},"modified":"2025-12-05T18:11:10","modified_gmt":"2025-12-05T18:11:10","slug":"riina-maija-palander-palasi-julkisuuteen-ilta-sanomat","status":"publish","type":"post","link":"https:\/\/www.europesays.com\/fi\/108631\/","title":{"rendered":"Riina-Maija Palander palasi julkisuuteen &#8211; Ilta-Sanomat"},"content":{"rendered":"<p>Riina-Maija Palander katosi julkisuudesta erokohunsa j\u00e4lkimainingeissa.<\/p>\n<p>Riina-Maija Palander kertoo suhteestaan Kalleen.<\/p>\n<p class=\"article-body mb-nof-24 px-nof-16\">Pitk\u00e4\u00e4n poissa julkisuudesta pysytellyt <a class=\"article-personlink\" href=\"https:\/\/www.is.fi\/haku\/?query=Riina-Maija%20Palander\" rel=\"nofollow noopener\" target=\"_blank\">Riina-Maija Palander<\/a> palasi perjantaina parrasvaloihin Vanajanlinnassa.<\/p>\n<p class=\"article-body mb-nof-24 px-nof-16\">Palander saapui H\u00e4meenlinnassa sijaitsevaan Vanajanlinnaan juhlistamaan Suomen itsen\u00e4isyytt\u00e4.<\/p>\n<p class=\"article-body mb-nof-24 px-nof-16\">Palander kertoi IS:lle olleensa viimeiset puoli vuotta Virossa, miss\u00e4 h\u00e4nen ja <a class=\"article-personlink\" href=\"https:\/\/www.is.fi\/haku\/?query=Kalle%20Palanderin\" rel=\"nofollow noopener\" target=\"_blank\">Kalle Palanderin<\/a> kaksoset aloittivat yl\u00e4asteen.<\/p>\n<p class=\"article-body mb-nof-24 px-nof-16\">\u2013 Ala-aste meni Espanjassa, mutta ajattelin, ett\u00e4 on helpompaa menn\u00e4 yl\u00e4asteelle Viroon, Palander kertoi.<\/p>\n<p class=\"article-body mb-nof-24 px-nof-16\">Avioeroprosessista kysytt\u00e4ess\u00e4 Palanderia alkoi naurattaa.<\/p>\n<p class=\"article-body mb-nof-24 px-nof-16\">\u2013 No, pit\u00e4isik\u00f6h\u00e4n sit\u00e4 kysy\u00e4 h\u00e4nelt\u00e4 (Kallelta) varmaan, Palander sanoi.<\/p>\n<p><img decoding=\"async\" src=\"https:\/\/www.europesays.com\/fi\/wp-content\/uploads\/2025\/12\/1764958270_809_468.jpg\" alt=\"Riina-Maija Palander edusti Vanajanlinnan itsen\u00e4isyysp\u00e4iv\u00e4n aattona.\" class=\"_Img_1rerz_1\" style=\"aspect-ratio:0.6666666666666666\" loading=\"eager\"\/><\/p>\n<p class=\"article-picture-caption\">Riina-Maija Palander edusti Vanajanlinnan itsen\u00e4isyysp\u00e4iv\u00e4n aattona. Kuva:\u00a0Janne Aaltonen<\/p>\n<p class=\"article-body mb-nof-24 px-nof-16\">H\u00e4n muistutti, ett\u00e4 heill\u00e4 on 20 vuoden historia.<\/p>\n<p class=\"article-body mb-nof-24 px-nof-16\">\u2013 Meill\u00e4 on ollut hetki\u00e4, jolloin olemme ajatelleet, ett\u00e4 nyt on aika l\u00e4hte\u00e4 erilleen. Ihmiset kasvavat tietyll\u00e4 tapaa erilleen.<\/p>\n<p class=\"article-body mb-nof-24 px-nof-16\">Kallen ty\u00f6 vie h\u00e4nt\u00e4 p\u00e4\u00e4s\u00e4\u00e4nt\u00f6isesti koko vuoden ymp\u00e4ri Eurooppaa.<\/p>\n<p class=\"article-body mb-nof-24 px-nof-16\">\u2013 Kun h\u00e4n lopetti hiiht\u00e4misen, ajattelin, ett\u00e4 ehk\u00e4 h\u00e4n on enemm\u00e4n kotona, mutta totuus on, ettei h\u00e4nest\u00e4 koskaan tule sellaista ihmist\u00e4, joka olisi kotona.<\/p>\n<p class=\"article-body mb-nof-24 px-nof-16\">Palander kertoo, ett\u00e4 t\u00e4st\u00e4 syyst\u00e4 he ovat el\u00e4neet omia el\u00e4mi\u00e4\u00e4n.<\/p>\n<p class=\"article-body mb-nof-24 px-nof-16\">\u2013 En ole ollut h\u00e4nen kanssaan sellaisessa suhteessa, jossa elet\u00e4\u00e4n normaalia arkea saman katon alla. Se oli aina sit\u00e4, ett\u00e4 tullaan laukun kanssa, pest\u00e4\u00e4n pyykit, ollaan pari p\u00e4iv\u00e4\u00e4, l\u00e4hdet\u00e4\u00e4n, enk\u00e4 tied\u00e4 milloin seuraavan kerran n\u00e4hd\u00e4\u00e4n.<\/p>\n<p class=\"article-body mb-nof-24 px-nof-16\">\u2013 Sellaisessa liitossa on haastavaa mietti\u00e4, ett\u00e4 ollaanko me yhdess\u00e4, vai mit\u00e4 t\u00e4m\u00e4 on. Sit\u00e4 on mekin moneen otteeseen mietitty.<\/p>\n<p class=\"article-body mb-nof-24 px-nof-16\">\u2013 Nyt ollaan tilanteessa, ett\u00e4 edelleenk\u00e4\u00e4n ei ehk\u00e4 haluta olla erill\u00e4\u00e4n. Me ei olla ehk\u00e4 erottu, mutta kun me molemmat elet\u00e4\u00e4n omaa el\u00e4m\u00e4\u00e4, niin on vaikea l\u00f6yt\u00e4\u00e4 yhteist\u00e4 tiet\u00e4.<\/p>\n<p class=\"article-body mb-nof-24 px-nof-16\">Riina-Maija Palander kertoo heid\u00e4n olevan edelleen naimisissa. Vaikka tiivist\u00e4 yhteist\u00e4 asumista ei ole, he pit\u00e4v\u00e4t tiiviisti yhteytt\u00e4. He ovat olleet yhteydess\u00e4 viimeksi t\u00e4n\u00e4\u00e4n.<\/p>\n<p class=\"article-body mb-nof-24 px-nof-16\">\u2013 Totta kai, meill\u00e4 on yhteiset lapset! Meill\u00e4 on yhteiset yritykset. Meid\u00e4n t\u00e4ytyy aika isoa palettia py\u00f6ritt\u00e4\u00e4. Se on ollut aina haaste, yhteisen ajan l\u00f6yt\u00e4minen.<\/p>\n<p class=\"article-body mb-nof-24 px-nof-16\">Palanderilta kysyttiin haastattelussa viel\u00e4, ett\u00e4 onko ero tulossa vai leijuuko tilanne ilmassa. Palander reagoi kysymykseen nauramalla.<\/p>\n<p class=\"article-body mb-nof-24 px-nof-16\">\u2013 Oletko ikin\u00e4 seurustellut kenenk\u00e4\u00e4n kanssa? V\u00e4lill\u00e4h\u00e4n tulee fiilis, ett\u00e4 panen kaiken likoon, en jaksa tota ihmist\u00e4 en\u00e4\u00e4. Ja sitten tulee parempi p\u00e4iv\u00e4.<\/p>\n<p class=\"article-body mb-nof-24 px-nof-16\">Suuttumuksen hetkell\u00e4 ero saattaa k\u00e4yd\u00e4 mieless\u00e4, mutta Palanderin mukaan seuraavana p\u00e4iv\u00e4n\u00e4 mieleen muistuvat yhteiset lapset ja yritykset.<\/p>\n<p class=\"article-body mb-nof-24 px-nof-16\">\u2013 Ett\u00e4 l\u00e4hde siit\u00e4 nyt sitten&#8230; Et s\u00e4 voi itsekk\u00e4\u00e4sti ajatella itse\u00e4si koko ajan. Ei se el\u00e4m\u00e4 vaan mene niin. V\u00e4lill\u00e4 me halutaan erota, v\u00e4lill\u00e4 ei.<\/p>\n<p class=\"article-body mb-nof-24 px-nof-16\">Palanderia ei ole n\u00e4hty julkisuudessa sen j\u00e4lkeen, kun h\u00e4n joutui erikoisen avioeroprosessin keskelle. Palanderin puoliso, alppihiiht\u00e4j\u00e4 <a class=\"article-personlink\" href=\"https:\/\/www.is.fi\/haku\/?query=Kalle%20Palander\" rel=\"nofollow noopener\" target=\"_blank\">Kalle Palander<\/a> j\u00e4tti avioerohakemuksen L\u00e4nsi-Uudenmaan k\u00e4r\u00e4j\u00e4oikeuteen 7. tammikuuta.<\/p>\n<p class=\"article-body mb-nof-24 px-nof-16\">Toukokuussa k\u00e4r\u00e4j\u00e4oikeus p\u00e4\u00e4tti, ett\u00e4 avioerohakemus j\u00e4tet\u00e4\u00e4n tutkimatta. Oikeus oli pyyt\u00e4nyt Kalle Palanderilta t\u00e4ydennyst\u00e4 hakemukseen, mutta h\u00e4n j\u00e4tti t\u00e4ydennyksen tekem\u00e4tt\u00e4 m\u00e4\u00e4r\u00e4aikaan menness\u00e4.<\/p>\n<p class=\"article-body mb-nof-24 px-nof-16\">Avioerohakemus oli pitk\u00e4\u00e4n j\u00e4iss\u00e4, sill\u00e4 erohakemusta ei ollut tiedoksiannettu Riina-Maija Palanderille. Asialle oli pantu haastemies, joka ei ollut tavoittanut Palanderia.<\/p>\n<p class=\"article-body mb-nof-24 px-nof-16\">Samoihin aikoihin Palander j\u00e4tt\u00e4ytyi pois <a class=\"article-personlink\" href=\"https:\/\/www.is.fi\/haku\/?query=Petri%20Voutilaisen\" rel=\"nofollow noopener\" target=\"_blank\">Petri Voutilaisen<\/a> kanssa pit\u00e4m\u00e4st\u00e4\u00e4n podcastista.<\/p>\n<p class=\"article-body mb-nof-24 px-nof-16\">Palanderit pysyiv\u00e4t erosotkunsa j\u00e4lkeen vaitonaisina parisuhteensa tilanteesta. Sek\u00e4 Riina-Maija Palander ett\u00e4 Kalle Palander julkaisivat kes\u00e4ll\u00e4 kuvia heid\u00e4n Virossa sijaitsevalta kartanoltaan.<\/p>\n<p class=\"article-body mb-nof-24 px-nof-16\">Riina-Maija Palander kertoi syyskuussa Instagramissa, ett\u00e4 h\u00e4n vet\u00e4ytyi kartanolle suojatakseen itse\u00e4\u00e4n.<\/p>\n<p class=\"article-body mb-nof-24 px-nof-16\">\u2013 Oon ollu yli puol vuotta t\u00e4ysin hiljaa n\u00e4kem\u00e4tt\u00e4 yht\u00e4 ainoaa yst\u00e4v\u00e4\u00e4. Koin tarpeelliseksi suojata itse\u00e4ni ja vet\u00e4ydyin hiljaisuuden retriittiin.<\/p>\n","protected":false},"excerpt":{"rendered":"Riina-Maija Palander katosi julkisuudesta erokohunsa j\u00e4lkimainingeissa. Riina-Maija Palander kertoo suhteestaan Kalleen. Pitk\u00e4\u00e4n poissa julkisuudesta pysytellyt Riina-Maija Palander palasi&hellip;\n","protected":false},"author":2,"featured_media":108632,"comment_status":"","ping_status":"","sticky":false,"template":"","format":"standard","meta":{"footnotes":""},"categories":[136],"tags":[407,137,33,31,30,34,408,32,109],"class_list":{"0":"post-108631","1":"post","2":"type-post","3":"status-publish","4":"format-standard","5":"has-post-thumbnail","7":"category-julkkikset","8":"tag-celebrities","9":"tag-entertainment","10":"tag-fi","11":"tag-finland","12":"tag-finnish","13":"tag-ilta-sanomat","14":"tag-julkkikset","15":"tag-suomi","16":"tag-viihde"},"share_on_mastodon":{"url":"https:\/\/pubeurope.com\/@fi\/115668312872799095","error":""},"_links":{"self":[{"href":"https:\/\/www.europesays.com\/fi\/wp-json\/wp\/v2\/posts\/108631","targetHints":{"allow":["GET"]}}],"collection":[{"href":"https:\/\/www.europesays.com\/fi\/wp-json\/wp\/v2\/posts"}],"about":[{"href":"https:\/\/www.europesays.com\/fi\/wp-json\/wp\/v2\/types\/post"}],"author":[{"embeddable":true,"href":"https:\/\/www.europesays.com\/fi\/wp-json\/wp\/v2\/users\/2"}],"replies":[{"embeddable":true,"href":"https:\/\/www.europesays.com\/fi\/wp-json\/wp\/v2\/comments?post=108631"}],"version-history":[{"count":0,"href":"https:\/\/www.europesays.com\/fi\/wp-json\/wp\/v2\/posts\/108631\/revisions"}],"wp:featuredmedia":[{"embeddable":true,"href":"https:\/\/www.europesays.com\/fi\/wp-json\/wp\/v2\/media\/108632"}],"wp:attachment":[{"href":"https:\/\/www.europesays.com\/fi\/wp-json\/wp\/v2\/media?parent=108631"}],"wp:term":[{"taxonomy":"category","embeddable":true,"href":"https:\/\/www.europesays.com\/fi\/wp-json\/wp\/v2\/categories?post=108631"},{"taxonomy":"post_tag","embeddable":true,"href":"https:\/\/www.europesays.com\/fi\/wp-json\/wp\/v2\/tags?post=108631"}],"curies":[{"name":"wp","href":"https:\/\/api.w.org\/{rel}","templated":true}]}}