{"id":108635,"date":"2025-12-05T18:19:09","date_gmt":"2025-12-05T18:19:09","guid":{"rendered":"https:\/\/www.europesays.com\/fi\/108635\/"},"modified":"2025-12-05T18:19:09","modified_gmt":"2025-12-05T18:19:09","slug":"mewn-perjantainen-helsingin-keikka-siirtyy-hs-fi","status":"publish","type":"post","link":"https:\/\/www.europesays.com\/fi\/108635\/","title":{"rendered":"Mew\u2019n perjantainen Helsingin-keikka siirtyy | HS.fi"},"content":{"rendered":"<p>Konsertit|Keikka siirtyy solistin sairastumisen vuoksi.<\/p>\n<p class=\"article-body mb-nof-24 px-nof-16\">Tanskalaisen Mew-yhtyeen t\u00e4m\u00e4np\u00e4iv\u00e4inen keikka Helsingin J\u00e4\u00e4hallissa siirtyy.<\/p>\n<p class=\"article-body mb-nof-24 px-nof-16\">Syy on solistin sairastuminen, <a class=\"article-genericlink\" href=\"https:\/\/www.livenation.fi\/event\/mew-30-the-farewell-shows-helsinki-tickets-edp1603777\" rel=\"nofollow noopener\" target=\"_blank\">tiedottaa<\/a> tapahtuman j\u00e4rjest\u00e4j\u00e4 Live Nation verkkosivuillaan.<\/p>\n<p class=\"article-body mb-nof-24 px-nof-16\">\u201dSolistilla on \u00e4\u00e4neen liittyvi\u00e4 komplikaatioita, eik\u00e4 h\u00e4n voi valitettavasti esiinty\u00e4\u201d, tiedotteessa kerrotaan.<\/p>\n<p class=\"article-body mb-nof-24 px-nof-16\">J\u00e4rjest\u00e4j\u00e4n mukaan keikalle etsit\u00e4\u00e4n uutta p\u00e4iv\u00e4\u00e4. Jo ostetut liput p\u00e4tev\u00e4t uutena keikkap\u00e4iv\u00e4n\u00e4 sellaisenaan. Ticketmaster l\u00e4hett\u00e4\u00e4 lis\u00e4ohjeistuksen kaikille lipun ostaneille s\u00e4hk\u00f6postitse.<\/p>\n<p class=\"article-body mb-nof-24 px-nof-16\">B\u00e4ndi ja Live Nation pahoittelevat aikataulumuutosta omissa Instagram-tarinoissaan.<\/p>\n<p class=\"article-body mb-nof-24 px-nof-16\">Asiasta <a class=\"article-genericlink\" href=\"https:\/\/www.iltalehti.fi\/viihdeuutiset\/a\/22741940-a954-41fb-a38b-7e5192278f5f\" rel=\"nofollow noopener\" target=\"_blank\">kertoi<\/a> aiemmin Iltalehti.<\/p>\n<p class=\"article-body mb-nof-24 px-nof-16\">Mew <a class=\"article-genericlink\" href=\"https:\/\/www.hs.fi\/kulttuuri\/art-2000010689400.html\" rel=\"nofollow noopener\" target=\"_blank\">kertoi <\/a>viime vuonna lopettavansa.<\/p>\n<p class=\"article-body mb-nof-24 px-nof-16\">B\u00e4ndi on esiintynyt ahkerasti Suomessa. Viimeksi b\u00e4ndi konsertoi Helsingin Musiikkitalolla viime vuoden huhtikuussa.<\/p>\n","protected":false},"excerpt":{"rendered":"Konsertit|Keikka siirtyy solistin sairastumisen vuoksi. Tanskalaisen Mew-yhtyeen t\u00e4m\u00e4np\u00e4iv\u00e4inen keikka Helsingin J\u00e4\u00e4hallissa siirtyy. Syy on solistin sairastuminen, tiedottaa tapahtuman&hellip;\n","protected":false},"author":2,"featured_media":108636,"comment_status":"","ping_status":"","sticky":false,"template":"","format":"standard","meta":{"footnotes":""},"categories":[130],"tags":[137,33,31,30,46,32,109],"class_list":{"0":"post-108635","1":"post","2":"type-post","3":"status-publish","4":"format-standard","5":"has-post-thumbnail","7":"category-viihde","8":"tag-entertainment","9":"tag-fi","10":"tag-finland","11":"tag-finnish","12":"tag-helsingin-sanomat","13":"tag-suomi","14":"tag-viihde"},"share_on_mastodon":{"url":"https:\/\/pubeurope.com\/@fi\/115668344063196155","error":""},"_links":{"self":[{"href":"https:\/\/www.europesays.com\/fi\/wp-json\/wp\/v2\/posts\/108635","targetHints":{"allow":["GET"]}}],"collection":[{"href":"https:\/\/www.europesays.com\/fi\/wp-json\/wp\/v2\/posts"}],"about":[{"href":"https:\/\/www.europesays.com\/fi\/wp-json\/wp\/v2\/types\/post"}],"author":[{"embeddable":true,"href":"https:\/\/www.europesays.com\/fi\/wp-json\/wp\/v2\/users\/2"}],"replies":[{"embeddable":true,"href":"https:\/\/www.europesays.com\/fi\/wp-json\/wp\/v2\/comments?post=108635"}],"version-history":[{"count":0,"href":"https:\/\/www.europesays.com\/fi\/wp-json\/wp\/v2\/posts\/108635\/revisions"}],"wp:featuredmedia":[{"embeddable":true,"href":"https:\/\/www.europesays.com\/fi\/wp-json\/wp\/v2\/media\/108636"}],"wp:attachment":[{"href":"https:\/\/www.europesays.com\/fi\/wp-json\/wp\/v2\/media?parent=108635"}],"wp:term":[{"taxonomy":"category","embeddable":true,"href":"https:\/\/www.europesays.com\/fi\/wp-json\/wp\/v2\/categories?post=108635"},{"taxonomy":"post_tag","embeddable":true,"href":"https:\/\/www.europesays.com\/fi\/wp-json\/wp\/v2\/tags?post=108635"}],"curies":[{"name":"wp","href":"https:\/\/api.w.org\/{rel}","templated":true}]}}