{"id":108645,"date":"2025-12-05T18:37:09","date_gmt":"2025-12-05T18:37:09","guid":{"rendered":"https:\/\/www.europesays.com\/fi\/108645\/"},"modified":"2025-12-05T18:37:09","modified_gmt":"2025-12-05T18:37:09","slug":"ylen-sarjassa-maan-puolustajat-ovat-mukana-eeli-laitaneva-nikki-taifuun-ja-lari-vanhala","status":"publish","type":"post","link":"https:\/\/www.europesays.com\/fi\/108645\/","title":{"rendered":"Ylen sarjassa Maan puolustajat ovat mukana Eeli Laitaneva, Nikki Taifuun ja Lari Vanhala"},"content":{"rendered":"<p>Yle dokumentaarinen sarja n\u00e4ytt\u00e4\u00e4 kolmen p\u00e4\u00e4henkil\u00f6n kautta, mit\u00e4 nuoret suomalais\u00adaikuiset ajattelevat maanpuolustuksesta Ukrainan sodan alkamisen j\u00e4lkeen.<\/p>\n<p class=\"article-body mb-nof-24 px-nof-16\">Tv-lehti arvioi: Dokumentaarinen Maan puolustajat -sarja (2025) n\u00e4ytt\u00e4\u00e4 ansiokkaasti, miten eri tavoin Ukrainan sota on vaikuttanut suomalaisten nuorten aikuisten ajatusmaailmaan.<\/p>\n<p class=\"article-body mb-nof-24 px-nof-16\">Kahdeksanosaisessa sarjassa on kolme p\u00e4\u00e4henkil\u00f6\u00e4, jotka ovat kesken\u00e4\u00e4n hyvin erilaisia. Se tuo jaksoihin kiitett\u00e4v\u00e4\u00e4 monipuolisuutta. Puolustustaidoissa kokemattoman <a class=\"article-personlink\" href=\"https:\/\/www.is.fi\/haku\/?query=Nikki%20Taifuunin\" rel=\"nofollow noopener\" target=\"_blank\">Nikki Taifuunin<\/a>, 34, lis\u00e4ksi ohjelmassa tutustutaan reserviupseeri\u00adkoulutuksen aloittavaan <a class=\"article-personlink\" href=\"https:\/\/www.is.fi\/haku\/?query=Eeli%20Laitanevaan\" rel=\"nofollow noopener\" target=\"_blank\">Eeli Laitanevaan<\/a>, 20, sek\u00e4 <a class=\"article-personlink\" href=\"https:\/\/www.is.fi\/haku\/?query=Lari%20Vanhalaan\" rel=\"nofollow noopener\" target=\"_blank\">Lari Vanhalaan<\/a>, 23, joka l\u00e4htee Ukrainaan tapaamaan paikallisia sota\u00adveteraaneja.<\/p>\n<p class=\"article-body mb-nof-24 px-nof-16\">Filippiinil\u00e4istaustainen Taifuun my\u00f6nt\u00e4\u00e4 sarjassa olevansa \u201dkaupunkilainen kermaperse\u201d. Siksi onkin erityisen kiinnostavaa kuulla, miksi ihmeess\u00e4 h\u00e4n r\u00e4mpii mets\u00e4ss\u00e4 selviytymis\u00adkursseilla tai harjoittelee ampuma\u00adradalla aseenk\u00e4ytt\u00f6\u00e4.<\/p>\n<p class=\"article-body mb-nof-24 px-nof-16\">Syyn\u00e4 on Ukrainan sota. Se on saanut Taifuunin paitsi pelk\u00e4\u00e4m\u00e4\u00e4n my\u00f6s kiinnostumaan itsens\u00e4 ja Suomen puolustamisesta.<\/p>\n<p class=\"article-body mb-nof-24 px-nof-16\">\u2013 Olen 34-vuotias nainen, joka ei ole k\u00e4ynyt intti\u00e4. Mit\u00e4 minulle tapahtuu, mit\u00e4 pit\u00e4isi osata tehd\u00e4?<\/p>\n<p><img decoding=\"async\" src=\"https:\/\/www.europesays.com\/fi\/wp-content\/uploads\/2025\/12\/1764959828_498_468.jpg\" alt=\"Nikki Taifuun arvioi, ett\u00e4 h\u00e4n voisi k\u00e4ytt\u00e4\u00e4 oman aseen hankkimiseen 5\u202f000\u20137\u202f000 euroa.\" class=\"_Img_1rerz_1\" style=\"aspect-ratio:2\" loading=\"eager\"\/><\/p>\n<p class=\"article-picture-caption\">Nikki Taifuun arvioi, ett\u00e4 h\u00e4n voisi k\u00e4ytt\u00e4\u00e4 oman aseen hankkimiseen 5\u202f000\u20137\u202f000 euroa. Kuva:\u00a0Yle<\/p>\n<p class=\"article-body mb-nof-24 px-nof-16\">Aseiden saloihin h\u00e4nt\u00e4 kouluttaa <a class=\"article-personlink\" href=\"https:\/\/www.is.fi\/haku\/?query=Sami%20Kallinen\" rel=\"nofollow noopener\" target=\"_blank\">Sami Kallinen<\/a>. Kallinen sanoo, ett\u00e4 jopa perheen\u00e4idit ovat aktivoituneet harjoittelemaan aseen k\u00e4sittelemist\u00e4.<\/p>\n<p class=\"article-body mb-nof-24 px-nof-16\">\u2013 Kun on tullut sotarikoksia ilmi siell\u00e4 rintamalla, niin on huomattu, ett\u00e4 n\u00e4k\u00f6j\u00e4\u00e4n t\u00e4ytyy osata itse\u00e4\u00e4nkin puolustaa.<\/p>\n<p class=\"article-body mb-nof-24 px-nof-16\">Taifuun haluaa hankkia aseen. Jotta lupahakemuksen kiv\u00e4\u00e4ri\u00e4 varten voi laittaa vet\u00e4m\u00e4\u00e4n, pit\u00e4\u00e4 olla esimerkiksi harrastuneisuutta vuoden ajalta.<\/p>\n<p class=\"article-body mb-nof-24 px-nof-16\">\u2013 Sitten voin unelmoida viel\u00e4 enemm\u00e4n t\u00e4st\u00e4 \u201dpyssyk\u00e4st\u00e4\u201d.<\/p>\n<p class=\"article-body mb-nof-24 px-nof-16\">Oikeaa asetta odotellessaan h\u00e4n on joutunut tyytym\u00e4\u00e4n jouluna piparitaikinasta leipomaansa kiv\u00e4\u00e4riin.<\/p>\n<p><img decoding=\"async\" src=\"https:\/\/www.europesays.com\/fi\/wp-content\/uploads\/2025\/12\/1764959829_506_468.jpg\" alt=\"Eeli Laitaneva (vas.) p\u00e4\u00e4see johtamaan harjoitusta Reserviupseerikoulussa.\" class=\"_Img_1rerz_1\" style=\"aspect-ratio:1.7777777777777777\" loading=\"eager\"\/><\/p>\n<p class=\"article-picture-caption\">Eeli Laitaneva (vas.) p\u00e4\u00e4see johtamaan harjoitusta Reserviupseerikoulussa. Kuva:\u00a0Yle<\/p>\n<p class=\"article-body mb-nof-24 px-nof-16\">Laitaneva puolestaan aloittaa ohjelman alussa armeijan. H\u00e4n kertoo halunneensa erikoisraja\u00adj\u00e4\u00e4k\u00e4riksi, mutta loukkaantuminen esti sen. Uudeksi tavoitteeksi tuli Haminassa sijaitseva Reserviupseerikoulu (RUK), jonne Laitaneva onnekseen p\u00e4\u00e4see. H\u00e4n kokee, ett\u00e4 maailmantilanne on l\u00e4htenyt k\u00e4sist\u00e4.<\/p>\n<p class=\"article-body mb-nof-24 px-nof-16\">\u2013 Sen takia olen armeijassa, ett\u00e4 olen valmis menem\u00e4\u00e4n ja mahdollisesti jopa kuolemaan maani puolesta, h\u00e4n perustelee.<\/p>\n<p class=\"article-body mb-nof-24 px-nof-16\">Sarjassa seurataan Laitanevan upseerikoulutusta. Kuukausien kuluessa Laitaneva huomaa, ett\u00e4 h\u00e4nell\u00e4 on ollut v\u00e4\u00e4ristynyt kuva siit\u00e4, millaista armeijassa on oikeasti.<\/p>\n<p><img decoding=\"async\" src=\"https:\/\/www.europesays.com\/fi\/wp-content\/uploads\/2025\/12\/1764959829_93_468.jpg\" alt=\"Intin j\u00e4lkeen Lari Vanhala ei aikonut pukeutua armeijan maastopukuun en\u00e4\u00e4 koskaan, mutta toisin k\u00e4vi.\" class=\"_Img_1rerz_1\" style=\"aspect-ratio:2\" loading=\"eager\"\/><\/p>\n<p class=\"article-picture-caption\">Intin j\u00e4lkeen Lari Vanhala ei aikonut pukeutua armeijan maastopukuun en\u00e4\u00e4 koskaan, mutta toisin k\u00e4vi. Kuva:\u00a0Yle<\/p>\n<p class=\"article-body mb-nof-24 px-nof-16\">Lari Vanhalalla on vain yksi hyv\u00e4 lapsuudenyst\u00e4v\u00e4, videopelin chatin kautta l\u00f6ytynyt <a class=\"article-personlink\" href=\"https:\/\/www.is.fi\/haku\/?query=Jinx\" rel=\"nofollow noopener\" target=\"_blank\">Jinx<\/a>. Kun t\u00e4m\u00e4 p\u00e4\u00e4tti l\u00e4hte\u00e4 Ukrainaan sotimaan, se sytytti Vanhalassa vihan Ven\u00e4j\u00e4\u00e4 kohtaan.<\/p>\n<p class=\"article-body mb-nof-24 px-nof-16\">Vanhala kokee, ett\u00e4 my\u00f6s h\u00e4nen on pakko kantaa kortensa kekoon.<\/p>\n<p class=\"article-body mb-nof-24 px-nof-16\">\u2013 Olin niin varma, ett\u00e4 l\u00e4hden itsekin, mut j\u00e4in kuitenkin t\u00e4nne Suomeen. Mieluummin lannoitan Karjalan multaa itse.<\/p>\n<p class=\"article-body mb-nof-24 px-nof-16\">Ukrainan sijaan h\u00e4n l\u00e4hti kursseille, marsseille ja ampumaradoille.<\/p>\n<p class=\"article-body mb-nof-24 px-nof-16\">\u2013 L\u00e4hipiiri luuli, ett\u00e4 minussa kilahti jokin. Sanoin, ett\u00e4 min\u00e4 vain teen sen, mit\u00e4 olisi pit\u00e4nyt tehd\u00e4 aikaisemminkin.<\/p>\n<p class=\"article-body mb-nof-24 px-nof-16\">Ohjelmassa Vanhala matkustaa Ukrainaan kuulemaan paikallisten sotilaiden kokemuksia rintamalta ottaakseen niist\u00e4 oppia.<\/p>\n<p class=\"article-body mb-nof-24 px-nof-16\">\u2013\u2009El\u00e4m\u00e4ns\u00e4 arvoa ei todella tajua ennen kuin on tilanteessa, jossa sen voi oikeasti menett\u00e4\u00e4, sotaveteraani <a class=\"article-personlink\" href=\"https:\/\/www.is.fi\/haku\/?query=Dan\" rel=\"nofollow noopener\" target=\"_blank\">Dan<\/a> sanoo Vanhalalle.<\/p>\n<p><img decoding=\"async\" src=\"https:\/\/www.europesays.com\/fi\/wp-content\/uploads\/2025\/12\/1764959829_777_468.jpg\" alt=\"Ukrainassa Lari Vanhala k\u00e4y kunnioittamassa vuonna 2024 kaatunutta Sipaa, joka oli tiett\u00e4v\u00e4sti kuudes Ukrainan puolesta kaatunut suomalainen vapaaehtoinen.\" class=\"_Img_1rerz_1\" style=\"aspect-ratio:1.7777777777777777\" loading=\"eager\"\/><\/p>\n<p class=\"article-picture-caption\">Ukrainassa Lari Vanhala k\u00e4y kunnioittamassa vuonna 2024 kaatunutta Sipaa, joka oli tiett\u00e4v\u00e4sti kuudes Ukrainan puolesta kaatunut suomalainen vapaaehtoinen. Kuva:\u00a0Yle<\/p>\n<p class=\"article-body mb-nof-24 px-nof-16\">Sarjan alkuper\u00e4isidean takana ovat Ylen <a class=\"article-personlink\" href=\"https:\/\/www.is.fi\/haku\/?query=Jarmo%20Laitaneva\" rel=\"nofollow noopener\" target=\"_blank\">Jarmo Laitaneva<\/a> ja <a class=\"article-personlink\" href=\"https:\/\/www.is.fi\/haku\/?query=Johannes%20Niva\" rel=\"nofollow noopener\" target=\"_blank\">Johannes Niva<\/a>. Nivan ja <a class=\"article-personlink\" href=\"https:\/\/www.is.fi\/haku\/?query=Tommi%20Ketosen\" rel=\"nofollow noopener\" target=\"_blank\">Tommi Ketosen<\/a> ohjaaman sarjan jaksot ovat tiiviit\u00e4, vain hieman yli 10-minuuttisia. Se ei tee hallaa ohjelman sis\u00e4ll\u00f6lle. Noiden minuuttien aikana ehdit\u00e4\u00e4n nimitt\u00e4in tutustua p\u00e4\u00e4henkil\u00f6iden toimintaan, ajatusmaailmaan ja vaikuttimiin yll\u00e4tt\u00e4v\u00e4nkin hyvin.<\/p>\n<p class=\"article-body mb-nof-24 px-nof-16\">Esimerkiksi Vanhala kertoo, ett\u00e4 h\u00e4nt\u00e4 on kiusattu ala-asteelta l\u00e4htien. H\u00e4n on ollut my\u00f6hemminkin yksin\u00e4inen. Vapaaehtois\u00adtoiminta maanpuolustuksen ja Ukrainan hyv\u00e4ksi saavat h\u00e4net osaksi porukkaa sek\u00e4 luovat merkityksellisyyden tunnetta ja ylpeytt\u00e4 omista teoistaan.<\/p>\n<p class=\"article-body nof-ui-body-medium mb-nof-24 px-nof-16\">Maan puolustajat perjantaina 5.12. Yle Areena &amp; torstaina 25.12. alkaen TV2 klo 20.00<\/p>\n","protected":false},"excerpt":{"rendered":"Yle dokumentaarinen sarja n\u00e4ytt\u00e4\u00e4 kolmen p\u00e4\u00e4henkil\u00f6n kautta, mit\u00e4 nuoret suomalais\u00adaikuiset ajattelevat maanpuolustuksesta Ukrainan sodan alkamisen j\u00e4lkeen. Tv-lehti arvioi:&hellip;\n","protected":false},"author":2,"featured_media":108646,"comment_status":"","ping_status":"","sticky":false,"template":"","format":"standard","meta":{"footnotes":""},"categories":[136],"tags":[407,137,33,31,30,34,408,32,109],"class_list":{"0":"post-108645","1":"post","2":"type-post","3":"status-publish","4":"format-standard","5":"has-post-thumbnail","7":"category-julkkikset","8":"tag-celebrities","9":"tag-entertainment","10":"tag-fi","11":"tag-finland","12":"tag-finnish","13":"tag-ilta-sanomat","14":"tag-julkkikset","15":"tag-suomi","16":"tag-viihde"},"share_on_mastodon":{"url":"https:\/\/pubeurope.com\/@fi\/115668415084018896","error":""},"_links":{"self":[{"href":"https:\/\/www.europesays.com\/fi\/wp-json\/wp\/v2\/posts\/108645","targetHints":{"allow":["GET"]}}],"collection":[{"href":"https:\/\/www.europesays.com\/fi\/wp-json\/wp\/v2\/posts"}],"about":[{"href":"https:\/\/www.europesays.com\/fi\/wp-json\/wp\/v2\/types\/post"}],"author":[{"embeddable":true,"href":"https:\/\/www.europesays.com\/fi\/wp-json\/wp\/v2\/users\/2"}],"replies":[{"embeddable":true,"href":"https:\/\/www.europesays.com\/fi\/wp-json\/wp\/v2\/comments?post=108645"}],"version-history":[{"count":0,"href":"https:\/\/www.europesays.com\/fi\/wp-json\/wp\/v2\/posts\/108645\/revisions"}],"wp:featuredmedia":[{"embeddable":true,"href":"https:\/\/www.europesays.com\/fi\/wp-json\/wp\/v2\/media\/108646"}],"wp:attachment":[{"href":"https:\/\/www.europesays.com\/fi\/wp-json\/wp\/v2\/media?parent=108645"}],"wp:term":[{"taxonomy":"category","embeddable":true,"href":"https:\/\/www.europesays.com\/fi\/wp-json\/wp\/v2\/categories?post=108645"},{"taxonomy":"post_tag","embeddable":true,"href":"https:\/\/www.europesays.com\/fi\/wp-json\/wp\/v2\/tags?post=108645"}],"curies":[{"name":"wp","href":"https:\/\/api.w.org\/{rel}","templated":true}]}}