{"id":108654,"date":"2025-12-05T18:51:09","date_gmt":"2025-12-05T18:51:09","guid":{"rendered":"https:\/\/www.europesays.com\/fi\/108654\/"},"modified":"2025-12-05T18:51:09","modified_gmt":"2025-12-05T18:51:09","slug":"minja-korhonen-ja-heta-hirvonen-ylsivat-yhdistetyssa-kymmenen-joukkoon-urheilu","status":"publish","type":"post","link":"https:\/\/www.europesays.com\/fi\/108654\/","title":{"rendered":"Minja Korhonen ja Heta Hirvonen ylsiv\u00e4t yhdistetyss\u00e4 kymmenen joukkoon | Urheilu"},"content":{"rendered":"<p>Suomen Minja Korhonen oli perjantaina viides ja Heta Hirvonen yhdeks\u00e4s yhdistetyn naisten maailmancupin kauden avauskilpailussa Norjan Trondheimissa.<\/p>\n<p>Korhonen h\u00e4visi kilpailun voittaneelle Norjan Ida Marie Hagenille 55,7 sekuntia. Hirvosen ero k\u00e4rkeen oli 1.22,2 minuuttia.<\/p>\n<p>\u2013\u2009T\u00e4ss\u00e4 ei ihan liikaa ole p\u00e4\u00e4ssyt viel\u00e4 suksella hiiht\u00e4m\u00e4\u00e4n. Se kyll\u00e4 varmasti viel\u00e4 n\u00e4kyy, ja varmasti (hiihto) viel\u00e4 paranee, kun saa kilpailuja alle. M\u00e4kiosuudella ei viel\u00e4 ollut ihan parasta tekemist\u00e4, mutta siin\u00e4 on varmasti viel\u00e4 paljon metrej\u00e4 saatavilla pienill\u00e4 korjauksilla, Korhonen sanoi Hiihtoliiton<a href=\"https:\/\/hiihtoliitto.fi\/minja-korhonen-ja-heta-hirvonen-kymmenen-parhaan-joukkoon-kauden-avauksessa-trondheimissa\/\" rel=\"nofollow noopener\" target=\"_blank\"> kotisivuilla<\/a>.<\/p>\n<p>Toiseksi ylsi Saksan Nathalie Armbruster ja kolmanneksi Yhdysvaltain Alexa Brabec. Voittotaistelu oli tiukka, sill\u00e4 Armbruster h\u00e4visi Hagenille 0,1 sekuntia.<\/p>\n<p>Hirvonen oli m\u00e4en j\u00e4lkeen toisena ja p\u00e4\u00e4si viiden kilometrin hiihto-osuudelle 58 sekuntia Norjan Ingrid L\u00e5tea per\u00e4ss\u00e4. Korhonen oli m\u00e4kiosuuden seitsem\u00e4s. L\u00e5te putosi lopulta kahdeksanneksi.<\/p>\n<p>Hirvonen nappasi samalla parhaan henkil\u00f6kohtaisen sijoituksensa yhdistetyn maailmancupissa.<\/p>\n","protected":false},"excerpt":{"rendered":"Suomen Minja Korhonen oli perjantaina viides ja Heta Hirvonen yhdeks\u00e4s yhdistetyn naisten maailmancupin kauden avauskilpailussa Norjan Trondheimissa. Korhonen&hellip;\n","protected":false},"author":2,"featured_media":108655,"comment_status":"","ping_status":"","sticky":false,"template":"","format":"standard","meta":{"footnotes":""},"categories":[5],"tags":[22,23,26,27,33,31,30,17,2096,24,25,41,3318,28,29,15,18,21,2668,32,1145,19,20,19775,161,16],"class_list":{"0":"post-108654","1":"post","2":"type-post","3":"status-publish","4":"format-standard","5":"has-post-thumbnail","7":"category-otsikot","8":"tag-breaking-news","9":"tag-breakingnews","10":"tag-featured-news","11":"tag-featurednews","12":"tag-fi","13":"tag-finland","14":"tag-finnish","15":"tag-headlines","16":"tag-hiihtolajit","17":"tag-latest-news","18":"tag-latestnews","19":"tag-liikunta-ja-urheilu","20":"tag-maastohiihto","21":"tag-main-news","22":"tag-mainnews","23":"tag-news","24":"tag-otsikot","25":"tag-paauutiset","26":"tag-pohjoismaiset-hiihtolajit","27":"tag-suomi","28":"tag-talviurheilu","29":"tag-top-stories","30":"tag-topstories","31":"tag-trondheim","32":"tag-urheilutapahtumat","33":"tag-uutiset"},"share_on_mastodon":{"url":"https:\/\/pubeurope.com\/@fi\/115668469887388334","error":""},"_links":{"self":[{"href":"https:\/\/www.europesays.com\/fi\/wp-json\/wp\/v2\/posts\/108654","targetHints":{"allow":["GET"]}}],"collection":[{"href":"https:\/\/www.europesays.com\/fi\/wp-json\/wp\/v2\/posts"}],"about":[{"href":"https:\/\/www.europesays.com\/fi\/wp-json\/wp\/v2\/types\/post"}],"author":[{"embeddable":true,"href":"https:\/\/www.europesays.com\/fi\/wp-json\/wp\/v2\/users\/2"}],"replies":[{"embeddable":true,"href":"https:\/\/www.europesays.com\/fi\/wp-json\/wp\/v2\/comments?post=108654"}],"version-history":[{"count":0,"href":"https:\/\/www.europesays.com\/fi\/wp-json\/wp\/v2\/posts\/108654\/revisions"}],"wp:featuredmedia":[{"embeddable":true,"href":"https:\/\/www.europesays.com\/fi\/wp-json\/wp\/v2\/media\/108655"}],"wp:attachment":[{"href":"https:\/\/www.europesays.com\/fi\/wp-json\/wp\/v2\/media?parent=108654"}],"wp:term":[{"taxonomy":"category","embeddable":true,"href":"https:\/\/www.europesays.com\/fi\/wp-json\/wp\/v2\/categories?post=108654"},{"taxonomy":"post_tag","embeddable":true,"href":"https:\/\/www.europesays.com\/fi\/wp-json\/wp\/v2\/tags?post=108654"}],"curies":[{"name":"wp","href":"https:\/\/api.w.org\/{rel}","templated":true}]}}