{"id":108662,"date":"2025-12-05T19:10:09","date_gmt":"2025-12-05T19:10:09","guid":{"rendered":"https:\/\/www.europesays.com\/fi\/108662\/"},"modified":"2025-12-05T19:10:09","modified_gmt":"2025-12-05T19:10:09","slug":"toni-nieminen-pelmahti-ravintolaan-mystisen-seuralaisen-kanssa-nain-han-selittaa-tilannetta","status":"publish","type":"post","link":"https:\/\/www.europesays.com\/fi\/108662\/","title":{"rendered":"Toni Nieminen pelmahti ravintolaan mystisen seuralaisen kanssa \u2013 n\u00e4in h\u00e4n selitt\u00e4\u00e4 tilannetta"},"content":{"rendered":"<p>Ex-m\u00e4kikotka n\u00e4htiin hiljattain vieraan naisen kanssa. Mik\u00e4 on tilanne nyt?<\/p>\n<p class=\"article-body mb-nof-24 px-nof-16\">Ex-m\u00e4kikotka <a class=\"article-personlink\" href=\"https:\/\/www.is.fi\/haku\/?query=Toni%20Nieminen\" rel=\"nofollow noopener\" target=\"_blank\">Toni Nieminen<\/a> edusti perjantai-iltana Vanajanlinnan itsen\u00e4isyysp\u00e4iv\u00e4juhlassa.<\/p>\n<p class=\"article-body mb-nof-24 px-nof-16\">H\u00e4n saapui paikalle kihlattunsa <a class=\"article-personlink\" href=\"https:\/\/www.is.fi\/haku\/?query=Janet%20Kulmalan\" rel=\"nofollow noopener\" target=\"_blank\">Janet Kulmalan<\/a> kanssa.<\/p>\n<p class=\"article-body mb-nof-24 px-nof-16\">Nieminen on ollut syksyll\u00e4 otsikoissa, sill\u00e4 h\u00e4n her\u00e4tti huomiota saapumalla lokakuussa helsinkil\u00e4isravintolaan uuden tuttavuutensa <a class=\"article-personlink\" href=\"https:\/\/www.is.fi\/haku\/?query=Nonnan\" rel=\"nofollow noopener\" target=\"_blank\">Nonnan <\/a>kanssa. Kaksikko kertoi tavanneensa hevospiireiss\u00e4. Suhteen laadusta he olivat vaitonaisia: Nieminen sanoi, etteiv\u00e4t \u201dparisuhdestatukset\u201d kuulu muille.<\/p>\n<p class=\"article-body mb-nof-24 px-nof-16\">Nieminen pit\u00e4\u00e4 tiukkaa linjaa nytkin.<\/p>\n<p class=\"article-body mb-nof-24 px-nof-16\">\u2013 Parisuhdejuttuja, kenell\u00e4p\u00e4 niit\u00e4 ei olisi. Haluanko m\u00e4 avata niit\u00e4 mill\u00e4\u00e4n tavalla julkiseen keskusteluun, niin en.<\/p>\n<p class=\"article-body mb-nof-24 px-nof-16\">Nieminen ja Kulmala esiintyiv\u00e4t yhdess\u00e4 kuitenkin hyv\u00e4ntuulisen oloisina.<\/p>\n<p class=\"article-body mb-nof-24 px-nof-16\">\u2013 T\u00e4\u00e4ll\u00e4 ollaan, ja sill\u00e4 lailla v\u00e4leiss\u00e4, ett\u00e4 ei revit\u00e4 toisiltamme silmi\u00e4 p\u00e4\u00e4st\u00e4. Luulen, ett\u00e4 kaikki on ihan hyvin, h\u00e4n naureskelee.<\/p>\n<p class=\"article-body mb-nof-24 px-nof-16\">Kulmala nauraa mukana.<\/p>\n<p class=\"article-body mb-nof-24 px-nof-16\">\u2013 Kaikki hyvin vissiinkin, h\u00e4n lis\u00e4\u00e4.<\/p>\n<p class=\"article-body mb-nof-24 px-nof-16\">Nieminen sanoo, ett\u00e4 \u201dymm\u00e4rr\u00e4n ja en ymm\u00e4rr\u00e4\u201d, miksi h\u00e4nt\u00e4 ja Nonnaa koskevat suhdespekulaatiot \u201dovat nousseet niin isoon keskusteluun\u201d.<\/p>\n<p class=\"article-body mb-nof-24 px-nof-16\">\u2013 Se on henkil\u00f6kohtainen, meid\u00e4n v\u00e4linen juttu. Olennaista on, ett\u00e4 me tiedet\u00e4\u00e4n, miss\u00e4 me menn\u00e4\u00e4n, kaksinkertainen olympiavoittaja kuittaa.<\/p>\n<p class=\"article-body mb-nof-24 px-nof-16\">Pari kertoo my\u00f6s itsen\u00e4isyysp\u00e4iv\u00e4\u00e4n ja jouluun liittyvist\u00e4 perinteist\u00e4. Tonilla niihin on kuulunut Linnan juhlien \u201dvilkuilu\u201d. Janet avaa omia perinteit\u00e4\u00e4n laajemmin.<\/p>\n<p class=\"article-body mb-nof-24 px-nof-16\">\u2013 On tehty ruokaa ja pukeuduttu ja oltu porukalla jonkun kaverin luona, h\u00e4n kertoo.<\/p>\n<p class=\"article-body mb-nof-24 px-nof-16\">Joulua Toni ei ole viel\u00e4 ehtinyt miettim\u00e4\u00e4n.<\/p>\n<p class=\"article-body mb-nof-24 px-nof-16\">\u2013 On ollut niin kiirett\u00e4. Mutta seh\u00e4n on rauhoittumisen aikaa. Jos yhden p\u00e4iv\u00e4n voisi ottaa rauhallisesti. Lapsillehan se on isompi juttu. Ett\u00e4 yrit\u00e4n viett\u00e4\u00e4 aikaa lasten kanssa, h\u00e4n toteaa.<\/p>\n<p class=\"article-body mb-nof-24 px-nof-16\">Tulevaisuudesta Nieminen puhuu maltillisesti.<\/p>\n<p class=\"article-body mb-nof-24 px-nof-16\">\u2013 Timo Jutilan sanoin, menn\u00e4\u00e4n eteenp\u00e4in.<\/p>\n<p class=\"article-body mb-nof-24 px-nof-16\">Ex-m\u00e4kikotka on viime vuosina toiminut hevosyritt\u00e4j\u00e4n\u00e4.<\/p>\n<p class=\"article-body mb-nof-24 px-nof-16\">\u2013 Hevospuolella on iso juttu tulossa, vuodenvaihteessa on tarkoitus laajentaa toimintaa.<\/p>\n<p class=\"article-body mb-nof-24 px-nof-16\">Yhden vahingon h\u00e4n haluaa ottaa viime vuodelta takaisin.<\/p>\n<p class=\"article-body mb-nof-24 px-nof-16\">\u2013 Thaimaan-matka j\u00e4i toteuttamatta. Ehk\u00e4 se menee ensi vuoden to do -listalle.<\/p>\n<p class=\"article-body mb-nof-24 px-nof-16\">Nieminen on ollut kihloissa Janet-rakkaansa kanssa vuodesta 2021. Tammikuussa Nieminen kertoi Ilta-Sanomille el\u00e4m\u00e4st\u00e4\u00e4n Janetin kanssa.<\/p>\n<p class=\"article-body mb-nof-24 px-nof-16\">Nieminen sanoi suhteen sujuvan mainiosti ja kaiken olevan hyvin.<\/p>\n<p class=\"article-body mb-nof-24 px-nof-16\">Suhde sai alkunsa Helsingin legendaarisessa Rymy-Eetu-y\u00f6kerhossa.<\/p>\n<p class=\"article-body mb-nof-24 px-nof-16\">\u2013 Olin t\u00e4\u00e4ll\u00e4 yhdell\u00e4 oluella, jonka j\u00e4lkeen t\u00f6rm\u00e4sin h\u00e4neen yll\u00e4tt\u00e4en kaupungilta. Siit\u00e4 se varsinaisesti alkoi, Nieminen kertoi Rymy-Eetun 15-vuotisjuhlissa vuonna 2023.<\/p>\n","protected":false},"excerpt":{"rendered":"Ex-m\u00e4kikotka n\u00e4htiin hiljattain vieraan naisen kanssa. Mik\u00e4 on tilanne nyt? Ex-m\u00e4kikotka Toni Nieminen edusti perjantai-iltana Vanajanlinnan itsen\u00e4isyysp\u00e4iv\u00e4juhlassa. H\u00e4n&hellip;\n","protected":false},"author":2,"featured_media":108663,"comment_status":"","ping_status":"","sticky":false,"template":"","format":"standard","meta":{"footnotes":""},"categories":[158],"tags":[33,31,30,34,159,32,160],"class_list":{"0":"post-108662","1":"post","2":"type-post","3":"status-publish","4":"format-standard","5":"has-post-thumbnail","7":"category-urheilu","8":"tag-fi","9":"tag-finland","10":"tag-finnish","11":"tag-ilta-sanomat","12":"tag-sports","13":"tag-suomi","14":"tag-urheilu"},"share_on_mastodon":{"url":"https:\/\/pubeurope.com\/@fi\/115668544744307974","error":""},"_links":{"self":[{"href":"https:\/\/www.europesays.com\/fi\/wp-json\/wp\/v2\/posts\/108662","targetHints":{"allow":["GET"]}}],"collection":[{"href":"https:\/\/www.europesays.com\/fi\/wp-json\/wp\/v2\/posts"}],"about":[{"href":"https:\/\/www.europesays.com\/fi\/wp-json\/wp\/v2\/types\/post"}],"author":[{"embeddable":true,"href":"https:\/\/www.europesays.com\/fi\/wp-json\/wp\/v2\/users\/2"}],"replies":[{"embeddable":true,"href":"https:\/\/www.europesays.com\/fi\/wp-json\/wp\/v2\/comments?post=108662"}],"version-history":[{"count":0,"href":"https:\/\/www.europesays.com\/fi\/wp-json\/wp\/v2\/posts\/108662\/revisions"}],"wp:featuredmedia":[{"embeddable":true,"href":"https:\/\/www.europesays.com\/fi\/wp-json\/wp\/v2\/media\/108663"}],"wp:attachment":[{"href":"https:\/\/www.europesays.com\/fi\/wp-json\/wp\/v2\/media?parent=108662"}],"wp:term":[{"taxonomy":"category","embeddable":true,"href":"https:\/\/www.europesays.com\/fi\/wp-json\/wp\/v2\/categories?post=108662"},{"taxonomy":"post_tag","embeddable":true,"href":"https:\/\/www.europesays.com\/fi\/wp-json\/wp\/v2\/tags?post=108662"}],"curies":[{"name":"wp","href":"https:\/\/api.w.org\/{rel}","templated":true}]}}