{"id":108664,"date":"2025-12-05T19:11:09","date_gmt":"2025-12-05T19:11:09","guid":{"rendered":"https:\/\/www.europesays.com\/fi\/108664\/"},"modified":"2025-12-05T19:11:09","modified_gmt":"2025-12-05T19:11:09","slug":"jari-saarion-tytar-jessica-juhlii-20-vuotissyntymapaivaansa-katso-koskettava-instagram-kuva","status":"publish","type":"post","link":"https:\/\/www.europesays.com\/fi\/108664\/","title":{"rendered":"Jari Saarion tyt\u00e4r Jessica juhlii 20-vuotissyntym\u00e4p\u00e4iv\u00e4\u00e4ns\u00e4 \u2013 katso koskettava Instagram-kuva"},"content":{"rendered":"<p>            Timo Korhonen\n        <\/p>\n<p class=\"subtitle \">Jari l\u00e4hetti syntym\u00e4p\u00e4iv\u00e4onnittelut merilt\u00e4.<\/p>\n<p class=\"article-content article-content-width !bg-background\">Julkkissoutaja , 53, on paitsi rohkea uramies, my\u00f6s kahden nuoren naisen is\u00e4.<\/p>\n<p class=\"font-weight-bold m-font-weight-bold article-content article-content-width !bg-background\">Katso my\u00f6s! Jari ja Heidi Saario ovat pit\u00e4neet yht\u00e4 jo yli 30 vuotta:<\/p>\n<p class=\"article-content article-content-width !bg-background\">Perjantaina 5.12. oli aika juhlistaa Saarion perheen tytt\u00e4rist\u00e4 vanhemman eli\u00a0 syntym\u00e4p\u00e4ivi\u00e4. Jari julkaisi merkkip\u00e4iv\u00e4n kunniaksi <a data-lab-font_weight=\"font-weight-bold\" class=\"font-weight-bold m-font-weight-bold\" href=\"https:\/\/www.instagram.com\/jari_saario\/\" target=\"_blank\" rel=\"nofollow noopener\">Instagram<\/a>-tililleen yhteiskuvan neitokaisen kanssa, koskettavan tunnustuksen kera.<\/p>\n<p class=\"article-content article-content-width !bg-background\">Jarin julkaisemassa kuvassa kaksikko poseeraa hymyss\u00e4suin ravintolap\u00f6yd\u00e4n \u00e4\u00e4rell\u00e4.<\/p>\n<p class=\"article-content article-content-width !bg-background\"> \u2013 Ihan Superia syndep\u00e4iv\u00e4\u00e4 mun superrakkaalle kaunottarelle, Jari toivottaa.<\/p>\n<p class=\"article-content article-content-width !bg-background\"> \u2013 Isi rakastaa sua universumin ymp\u00e4ri ja takaisin!\u00a0h\u00e4n tunnustaa heti per\u00e4\u00e4n.<\/p>\n<p class=\"article-content article-content-width !bg-background\">20-vuotiasta tyt\u00e4rt\u00e4 onniteltiin ja kehuttiin vuolaasti my\u00f6s julkaisun kommenttikent\u00e4ss\u00e4.<\/p>\n<p class=\"article-content article-content-width !bg-background\"> \u2013\u00a0Onnea, kyll\u00e4 h\u00e4n on kaunotar, er\u00e4s kommentoijista kehuu.<\/p>\n<p>        <a itemprop=\"url\" href=\"https:\/\/www.seiska.fi\/kotimaa\/uusi-soutureissu-jari-saario-ja-missikaunotar-yhteiskuvassa\/1828088\" rel=\"nofollow noopener\" target=\"_blank\"><\/p>\n<p>\nPaluu vesille!\n<\/p>\n<p class=\"section-date\">\n        <strong class=\"article-section\" data-section=\"kotimaa\"><br \/>\n            kotimaa<br \/>\n        <\/strong><br \/>\n        6.6. 13:32\n    <\/p>\n<p>Uusi soutureissu? Jari Saario ja missikaunotar yhteiskuvassa\n    <\/p>\n<p itemprop=\"description\" class=\"subtitle \">\n    Jari Saario taas merill\u00e4.\n<\/p>\n<p>        <\/a><\/p>\n<p>Onnittelut merilt\u00e4!<\/p>\n<p class=\"article-content article-content-width !bg-background\"> T\u00e4n\u00e4 vuonna syntym\u00e4p\u00e4iv\u00e4onnittelut tytt\u00e4relle j\u00e4iv\u00e4t kuitenkin hieman et\u00e4isemmiksi, sill\u00e4 Jari on j\u00e4lleen kuukausi takaperin nostanut purjeensa ja l\u00e4htenyt maailman vesille.<\/p>\n<p>                <img decoding=\"async\" src=\"https:\/\/www.europesays.com\/fi\/wp-content\/uploads\/2025\/12\/2013408.webp\" width=\"576\" height=\"639\" alt=\"Jessica-tytt\u00e4ren lis\u00e4ksi Jarin perheeseen kuuluu my\u00f6s nuorempi tyt\u00e4r Vivian, sek\u00e4 vaimo Heidi (kuvassa).\" loading=\"lazy\" \/>            <\/p>\n<p>            Jessica-tytt\u00e4ren lis\u00e4ksi Jarin perheeseen kuuluu my\u00f6s nuorempi tyt\u00e4r , sek\u00e4 vaimo Heidi (kuvassa).<br \/>\n            MIIKKA KASKINEN<\/p>\n<p class=\"article-content article-content-width !bg-background\">Palomies Jari tuli tunnetuksi vuoden 2023 soutumatkastaan, jolloin mies souti yksin Atlantin yli Kanariansaarilta Karibialle. Noin 5 000 kilometrin matka kesti 64 p\u00e4iv\u00e4\u00e4.\u00a0<\/p>\n<p class=\"article-content article-content-width !bg-background\">T\u00e4ll\u00e4 kertaa Jari l\u00e4hti matkaan 6. marraskuuta Chilest\u00e4. M\u00e4\u00e4r\u00e4np\u00e4\u00e4n\u00e4 on Etel\u00e4-Afrikan Kapkaupunki. Jarin voi odottaa palaavan takaisin suomeen hyv\u00e4ll\u00e4 tuurilla jo ennen kev\u00e4tt\u00e4, sill\u00e4 likimain 8 000 kilometrin mittaisen matkan on m\u00e4\u00e4r\u00e4 kest\u00e4\u00e4 noin muutaman kuukauden.<\/p>\n<p class=\"article-content article-content-width !bg-background\"> Jari julkaisee aktiivisesti sis\u00e4lt\u00f6\u00e4 matkaltaan Instagram-tilill\u00e4\u00e4n. <\/p>\n<p>        <a itemprop=\"url\" href=\"https:\/\/www.seiska.fi\/kotimaa\/tassa-on-julkkissoutaja-jari-saarion-heidi-rakas-video\/1518116\" rel=\"nofollow noopener\" target=\"_blank\"><\/p>\n<p class=\"section-date\">\n        <strong class=\"article-section\" data-section=\"kotimaa\"><br \/>\n            kotimaa<br \/>\n        <\/strong><br \/>\n        12.11.2024 18:30\n    <\/p>\n<p>T\u00e4ss\u00e4 on julkkissoutaja Jari Saarion Heidi-rakas \u2013 video\n    <\/p>\n<p itemprop=\"description\" class=\"subtitle \">\n    Jari Saario ja Heidi Saario ovat olleet yhdess\u00e4 32 vuotta.\n<\/p>\n<p>        <\/a><\/p>\n<p><script async src=\"\/\/www.instagram.com\/embed.js\"><\/script><\/p>\n","protected":false},"excerpt":{"rendered":"Timo Korhonen Jari l\u00e4hetti syntym\u00e4p\u00e4iv\u00e4onnittelut merilt\u00e4. Julkkissoutaja , 53, on paitsi rohkea uramies, my\u00f6s kahden nuoren naisen is\u00e4.&hellip;\n","protected":false},"author":2,"featured_media":108665,"comment_status":"","ping_status":"","sticky":false,"template":"","format":"standard","meta":{"footnotes":""},"categories":[130],"tags":[20380,137,33,31,30,20379,20378,212,32,410,109],"class_list":{"0":"post-108664","1":"post","2":"type-post","3":"status-publish","4":"format-standard","5":"has-post-thumbnail","7":"category-viihde","8":"tag-atlantin-ylitys","9":"tag-entertainment","10":"tag-fi","11":"tag-finland","12":"tag-finnish","13":"tag-jari-saario","14":"tag-jessica-saario","15":"tag-lifestyle","16":"tag-suomi","17":"tag-syntymapaiva","18":"tag-viihde"},"share_on_mastodon":{"url":"https:\/\/pubeurope.com\/@fi\/115668548671151388","error":""},"_links":{"self":[{"href":"https:\/\/www.europesays.com\/fi\/wp-json\/wp\/v2\/posts\/108664","targetHints":{"allow":["GET"]}}],"collection":[{"href":"https:\/\/www.europesays.com\/fi\/wp-json\/wp\/v2\/posts"}],"about":[{"href":"https:\/\/www.europesays.com\/fi\/wp-json\/wp\/v2\/types\/post"}],"author":[{"embeddable":true,"href":"https:\/\/www.europesays.com\/fi\/wp-json\/wp\/v2\/users\/2"}],"replies":[{"embeddable":true,"href":"https:\/\/www.europesays.com\/fi\/wp-json\/wp\/v2\/comments?post=108664"}],"version-history":[{"count":0,"href":"https:\/\/www.europesays.com\/fi\/wp-json\/wp\/v2\/posts\/108664\/revisions"}],"wp:featuredmedia":[{"embeddable":true,"href":"https:\/\/www.europesays.com\/fi\/wp-json\/wp\/v2\/media\/108665"}],"wp:attachment":[{"href":"https:\/\/www.europesays.com\/fi\/wp-json\/wp\/v2\/media?parent=108664"}],"wp:term":[{"taxonomy":"category","embeddable":true,"href":"https:\/\/www.europesays.com\/fi\/wp-json\/wp\/v2\/categories?post=108664"},{"taxonomy":"post_tag","embeddable":true,"href":"https:\/\/www.europesays.com\/fi\/wp-json\/wp\/v2\/tags?post=108664"}],"curies":[{"name":"wp","href":"https:\/\/api.w.org\/{rel}","templated":true}]}}