{"id":108666,"date":"2025-12-05T19:14:14","date_gmt":"2025-12-05T19:14:14","guid":{"rendered":"https:\/\/www.europesays.com\/fi\/108666\/"},"modified":"2025-12-05T19:14:14","modified_gmt":"2025-12-05T19:14:14","slug":"sttn-toiminta-jatkuu-muutosneuvottelut-alkavat","status":"publish","type":"post","link":"https:\/\/www.europesays.com\/fi\/108666\/","title":{"rendered":"STT:n toiminta jatkuu, muutosneuvottelut alkavat"},"content":{"rendered":"<p><strong class=\"typography-bold\">Suomen Tietotoimiston hallitus on p\u00e4\u00e4tt\u00e4nyt jatkaa STT:n toimintaa uutis- ja kuvatoimistona.<\/strong><\/p>\n<p>STT aloittaa taloutensa vakauttamiseksi muutosneuvottelut, joista voi alustavan arvion mukaan seurata 25 henkil\u00f6ty\u00f6vuoden v\u00e4hennykset. Niist\u00e4 valtaosa kohdistuisi toimitukseen.<\/p>\n<p>Muutosneuvottelujen piiriss\u00e4 on yhteens\u00e4 88 ihmist\u00e4. Osa STT:n toiminnoista on rajattu neuvotteluiden ulkopuolelle.<\/p>\n<p>Syyskuussa STT:n p\u00e4\u00e4omistajan Sanoma Media Finlandin (SMF) uutismediat Ilta-Sanomat, Helsingin Sanomat, Aamulehti ja Satakunnan Kansa L\u00e4nsi-Suomi ilmoittivat \u00a0v\u00e4hent\u00e4v\u00e4ns\u00e4 merkitt\u00e4v\u00e4sti tai luopuvansa STT:n uutistoimisto- ja kuvapalveluiden k\u00e4yt\u00f6st\u00e4. SMF on ollut STT:n suurin asiakas.<\/p>\n<p>STT:n hallitus ja johto ovat syksyn aikana ty\u00f6skennelleet kansallisen uutistoimiston pelastamiseksi.<\/p>\n<p>\u2013 Olemme tulevan toiminnan suunnittelussa varmistaneet, ett\u00e4 STT tarjoaa edelleen luotettavaa uutis- ja kuvapalvelua kaikista merkitt\u00e4vimmist\u00e4 ja kiinnostavimmista aiheista ymp\u00e4ri vuorokauden, toimitusjohtaja <strong class=\"typography-bold\">Kimmo Laaksonen<\/strong> sanoo tiedotteessa.<\/p>\n<p>Juttua on p\u00e4ivitetty lis\u00e4tiedoilla kello 15.11.<\/p>\n<p><strong class=\"typography-bold\">Lue my\u00f6s: <\/strong><a class=\"underline\" data-testid=\"internal-link\" role=\"link\" data-sentry-element=\"Link\" data-sentry-component=\"InternalLink\" data-sentry-source-file=\"InternalLink.tsx\" href=\"https:\/\/www.mtvuutiset.fi\/artikkeli\/hs-aikoo-vahentaa-merkittavasti-stt-n-kayttoa\/9218272\" rel=\"nofollow noopener\" target=\"_blank\"><strong class=\"typography-bold\">STT:lle kova isku Sanomalta<\/strong><\/a><a class=\"underline\" data-testid=\"internal-link\" role=\"link\" data-sentry-element=\"Link\" data-sentry-component=\"InternalLink\" data-sentry-source-file=\"InternalLink.tsx\" href=\"https:\/\/www.mtvuutiset.fi\/artikkeli\/usu-ylen-toimitusjohtaja-stt-n-tilanteesta-asiaa-voidaan-pohtia\/9235552\" rel=\"nofollow noopener\" target=\"_blank\"><\/a><\/p>\n","protected":false},"excerpt":{"rendered":"Suomen Tietotoimiston hallitus on p\u00e4\u00e4tt\u00e4nyt jatkaa STT:n toimintaa uutis- ja kuvatoimistona. STT aloittaa taloutensa vakauttamiseksi muutosneuvottelut, joista voi&hellip;\n","protected":false},"author":2,"featured_media":108667,"comment_status":"","ping_status":"","sticky":false,"template":"","format":"standard","meta":{"footnotes":""},"categories":[76],"tags":[79,77,33,31,30,32,78],"class_list":{"0":"post-108666","1":"post","2":"type-post","3":"status-publish","4":"format-standard","5":"has-post-thumbnail","7":"category-talous","8":"tag-business","9":"tag-economy","10":"tag-fi","11":"tag-finland","12":"tag-finnish","13":"tag-suomi","14":"tag-talous"},"share_on_mastodon":{"url":"https:\/\/pubeurope.com\/@fi\/115668560408459465","error":""},"_links":{"self":[{"href":"https:\/\/www.europesays.com\/fi\/wp-json\/wp\/v2\/posts\/108666","targetHints":{"allow":["GET"]}}],"collection":[{"href":"https:\/\/www.europesays.com\/fi\/wp-json\/wp\/v2\/posts"}],"about":[{"href":"https:\/\/www.europesays.com\/fi\/wp-json\/wp\/v2\/types\/post"}],"author":[{"embeddable":true,"href":"https:\/\/www.europesays.com\/fi\/wp-json\/wp\/v2\/users\/2"}],"replies":[{"embeddable":true,"href":"https:\/\/www.europesays.com\/fi\/wp-json\/wp\/v2\/comments?post=108666"}],"version-history":[{"count":0,"href":"https:\/\/www.europesays.com\/fi\/wp-json\/wp\/v2\/posts\/108666\/revisions"}],"wp:featuredmedia":[{"embeddable":true,"href":"https:\/\/www.europesays.com\/fi\/wp-json\/wp\/v2\/media\/108667"}],"wp:attachment":[{"href":"https:\/\/www.europesays.com\/fi\/wp-json\/wp\/v2\/media?parent=108666"}],"wp:term":[{"taxonomy":"category","embeddable":true,"href":"https:\/\/www.europesays.com\/fi\/wp-json\/wp\/v2\/categories?post=108666"},{"taxonomy":"post_tag","embeddable":true,"href":"https:\/\/www.europesays.com\/fi\/wp-json\/wp\/v2\/tags?post=108666"}],"curies":[{"name":"wp","href":"https:\/\/api.w.org\/{rel}","templated":true}]}}