{"id":108681,"date":"2025-12-05T19:37:10","date_gmt":"2025-12-05T19:37:10","guid":{"rendered":"https:\/\/www.europesays.com\/fi\/108681\/"},"modified":"2025-12-05T19:37:10","modified_gmt":"2025-12-05T19:37:10","slug":"aura-salla-pukeutuu-nimekkaan-suunnittelijan-asuun-tytar-ei-vakuuttunut-ihan-hupsu","status":"publish","type":"post","link":"https:\/\/www.europesays.com\/fi\/108681\/","title":{"rendered":"Aura Salla pukeutuu nimekk\u00e4\u00e4n suunnittelijan asuun \u2013 Tyt\u00e4r ei vakuuttunut: \u201dIhan hupsu\u201d"},"content":{"rendered":"<p>Europarlamentaarikko luottaa Linnan juhlissa kansainv\u00e4lisen muotitalon luomukseen. <\/p>\n<p><img decoding=\"async\" class=\"image image-show image-preview\" src=\"https:\/\/www.europesays.com\/fi\/wp-content\/uploads\/2025\/12\/3372d62aad62f5436628c50e0ef498a7940e1f422670fa3f3f330b61dae58d0f.jpg\" alt=\"\"\/><img decoding=\"async\" class=\"image image-show\" src=\"https:\/\/www.europesays.com\/fi\/wp-content\/uploads\/2025\/12\/1764963430_441_3372d62aad62f5436628c50e0ef498a7940e1f422670fa3f3f330b61dae58d0f.jpg\" alt=\"\"\/><\/p>\n<p>Aura Sallan valinta lauantain Linnan juhliin on kaunis ja elegantti kermanvaalea iltapuku. Aura Sallan kotialbumi<\/p>\n<p class=\"paragraph\">Europarlamentaarikko <a href=\"https:\/\/www.iltalehti.fi\/henkilot\/Aura Salla\" class=\"article-link-person-page\" rel=\"nofollow noopener\" target=\"_blank\">Aura Salla<\/a> (kok) valitsi ylleen vuoden odotetuimpaan juhlailtaan itsen\u00e4isyysp\u00e4iv\u00e4n vastaanotolle Hollywood-t\u00e4htien ja kuninkaallisten luottosuunnittelijan luomuksen.<\/p>\n<p class=\"paragraph\">Sallan yll\u00e4 n\u00e4hd\u00e4\u00e4n lauantain juhlavastaanotolla saksalaissyntyisen, Lontoossa uraa tehneen muotisuunnittelijan <strong>Daniela Karnutsin<\/strong> kermanvaalea iltapuku. H\u00e4n perusti tytt\u00e4rens\u00e4 mukaan nimetyn demihaute-br\u00e4ndins\u00e4 vuonna 2011. Safiyaa-muotitalon suunnittelufilosofiassa yhdistyv\u00e4t skandinaaviseen silm\u00e4\u00e4n sopivaa minimalismia, tyylik\u00e4s r\u00e4\u00e4t\u00e4l\u00f6inti\u00e4 ja kest\u00e4v\u00e4n kehityksen periaatteita.<\/p>\n<p>Kate Winslet valitsi Safiyaa-iltapuvun t\u00e4hditt\u00e4m\u00e4ns\u00e4 Divergent-elokuvasarjan ensi-iltaan Los Angelesissa maaliskuussa 2014. All Over Press<\/p>\n<p class=\"paragraph\">Hollywood-t\u00e4hdist\u00e4 muun muassa brittin\u00e4yttelij\u00e4 <a href=\"https:\/\/www.iltalehti.fi\/henkilot\/Kate Winslet\" class=\"article-link-person-page\" rel=\"nofollow noopener\" target=\"_blank\">Kate Winslet<\/a> on edustanut saman merkin punaisessa iltapuvussa 18.3.2014 Divergent-elokuvasarjan ensimm\u00e4isen osan ensi-illassa. Vain p\u00e4iv\u00e4 t\u00e4m\u00e4n j\u00e4lkeen amerikkalainen laulaja ja n\u00e4yttelij\u00e4t\u00e4r <a href=\"https:\/\/www.iltalehti.fi\/henkilot\/Jennifer Lopez\" class=\"article-link-person-page\" rel=\"nofollow noopener\" target=\"_blank\">Jennifer Lopez<\/a> tuomaroi suosittua tv-laulukilpailuformaattia American Idolia samanlaisessa, mutta polvipituisessa, haalean vaaleansinisess\u00e4 mekossa.<\/p>\n<p>Gigi Hadid edusti Americans in Paris -cocktail-tilaisuus Pariisissa vuonna 2016. All Over Press<\/p>\n<p class=\"paragraph\">Vuoden 2016 maaliskuussa amerikkalaismalli <a href=\"https:\/\/www.iltalehti.fi\/henkilot\/Gigi Hadid\" class=\"article-link-person-page\" rel=\"nofollow noopener\" target=\"_blank\">Gigi Hadid<\/a> sen sijaan sonnustautui merkin musta-valkoiseen juhlahaalariin Pariisin muotiviikolla pidettyyn cocktail-tilaisuuteen.<\/p>\n<p>Prinsessa Catherine palkitsi tennisturnauksen voittajia Wimbledonissa hein\u00e4kuussa 2024. All Over Press<\/p>\n<p class=\"paragraph\">Viime vuoden kes\u00e4n\u00e4 14.7.2024 brittihovin Walesin prinsessa <a href=\"https:\/\/www.iltalehti.fi\/henkilot\/Catherine\" class=\"article-link-person-page\" rel=\"nofollow noopener\" target=\"_blank\">Catherine<\/a> valitsi ylleen Safiyaan midimittaisen, violetin kotelomekon Wimbledon-tennisturnaukseen.<\/p>\n<p>Europarlamentaarikko Aura Salla (kok) asuu perheens\u00e4 kanssa Brysseliss\u00e4.  Aura Sallan kotialbumi<\/p>\n<p class=\"paragraph\">\u2013 Halusin valita puvun, joka on samalla eurooppalainen ja kansainv\u00e4linen sek\u00e4 tukee kest\u00e4v\u00e4n kehityksen ja kiertotalouden ajattelumallin periaatteita. Uskon, ett\u00e4 t\u00e4m\u00e4 puku tulee kest\u00e4m\u00e4\u00e4n viel\u00e4 tytt\u00e4relleni. V\u00e4rilt\u00e4\u00e4n ja tyylilt\u00e4\u00e4n se sopii Suomen itsen\u00e4isyysp\u00e4iv\u00e4n juhlinnan arvokkaaseen tilaisuuteen, Salla kommentoi pukuvalintaansa.<\/p>\n<p class=\"paragraph\">Auran kenk\u00e4valinta itsen\u00e4isyysp\u00e4iv\u00e4n juhlavastaanotolle on h\u00e4nen brittil\u00e4inen luottomerkkins\u00e4 L.K. Bennetin, johon my\u00f6s Walesin prinsessa Catherine usein luottaa.<\/p>\n<p class=\"paragraph\">Korut ovat espanjalaisen kest\u00e4v\u00e4n kehityksen periaatteita noudattavan Majoral-merkin.<\/p>\n<p class=\"paragraph\">Aura Sallan lauantai-illan meikist\u00e4 ja hiuksista vastaa meikkitaiteilija ja kampaaja <strong>Anne Flink<\/strong>.<\/p>\n<p class=\"paragraph\">\u2013 Omaa tyyli\u00e4ni inspiroi pohjoismaalainen yksinkertaisuus, maanl\u00e4heiset v\u00e4rit, laadukkaat materiaalit ja linjakkaat leikkaukset, h\u00e4n avaa tyyli\u00e4\u00e4n.<\/p>\n<p class=\"paragraph\">Jos kuva ei n\u00e4y, voit katsoa sen <a href=\"https:\/\/www.instagram.com\/p\/DRCIB1lCNEm\/\" target=\"_blank\" rel=\"noopener nofollow\">t\u00e4\u00e4lt\u00e4<\/a>.<\/p>\n<p class=\"paragraph\">Salla kertoo seuraavansa aktiivisesti brittil\u00e4isi\u00e4 sek\u00e4 ranskalaisia muotitoimituksia, joista Safiyaa-br\u00e4ndi on j\u00e4\u00e4nyt mieleen.<\/p>\n<p class=\"paragraph\">\u2013 Safiyaa on noussut uuden polven vastuullisena suunnittelijana huippusuunnittelijoiden riviin ajattomalla ja elegantilla tyylill\u00e4 jo vuosia. L\u00e4hdin etsim\u00e4\u00e4n h\u00e4nen valikoimastaan itselleni sopivaa linjakasta pukua, jossa olisi Suomen v\u00e4rej\u00e4 ja jota voisi k\u00e4ytt\u00e4\u00e4 viel\u00e4 vuosienkin p\u00e4\u00e4st\u00e4 uudelleen, Salla avaa pukuvalintaansa enemm\u00e4n.<\/p>\n<p>Aura Sallan Ester-tyt\u00e4r seuraa \u00e4idin sovitusta perheen Brysselin kodissa. Aura Sallan kotialbumi<\/p>\n<p class=\"paragraph\">\u2013 Yst\u00e4v\u00e4ni kehottivat valitsemaan nimenomaan veistoksellisen ja puhtaanv\u00e4risen puvun, johon olisi helppo yhdist\u00e4\u00e4 kultaisia koruja, joista itse pid\u00e4n, h\u00e4n jatkaa.<\/p>\n<p class=\"paragraph\">Perhepiiriss\u00e4 Sallan kaksivuotias tyt\u00e4r ei ollut kuitenkaan ihan vakuuttunut t\u00e4st\u00e4 kauniista iltapuvusta.<\/p>\n<p class=\"paragraph\">\u2013 Sovittaessani pukua kaksivuotias tytt\u00e4reni <strong>Ester<\/strong> totesi: \u201dmekko on ihan hupsu&#8221;.<\/p>\n<p><script async src=\"\/\/www.instagram.com\/embed.js\"><\/script><\/p>\n","protected":false},"excerpt":{"rendered":"Europarlamentaarikko luottaa Linnan juhlissa kansainv\u00e4lisen muotitalon luomukseen. Aura Sallan valinta lauantain Linnan juhliin on kaunis ja elegantti kermanvaalea&hellip;\n","protected":false},"author":2,"featured_media":108682,"comment_status":"","ping_status":"","sticky":false,"template":"","format":"standard","meta":{"footnotes":""},"categories":[130],"tags":[137,33,31,30,408,1390,14780,9212,106,3013,32,109],"class_list":{"0":"post-108681","1":"post","2":"type-post","3":"status-publish","4":"format-standard","5":"has-post-thumbnail","7":"category-viihde","8":"tag-entertainment","9":"tag-fi","10":"tag-finland","11":"tag-finnish","12":"tag-julkkikset","13":"tag-kuukausi","14":"tag-mekko","15":"tag-muodin-sisapiirilaiset","16":"tag-muoti","17":"tag-muotisuunnittelu","18":"tag-suomi","19":"tag-viihde"},"share_on_mastodon":{"url":"https:\/\/pubeurope.com\/@fi\/115668650925139303","error":""},"_links":{"self":[{"href":"https:\/\/www.europesays.com\/fi\/wp-json\/wp\/v2\/posts\/108681","targetHints":{"allow":["GET"]}}],"collection":[{"href":"https:\/\/www.europesays.com\/fi\/wp-json\/wp\/v2\/posts"}],"about":[{"href":"https:\/\/www.europesays.com\/fi\/wp-json\/wp\/v2\/types\/post"}],"author":[{"embeddable":true,"href":"https:\/\/www.europesays.com\/fi\/wp-json\/wp\/v2\/users\/2"}],"replies":[{"embeddable":true,"href":"https:\/\/www.europesays.com\/fi\/wp-json\/wp\/v2\/comments?post=108681"}],"version-history":[{"count":0,"href":"https:\/\/www.europesays.com\/fi\/wp-json\/wp\/v2\/posts\/108681\/revisions"}],"wp:featuredmedia":[{"embeddable":true,"href":"https:\/\/www.europesays.com\/fi\/wp-json\/wp\/v2\/media\/108682"}],"wp:attachment":[{"href":"https:\/\/www.europesays.com\/fi\/wp-json\/wp\/v2\/media?parent=108681"}],"wp:term":[{"taxonomy":"category","embeddable":true,"href":"https:\/\/www.europesays.com\/fi\/wp-json\/wp\/v2\/categories?post=108681"},{"taxonomy":"post_tag","embeddable":true,"href":"https:\/\/www.europesays.com\/fi\/wp-json\/wp\/v2\/tags?post=108681"}],"curies":[{"name":"wp","href":"https:\/\/api.w.org\/{rel}","templated":true}]}}