{"id":108702,"date":"2025-12-05T20:06:09","date_gmt":"2025-12-05T20:06:09","guid":{"rendered":"https:\/\/www.europesays.com\/fi\/108702\/"},"modified":"2025-12-05T20:06:09","modified_gmt":"2025-12-05T20:06:09","slug":"numerot-joita-suomalaiset-eivat-muista-nama-olivat-visassa-vaikeimmat","status":"publish","type":"post","link":"https:\/\/www.europesays.com\/fi\/108702\/","title":{"rendered":"Numerot, joita suomalaiset eiv\u00e4t muista: n\u00e4m\u00e4 olivat visassa vaikeimmat"},"content":{"rendered":"<p>Tietyt numerot ja vuosiluvut aiheuttivat suomalaisille p\u00e4\u00e4nvaivaa. Kuuluvatko n\u00e4m\u00e4 kolme kinkkist\u00e4 lukua sinun yleissivistykseesi?<\/p>\n<p class=\"article-body mb-nof-24 px-nof-16\">Miksi Pikku Kakkosen postinumeron muistaa vaikka unissaan, mutta oma postinumero katoaa mielest\u00e4 viel\u00e4 kuukausia muuton j\u00e4lkeen?<\/p>\n<p class=\"article-body mb-nof-24 px-nof-16\">Jotkut numerosarjat, p\u00e4iv\u00e4ykset ja lukum\u00e4\u00e4r\u00e4t vaikuttavat pinttyv\u00e4n ihmismieleen kuin punaviinitahra \u2013 vaikkei tiedolla tekisi yhtik\u00e4s mit\u00e4\u00e4n.<\/p>\n<p class=\"article-body mb-nof-24 px-nof-16\">T\u00e4m\u00e4 selvi\u00e4\u00e4 <a class=\"article-genericlink\" href=\"https:\/\/www.is.fi\/menaiset\/vapaalla\/art-2000011605780.html\" rel=\"nofollow noopener\" target=\"_blank\">Me Naisten <\/a>visasta, jossa testasimme, kuinka hyvin suomalaiset muistavat erilaisia lukuja, numeroyhdistelmi\u00e4 ja p\u00e4iv\u00e4m\u00e4\u00e4ri\u00e4. Vastanneista valtaosa tiesi esimerkiksi Aku Ankan auton rekisterinumeron, piin ensimm\u00e4iset desimaalit ja sen, kuinka monta dalmatialaista esiintyy Disneyn klassikkoelokuvassa.<\/p>\n<p class=\"article-body mb-nof-24 px-nof-16\">Kaikki luvut eiv\u00e4t kuitenkaan n\u00e4yt\u00e4 tarttuvan p\u00e4\u00e4h\u00e4n ollenkaan niin helposti \u2013 ja ironista kyll\u00e4, usein juuri niiden tiet\u00e4minen olisi yleissivist\u00e4v\u00e4\u00e4.<\/p>\n<p class=\"article-body mb-nof-24 px-nof-16\">Seuraavat kolme osoittautuivat visan vaikeimmiksi:<\/p>\n<p>Ranskan suuren vallankumouksen alkuvuosi (50 prosenttia vastasi v\u00e4\u00e4rin)<\/p>\n<p class=\"article-body mb-nof-24 px-nof-16\">Jopa puolet vastanneista on uneksinut historian tunneilla eik\u00e4 muistanut, ett\u00e4 Euroopan historian yksi mullistavimmista vallankumouksista alkoi Ranskassa vuonna 1789.<\/p>\n<p class=\"article-body mb-nof-24 px-nof-16\">Kolmannes vastaajista muisti, ett\u00e4 Ranskan suuri vallankumous olisi alkanut vuonna 1678. Loput veikkasi tapahtumien sijoittuneen vuoteen 1567.<\/p>\n<p>Mount Everestin korkeus metrein\u00e4 (50 prosenttia vastasi v\u00e4\u00e4rin)<\/p>\n<p class=\"article-body mb-nof-24 px-nof-16\">Maailman korkeimmaksi tituleerattu vuorenhuippu ylt\u00e4\u00e4 nykymittausten mukaan merenpinnasta laskettuna 8\u202f849 metrin korkeuteen.<\/p>\n<p class=\"article-body mb-nof-24 px-nof-16\">Tarkan lukeman hahmotti puolet vastanneista: v\u00e4\u00e4rin vastanneesta puoliskosta 36 prosenttia veikkasi Mount Everestin korkeudeksi 8\u202f404 ja loput 8\u202f084 metri\u00e4.<\/p>\n<p>Raskausviikkojen lukum\u00e4\u00e4r\u00e4 (46 prosenttia vastasi v\u00e4\u00e4rin)<\/p>\n<p class=\"article-body mb-nof-24 px-nof-16\">Jos vauva syntyy t\u00e4ysiaikaisena, on raskausviikkoja ollut takana v\u00e4hint\u00e4\u00e4n 38. T\u00e4m\u00e4n tiesi hieman yli puolet vastanneista, 54 prosenttia.<\/p>\n<p class=\"article-body mb-nof-24 px-nof-16\">Loput luulivat, ett\u00e4 raskausviikkoja t\u00e4ytyy olla takana v\u00e4hemm\u00e4n: 36 tai 32.<\/p>\n<p>Miksi joitain numeroita on sitten hankalampi muistaa?<\/p>\n<p class=\"article-body mb-nof-24 px-nof-16\">Hyv\u00e4 numeromuisti ei liity yksioikoisesti siihen, onko matemaattisesti lahjakas vai ei.<\/p>\n<p class=\"article-body mb-nof-24 px-nof-16\">Kyse lieneekin ennemmin muistin kapasiteetista, joka vaihtelee ihmisten v\u00e4lill\u00e4. Toiset vain muistavat numeroiden tai sanojen kaltaisia nippelitietoja paremmin kuin toiset.<\/p>\n<p class=\"article-body mb-nof-24 px-nof-16\">Etenkin ty\u00f6muistin teht\u00e4v\u00e4n\u00e4 on jemmata lyhytaikaisesti tietoa \u2013 kuten ovikoodin, jonka kaveri juuri luetteli.<\/p>\n<p class=\"article-body mb-nof-24 px-nof-16\"><a class=\"article-genericlink\" href=\"https:\/\/www.terveyskyla.fi\/aivotalo\/aivot-ja-toimintakyky\/muisti\/tietoa-muistista\/erilaiset-muistitoiminnot\" rel=\"nofollow noopener\" target=\"_blank\">Terveyskyl\u00e4n <\/a>mukaan ty\u00f6muistissa k\u00e4sitelt\u00e4v\u00e4t asiat voivat olla laajojakin, jos asiayhteys ja aihepiiri ovat ihmiselle ennalta tuttuja.<\/p>\n<p class=\"article-body mb-nof-24 px-nof-16\">Vuorikiipeilyst\u00e4 kiinnostunut siis muistaa Mount Everestin korkeuden todenn\u00e4k\u00f6isemmin kuin joku, joka on kerran lukenut tiedon koulun kirjasta 20 vuotta sitten.<\/p>\n<p class=\"article-body mb-nof-24 px-nof-16\">Ty\u00f6muistiin nimitt\u00e4in pulpahtelee my\u00f6s vanhaa, pitk\u00e4kestoiseen muistiin arkistoitunutta tietoa, jota yhdistell\u00e4\u00e4n uuteen.<\/p>\n<p class=\"article-body mb-nof-24 px-nof-16\">Kertailun ja toistelun avulla tietoa voidaan s\u00e4ilytt\u00e4\u00e4 ty\u00f6muistissa my\u00f6s pidemp\u00e4\u00e4n, joten vuosilukua, ovikoodia tai puhelinnumeroa kannattaa hokea mieless\u00e4\u00e4n ennen kuin sen kirjaa yl\u00f6s.<\/p>\n","protected":false},"excerpt":{"rendered":"Tietyt numerot ja vuosiluvut aiheuttivat suomalaisille p\u00e4\u00e4nvaivaa. Kuuluvatko n\u00e4m\u00e4 kolme kinkkist\u00e4 lukua sinun yleissivistykseesi? Miksi Pikku Kakkosen postinumeron&hellip;\n","protected":false},"author":2,"featured_media":108703,"comment_status":"","ping_status":"","sticky":false,"template":"","format":"standard","meta":{"footnotes":""},"categories":[76],"tags":[79,77,33,31,30,34,32,78],"class_list":{"0":"post-108702","1":"post","2":"type-post","3":"status-publish","4":"format-standard","5":"has-post-thumbnail","7":"category-talous","8":"tag-business","9":"tag-economy","10":"tag-fi","11":"tag-finland","12":"tag-finnish","13":"tag-ilta-sanomat","14":"tag-suomi","15":"tag-talous"},"share_on_mastodon":{"url":"https:\/\/pubeurope.com\/@fi\/115668765204738190","error":""},"_links":{"self":[{"href":"https:\/\/www.europesays.com\/fi\/wp-json\/wp\/v2\/posts\/108702","targetHints":{"allow":["GET"]}}],"collection":[{"href":"https:\/\/www.europesays.com\/fi\/wp-json\/wp\/v2\/posts"}],"about":[{"href":"https:\/\/www.europesays.com\/fi\/wp-json\/wp\/v2\/types\/post"}],"author":[{"embeddable":true,"href":"https:\/\/www.europesays.com\/fi\/wp-json\/wp\/v2\/users\/2"}],"replies":[{"embeddable":true,"href":"https:\/\/www.europesays.com\/fi\/wp-json\/wp\/v2\/comments?post=108702"}],"version-history":[{"count":0,"href":"https:\/\/www.europesays.com\/fi\/wp-json\/wp\/v2\/posts\/108702\/revisions"}],"wp:featuredmedia":[{"embeddable":true,"href":"https:\/\/www.europesays.com\/fi\/wp-json\/wp\/v2\/media\/108703"}],"wp:attachment":[{"href":"https:\/\/www.europesays.com\/fi\/wp-json\/wp\/v2\/media?parent=108702"}],"wp:term":[{"taxonomy":"category","embeddable":true,"href":"https:\/\/www.europesays.com\/fi\/wp-json\/wp\/v2\/categories?post=108702"},{"taxonomy":"post_tag","embeddable":true,"href":"https:\/\/www.europesays.com\/fi\/wp-json\/wp\/v2\/tags?post=108702"}],"curies":[{"name":"wp","href":"https:\/\/api.w.org\/{rel}","templated":true}]}}