{"id":108714,"date":"2025-12-05T20:28:11","date_gmt":"2025-12-05T20:28:11","guid":{"rendered":"https:\/\/www.europesays.com\/fi\/108714\/"},"modified":"2025-12-05T20:28:11","modified_gmt":"2025-12-05T20:28:11","slug":"mikael-granlund-tata-on-odotettu","status":"publish","type":"post","link":"https:\/\/www.europesays.com\/fi\/108714\/","title":{"rendered":"Mikael Granlund: T\u00e4t\u00e4 on odotettu"},"content":{"rendered":"<p>Hy\u00f6kk\u00e4\u00e4j\u00e4n sairasloma on ohi.<\/p>\n<p><img decoding=\"async\" class=\"image image-show image-preview\" src=\"https:\/\/www.europesays.com\/fi\/wp-content\/uploads\/2025\/12\/cc602bd70907cddb45457c6ace3bf37fcd1391f455cd448289f49fa50eaec364.jpg\" alt=\"\"\/><img decoding=\"async\" class=\"image image-show\" src=\"https:\/\/www.europesays.com\/fi\/wp-content\/uploads\/2025\/12\/1764966489_165_cc602bd70907cddb45457c6ace3bf37fcd1391f455cd448289f49fa50eaec364.jpg\" alt=\"\"\/><\/p>\n<p>Mikael Granlund hypp\u00e4\u00e4 taas kaukaloon. AOP<\/p>\n<p class=\"paragraph\"><a href=\"https:\/\/www.iltalehti.fi\/henkilot\/Mikael Granlund\" class=\"article-link-person-page\" rel=\"nofollow noopener\" target=\"_blank\">Mikael Granlund<\/a> on palannut pelikuntoon, <a href=\"https:\/\/www.dailyfaceoff.com\/news\/anaheim-ducks-mikael-granlund-return-10-game-absence-injury-nhl-strome?\" target=\"_blank\" rel=\"noopener nofollow\">Daily Faceoff -sivusto<\/a> uutisoi.<\/p>\n<p class=\"paragraph\">Granlund oli mukana Anaheim Ducksin aamuharjoituksissa perjantaina. Joukkue valmistautuu kohtaamaan Washington Capitalsin itsen\u00e4isyysp\u00e4iv\u00e4n vastaisena y\u00f6n\u00e4.<\/p>\n<p class=\"paragraph\">Suomalainen on ollut sivussa Ducksin edellisist\u00e4 kymmenest\u00e4 ottelusta loukkaantumisen vuoksi. Yhteens\u00e4 h\u00e4nelt\u00e4 on j\u00e4\u00e4nyt v\u00e4liin 18 kauden 27 ottelusta.<\/p>\n<p class=\"paragraph\">Granlund harjoitteli perjantaina joukkueensa kolmosketjussa <a href=\"https:\/\/www.iltalehti.fi\/henkilot\/Frank Vatrano\" class=\"article-link-person-page\" rel=\"nofollow noopener\" target=\"_blank\">Frank Vatranon<\/a> ja <a href=\"https:\/\/www.iltalehti.fi\/henkilot\/Ryan Strome\" class=\"article-link-person-page\" rel=\"nofollow noopener\" target=\"_blank\">Ryan Stromen<\/a> keskell\u00e4.<\/p>\n<p class=\"paragraph\">Taidokas hy\u00f6kk\u00e4\u00e4j\u00e4 aloitti kauden vahvasti iskien yhdeks\u00e4\u00e4n otteluun yht\u00e4 monta tehopistett\u00e4 (3+6).<\/p>\n<p><a href=\"https:\/\/www.iltalehti.fi\/jaakiekko\/a\/1ae71ab3-3179-4e5d-95ce-15a50bbf7509\" rel=\"nofollow noopener\" target=\"_blank\"><img decoding=\"async\" src=\"https:\/\/www.europesays.com\/fi\/wp-content\/uploads\/2025\/10\/4a4e280ca1a75d884de6ebd943738ae5d99be138803b843a647b7d7c8a538b0b.png\" alt=\"Osallistu arvontaan\"\/><\/a><\/p>\n","protected":false},"excerpt":{"rendered":"Hy\u00f6kk\u00e4\u00e4j\u00e4n sairasloma on ohi. Mikael Granlund hypp\u00e4\u00e4 taas kaukaloon. AOP Mikael Granlund on palannut pelikuntoon, Daily Faceoff -sivusto&hellip;\n","protected":false},"author":2,"featured_media":108715,"comment_status":"","ping_status":"","sticky":false,"template":"","format":"standard","meta":{"footnotes":""},"categories":[158],"tags":[35,33,31,30,1143,8175,2135,1146,159,32,1145,160],"class_list":{"0":"post-108714","1":"post","2":"type-post","3":"status-publish","4":"format-standard","5":"has-post-thumbnail","7":"category-urheilu","8":"tag-24h","9":"tag-fi","10":"tag-finland","11":"tag-finnish","12":"tag-jaakiekko","13":"tag-jaakiekkopelaajat","14":"tag-jaakiekkopelaajat-miehet","15":"tag-miesten-jaakiekko","16":"tag-sports","17":"tag-suomi","18":"tag-talviurheilu","19":"tag-urheilu"},"share_on_mastodon":{"url":"https:\/\/pubeurope.com\/@fi\/115668851841565001","error":""},"_links":{"self":[{"href":"https:\/\/www.europesays.com\/fi\/wp-json\/wp\/v2\/posts\/108714","targetHints":{"allow":["GET"]}}],"collection":[{"href":"https:\/\/www.europesays.com\/fi\/wp-json\/wp\/v2\/posts"}],"about":[{"href":"https:\/\/www.europesays.com\/fi\/wp-json\/wp\/v2\/types\/post"}],"author":[{"embeddable":true,"href":"https:\/\/www.europesays.com\/fi\/wp-json\/wp\/v2\/users\/2"}],"replies":[{"embeddable":true,"href":"https:\/\/www.europesays.com\/fi\/wp-json\/wp\/v2\/comments?post=108714"}],"version-history":[{"count":0,"href":"https:\/\/www.europesays.com\/fi\/wp-json\/wp\/v2\/posts\/108714\/revisions"}],"wp:featuredmedia":[{"embeddable":true,"href":"https:\/\/www.europesays.com\/fi\/wp-json\/wp\/v2\/media\/108715"}],"wp:attachment":[{"href":"https:\/\/www.europesays.com\/fi\/wp-json\/wp\/v2\/media?parent=108714"}],"wp:term":[{"taxonomy":"category","embeddable":true,"href":"https:\/\/www.europesays.com\/fi\/wp-json\/wp\/v2\/categories?post=108714"},{"taxonomy":"post_tag","embeddable":true,"href":"https:\/\/www.europesays.com\/fi\/wp-json\/wp\/v2\/tags?post=108714"}],"curies":[{"name":"wp","href":"https:\/\/api.w.org\/{rel}","templated":true}]}}