{"id":108728,"date":"2025-12-05T20:48:11","date_gmt":"2025-12-05T20:48:11","guid":{"rendered":"https:\/\/www.europesays.com\/fi\/108728\/"},"modified":"2025-12-05T20:48:11","modified_gmt":"2025-12-05T20:48:11","slug":"varikas-neljan-naisen-retrospektiivinen-yhteistaidenayttely-kulttuuritalo-jaatsilla-taiteen-tekemisessa-viehattaa-vapaus-alueviesti","status":"publish","type":"post","link":"https:\/\/www.europesays.com\/fi\/108728\/","title":{"rendered":"V\u00e4rik\u00e4s nelj\u00e4n naisen retrospektiivinen yhteistaiden\u00e4yttely Kulttuuritalo Jaatsilla \u2013 \u201cTaiteen tekemisess\u00e4 vieh\u00e4tt\u00e4\u00e4 vapaus\u201d &#8211; Alueviesti"},"content":{"rendered":"<p><img loading=\"lazy\" decoding=\"async\" class=\"size-large wp-image-225724\" src=\"https:\/\/www.europesays.com\/fi\/wp-content\/uploads\/2025\/12\/JAATSI-jaana-lewis-kopio-758x505.jpg\" alt=\"\" width=\"758\" height=\"505\"  \/><strong>Jaana Lewis tekee taidetta, koska se on hauskaa ja vapauttavaa. \u201cPid\u00e4n itse\u00e4ni harrastelijataiteilijana.\u201d<\/strong><\/p>\n<p>V\u00e4rik\u00e4s nelj\u00e4n naisen retrospektiivinen yhteistaiden\u00e4yttely Kulttuuritalo Jaatsilla avautui yleis\u00f6lle 2. joulukuuta.<\/p>\n<p>Nelj\u00e4\u00e4 taiteilevaa naista yhdist\u00e4\u00e4 pitk\u00e4 yhteinen historia. <strong>Jaana Lewis<\/strong> ja <strong>Ulla Marjatta Pohjanen<\/strong> ovat sisaruksia, ja <strong>Tuula Elisabet Koskenniemi<\/strong> ja <strong>Marja-Leena Ranki<\/strong> heid\u00e4n hyvi\u00e4 yst\u00e4vi\u00e4\u00e4n.<\/p>\n<p>\u201dAjatus pit\u00e4\u00e4 yhteinen n\u00e4yttely syntyi Marja-Leenan ideasta. H\u00e4n toimi koko ajatuksen p\u00e4\u00e4promoottorina, jonka ei ollut vaikeaa innostaa muita mukaan\u201d, taustoittaa Jaana Lewis.<\/p>\n<p>Lewis asuu Mouhij\u00e4rvell\u00e4, Pohjanen ja Ranki Vammalassa \u2013 ja Koskenniemi Tampereella.<\/p>\n<p>N\u00e4yttelyss\u00e4 on esill\u00e4 tasan sata teosta.<\/p>\n<p>\u201dPlus yksi pilariteos tuossa aulassa\u201d, naurahtaa Lewis.<\/p>\n<p>Esill\u00e4 on akryyli- ja \u00f6ljyv\u00e4riteoksia, akvarellimaalauksia sek\u00e4 hiilipiirroksia. Jokaisella n\u00e4yttelyn taiteilijalla on aivan oma tyylins\u00e4, ja Jaatsin valoisissa huoneissa v\u00e4rikyll\u00e4isille teoksille on hyvin tilaa.<\/p>\n<p>\u201dAiheita on ammennettu niin sielun sisuksista kuin todellisistakin maisemista tai malleista. Mukana on my\u00f6s Sastamalan maisemista ja ulkomailtakin maalattuja t\u00f6it\u00e4. Kaikilta on esill\u00e4 sek\u00e4 vanhoja ett\u00e4 tuoreempia teoksia\u201d, Lewis selvitt\u00e4\u00e4.<\/p>\n<p>\u201dUusimmissa teoksissa maali oli h\u00e4din tuskin ehtinyt kuivua ennen seinille ripustamista\u201d, h\u00e4n paljastaa.<\/p>\n<p><img loading=\"lazy\" decoding=\"async\" class=\"size-large wp-image-225725\" src=\"https:\/\/www.europesays.com\/fi\/wp-content\/uploads\/2025\/12\/IMG_0608-758x505.jpg\" alt=\"\" width=\"758\" height=\"505\"  \/><strong>Ulla Marjatta Pohjanen on kiert\u00e4nyt useissa maissa ja asunut pitk\u00e4\u00e4n Ruotsissakin. \u201cT\u00e4m\u00e4n taitelijabaskerin hankin Ranskasta\u201d, h\u00e4n paljastaa. Pohjanen maalaa mielell\u00e4\u00e4n mielikuvituksellisia kasvokuvia.<\/strong><\/p>\n<p>N\u00e4yttelyss\u00e4 kuljetaan realismista abstraktiin ilmaisuun. Tunnelmat vaihtuvat taiteilijan mukaan \u2013 jokaisen ilmaisutapa on erilainen.<\/p>\n<p>Herkk\u00e4\u00e4, r\u00e4v\u00e4kk\u00e4\u00e4, naturalistista ja abstraktia \u2013 ja voiko kaikkea taidetta edes m\u00e4\u00e4ritell\u00e4?<\/p>\n<p>\u201dTaiteen tekemisess\u00e4 vieh\u00e4tt\u00e4\u00e4 vapaus, voi olla luova ja leikitell\u00e4. Se avaa ihan uuden maailman \u2013 jossa voi tehd\u00e4 mit\u00e4 vaan\u201d, vallattomiakin kokeiluja tehnyt Lewis luonnehtii. H\u00e4n suhtautuu taiteeseen hersyv\u00e4ll\u00e4 huumorilla ja inspiroituu my\u00f6s toisten t\u00f6ist\u00e4.<\/p>\n<p>\u201dK\u00e4yn paljon n\u00e4yttelyiss\u00e4, on mukavaa n\u00e4hd\u00e4 toisten taidetta. T\u00e4m\u00e4n yhteisn\u00e4yttelyn toivon her\u00e4tt\u00e4v\u00e4n ajatuksia n\u00e4yttelyvieraissa, ja innostavan muitakin taiteilemaan\u201d, h\u00e4n kertoo.<\/p>\n<p>\u201dLauantaina 13.12. t\u00e4\u00e4ll\u00e4 Jaatsilla vietet\u00e4\u00e4n Lucian p\u00e4iv\u00e4n juhlaa, jolloin on pient\u00e4 tarjoilua ja ohjelmaa n\u00e4yttelyn ohella tarjolla koko p\u00e4iv\u00e4n. Kello 16 poikani <strong>Joseph Lewis<\/strong> tarjoaa musiikkiel\u00e4myksi\u00e4 yleis\u00f6lle flyygelin \u00e4\u00e4rell\u00e4. Tulkaa mukaan\u201d, kutsuu Jaana Lewis.<\/p>\n<p><strong>Taiden\u00e4yttely on Kulttuuritalo Jaatsilla auki 21.12.2025 saakka ti-su 12-18, ja sinne on vapaa p\u00e4\u00e4sy. Itsen\u00e4isyysp\u00e4iv\u00e4n\u00e4 6.12. suljettu. <\/strong><\/p>\n<p><strong>Lucian p\u00e4iv\u00e4n juhlaa Jaatsilla vietet\u00e4\u00e4n la 13.12. klo 12-18.<\/strong><\/p>\n<p><img loading=\"lazy\" decoding=\"async\" class=\"size-large wp-image-225726\" src=\"https:\/\/www.europesays.com\/fi\/wp-content\/uploads\/2025\/12\/JAATSI-teoksia-ranki-kopio-758x505.jpg\" alt=\"\" width=\"758\" height=\"505\"  \/><strong>Marja-Leena Ranki on saanut vangittua kankaalle nostalgisia maalaismaisemia.<\/strong><br \/>\n<img loading=\"lazy\" decoding=\"async\" class=\"size-large wp-image-225727\" src=\"https:\/\/www.europesays.com\/fi\/wp-content\/uploads\/2025\/12\/JAATSIN-tauluja-kopio-758x505.jpg\" alt=\"\" width=\"758\" height=\"505\"  \/><strong>Tuula Elisabet Koskenniemi on toiminut my\u00f6s kuvataideopettajana. Vesi elementtin\u00e4 toistuu usein h\u00e4nen teoksissaan.<\/strong><br \/>\n<img loading=\"lazy\" decoding=\"async\" class=\"size-large wp-image-225729\" src=\"https:\/\/www.europesays.com\/fi\/wp-content\/uploads\/2025\/12\/IMG_0617-758x505.jpg\" alt=\"\" width=\"758\" height=\"505\"  \/><strong>Mouhij\u00e4rven kanttorila komeilee taulussa, vaikka rakennusta ei en\u00e4\u00e4 olekaan. Teoksen on maalannut Marja-Leena Ranki .<\/strong><br \/>\n<img loading=\"lazy\" decoding=\"async\" class=\"size-large wp-image-225730\" src=\"https:\/\/www.europesays.com\/fi\/wp-content\/uploads\/2025\/12\/IMG_0610-512x768.jpg\" alt=\"\" width=\"512\" height=\"768\"  \/><strong>Madonna-aiheen on ikuistanut siveltimenvedoin Koskenniemi.<\/strong><\/p>\n","protected":false},"excerpt":{"rendered":"Jaana Lewis tekee taidetta, koska se on hauskaa ja vapauttavaa. \u201cPid\u00e4n itse\u00e4ni harrastelijataiteilijana.\u201d V\u00e4rik\u00e4s nelj\u00e4n naisen retrospektiivinen yhteistaiden\u00e4yttely&hellip;\n","protected":false},"author":2,"featured_media":108729,"comment_status":"","ping_status":"","sticky":false,"template":"","format":"standard","meta":{"footnotes":""},"categories":[135],"tags":[389,387,388,390,137,33,31,30,32,394,393,391,392,109],"class_list":{"0":"post-108728","1":"post","2":"type-post","3":"status-publish","4":"format-standard","5":"has-post-thumbnail","7":"category-taiteet-ja-suunnittelu","8":"tag-arts","9":"tag-arts-and-design","10":"tag-artsanddesign","11":"tag-design","12":"tag-entertainment","13":"tag-fi","14":"tag-finland","15":"tag-finnish","16":"tag-suomi","17":"tag-suunnittelu","18":"tag-taiteet","19":"tag-taiteet-ja-suunnittelu","20":"tag-taiteetsuunnittelu","21":"tag-viihde"},"share_on_mastodon":{"url":"https:\/\/pubeurope.com\/@fi\/115668930092002428","error":""},"_links":{"self":[{"href":"https:\/\/www.europesays.com\/fi\/wp-json\/wp\/v2\/posts\/108728","targetHints":{"allow":["GET"]}}],"collection":[{"href":"https:\/\/www.europesays.com\/fi\/wp-json\/wp\/v2\/posts"}],"about":[{"href":"https:\/\/www.europesays.com\/fi\/wp-json\/wp\/v2\/types\/post"}],"author":[{"embeddable":true,"href":"https:\/\/www.europesays.com\/fi\/wp-json\/wp\/v2\/users\/2"}],"replies":[{"embeddable":true,"href":"https:\/\/www.europesays.com\/fi\/wp-json\/wp\/v2\/comments?post=108728"}],"version-history":[{"count":0,"href":"https:\/\/www.europesays.com\/fi\/wp-json\/wp\/v2\/posts\/108728\/revisions"}],"wp:featuredmedia":[{"embeddable":true,"href":"https:\/\/www.europesays.com\/fi\/wp-json\/wp\/v2\/media\/108729"}],"wp:attachment":[{"href":"https:\/\/www.europesays.com\/fi\/wp-json\/wp\/v2\/media?parent=108728"}],"wp:term":[{"taxonomy":"category","embeddable":true,"href":"https:\/\/www.europesays.com\/fi\/wp-json\/wp\/v2\/categories?post=108728"},{"taxonomy":"post_tag","embeddable":true,"href":"https:\/\/www.europesays.com\/fi\/wp-json\/wp\/v2\/tags?post=108728"}],"curies":[{"name":"wp","href":"https:\/\/api.w.org\/{rel}","templated":true}]}}