{"id":108742,"date":"2025-12-05T21:01:11","date_gmt":"2025-12-05T21:01:11","guid":{"rendered":"https:\/\/www.europesays.com\/fi\/108742\/"},"modified":"2025-12-05T21:01:11","modified_gmt":"2025-12-05T21:01:11","slug":"syyttaja-vaatii-jethro-rostedtille-ehdotonta-vankeutta-nain-han-kommentoi-asiaa","status":"publish","type":"post","link":"https:\/\/www.europesays.com\/fi\/108742\/","title":{"rendered":"Syytt\u00e4j\u00e4 vaatii Jethro Rostedtille ehdotonta vankeutta \u2013 N\u00e4in h\u00e4n kommentoi asiaa"},"content":{"rendered":"<p>Jethro Rostedtin mielest\u00e4 k\u00e4r\u00e4j\u00e4oikeuden tuomio oli h\u00e4nelle jo ankara.<\/p>\n<p><img decoding=\"async\" class=\"image image-show image-preview\" src=\"https:\/\/www.europesays.com\/fi\/wp-content\/uploads\/2025\/09\/209c4bc4b0f1d31ebbb623ba5d85d600f03c4642a3760162a4b868e8be1f6ea3.jpg\" alt=\"\"\/><img decoding=\"async\" class=\"image image-show\" src=\"https:\/\/www.europesays.com\/fi\/wp-content\/uploads\/2025\/09\/1757518448_183_209c4bc4b0f1d31ebbb623ba5d85d600f03c4642a3760162a4b868e8be1f6ea3.jpg\" alt=\"\"\/><\/p>\n<p>Jethro Rostedt tuomittiin syyskuussa ehdolliseen vankeuteen ja yhdyskuntapalvelukseen veropetoksista. Henri K\u00e4rkk\u00e4inen<\/p>\n<p class=\"paragraph\"><a href=\"https:\/\/www.hs.fi\/alueet\/art-2000011672322.html\" target=\"_blank\" rel=\"noopener nofollow\">Helsingin Sanomat<\/a> kertoi t\u00e4n\u00e4\u00e4n syytt\u00e4j\u00e4n hakevan yritt\u00e4j\u00e4 <a href=\"https:\/\/www.iltalehti.fi\/henkilot\/Jethro Rostedt\" class=\"article-link-person-page\" rel=\"nofollow noopener\" target=\"_blank\">Jethro Rostedtille<\/a> ehdollisen sijaan ehdotonta vankeutta veropetoksista.<\/p>\n<p class=\"paragraph\">Rostedt tuomittiin syyskuussa veropetoksista vuoden ja kahdeksan kuukauden ehdolliseen vankeusrangaistukseen. T\u00e4m\u00e4n lis\u00e4ksi Rostedt tuomittiin 90 tunniksi yhdyskuntapalvelukseen.<\/p>\n<p class=\"paragraph\">Rostedt j\u00e4tti asiasta vastavalituksen, jossa h\u00e4n vaatii rangaistuksensa lievent\u00e4mist\u00e4 vuoden ja nelj\u00e4n kuukauden mittaiseksi ehdolliseksi vankeudeksi ilman yhdyskuntapalvelua.<\/p>\n<p class=\"paragraph\">Yritt\u00e4j\u00e4 kommentoi asiaa Iltalehdelle tekstiviestitse ja kertoi muun muassa syyn, miksi h\u00e4n j\u00e4tti vastavalituksen.<\/p>\n<p class=\"paragraph\">\u2013 Kun syytt\u00e4j\u00e4 teki valituksen, minun t\u00e4ytyi tehd\u00e4 sitten kanssa. \u00c4lyt\u00f6nt\u00e4, mutta n\u00e4in se menee, h\u00e4n kertoo ja jatkaa:<\/p>\n<p class=\"paragraph\">\u2013 Syytt\u00e4j\u00e4 ehdotti, ettei ment\u00e4isi ollenkaan kuulemiseen hovissa, mutta min\u00e4 vastasin, ett\u00e4 tokihan me menemme.<\/p>\n<p class=\"paragraph\">Varsinais-Suomen k\u00e4r\u00e4j\u00e4oikeudesta kerrottiin <a href=\"https:\/\/www.iltalehti.fi\/viihdeuutiset\/5203d0da-ced0-4d00-a861-4c235e9a7577\" rel=\"nofollow noopener\" target=\"_blank\">Iltalehdelle<\/a> jo syyskuussa, ett\u00e4 syytt\u00e4j\u00e4 on ilmaissut tyytym\u00e4tt\u00f6myytens\u00e4 tuomioon. Rosedt on asiasta eri mielt\u00e4.<\/p>\n<p class=\"paragraph\">\u2013 Tuomio oli mielest\u00e4ni jo k\u00e4r\u00e4jill\u00e4 todella kova, h\u00e4n toteaa.<\/p>\n<p class=\"paragraph\">Rostedtin saama <a href=\"https:\/\/www.iltalehti.fi\/viihdeuutiset\/b005ff62-290a-4f13-9d2b-5f1dc558a804\" rel=\"nofollow noopener\" target=\"_blank\">tuomio<\/a> tuli kolmesta t\u00f6rke\u00e4st\u00e4 ja yhdest\u00e4 perusmuotoisesta veropetoksesta. H\u00e4n v\u00e4ltti k\u00e4r\u00e4j\u00e4oikeudessa ehdottoman vankeustuomion <a href=\"https:\/\/www.iltalehti.fi\/viihdeuutiset\/be66cfc1-c0e5-41bd-af60-d3534d670e01\" rel=\"nofollow noopener\" target=\"_blank\">tunnustamalla<\/a> rikokset, jolloin oikeudenk\u00e4ynti muutettiin tunnustamisoikeudenk\u00e4ynniksi.<\/p>\n","protected":false},"excerpt":{"rendered":"Jethro Rostedtin mielest\u00e4 k\u00e4r\u00e4j\u00e4oikeuden tuomio oli h\u00e4nelle jo ankara. Jethro Rostedt tuomittiin syyskuussa ehdolliseen vankeuteen ja yhdyskuntapalvelukseen veropetoksista.&hellip;\n","protected":false},"author":2,"featured_media":61638,"comment_status":"","ping_status":"","sticky":false,"template":"","format":"standard","meta":{"footnotes":""},"categories":[5],"tags":[35,22,23,26,27,33,31,30,17,53,24,25,28,29,15,977,976,18,21,38,32,19,20,139,16],"class_list":{"0":"post-108742","1":"post","2":"type-post","3":"status-publish","4":"format-standard","5":"has-post-thumbnail","7":"category-otsikot","8":"tag-24h","9":"tag-breaking-news","10":"tag-breakingnews","11":"tag-featured-news","12":"tag-featurednews","13":"tag-fi","14":"tag-finland","15":"tag-finnish","16":"tag-headlines","17":"tag-laki-oikeus-ja-rikos","18":"tag-latest-news","19":"tag-latestnews","20":"tag-main-news","21":"tag-mainnews","22":"tag-news","23":"tag-oikeusistuimet","24":"tag-oikeusprosessit","25":"tag-otsikot","26":"tag-paauutiset","27":"tag-rikos","28":"tag-suomi","29":"tag-top-stories","30":"tag-topstories","31":"tag-tv-ohjelmat","32":"tag-uutiset"},"share_on_mastodon":{"url":"https:\/\/pubeurope.com\/@fi\/115668981227676827","error":""},"_links":{"self":[{"href":"https:\/\/www.europesays.com\/fi\/wp-json\/wp\/v2\/posts\/108742","targetHints":{"allow":["GET"]}}],"collection":[{"href":"https:\/\/www.europesays.com\/fi\/wp-json\/wp\/v2\/posts"}],"about":[{"href":"https:\/\/www.europesays.com\/fi\/wp-json\/wp\/v2\/types\/post"}],"author":[{"embeddable":true,"href":"https:\/\/www.europesays.com\/fi\/wp-json\/wp\/v2\/users\/2"}],"replies":[{"embeddable":true,"href":"https:\/\/www.europesays.com\/fi\/wp-json\/wp\/v2\/comments?post=108742"}],"version-history":[{"count":0,"href":"https:\/\/www.europesays.com\/fi\/wp-json\/wp\/v2\/posts\/108742\/revisions"}],"wp:featuredmedia":[{"embeddable":true,"href":"https:\/\/www.europesays.com\/fi\/wp-json\/wp\/v2\/media\/61638"}],"wp:attachment":[{"href":"https:\/\/www.europesays.com\/fi\/wp-json\/wp\/v2\/media?parent=108742"}],"wp:term":[{"taxonomy":"category","embeddable":true,"href":"https:\/\/www.europesays.com\/fi\/wp-json\/wp\/v2\/categories?post=108742"},{"taxonomy":"post_tag","embeddable":true,"href":"https:\/\/www.europesays.com\/fi\/wp-json\/wp\/v2\/tags?post=108742"}],"curies":[{"name":"wp","href":"https:\/\/api.w.org\/{rel}","templated":true}]}}