{"id":108758,"date":"2025-12-05T21:27:10","date_gmt":"2025-12-05T21:27:10","guid":{"rendered":"https:\/\/www.europesays.com\/fi\/108758\/"},"modified":"2025-12-05T21:27:10","modified_gmt":"2025-12-05T21:27:10","slug":"suomalainen-pidatetty-moldovassa-jopa-8-vuoden-vankeus-uhkaa","status":"publish","type":"post","link":"https:\/\/www.europesays.com\/fi\/108758\/","title":{"rendered":"Suomalainen pid\u00e4tetty Moldovassa \u2013 Jopa 8 vuoden vankeus uhkaa"},"content":{"rendered":"<p>Suomalaista ja nelj\u00e4\u00e4 moldovalaista ep\u00e4ill\u00e4\u00e4n ep\u00e4j\u00e4rjestyksen aiheuttamisen suunnittelusta Moldovan vaalien alla.<\/p>\n<p><img decoding=\"async\" class=\"image image-show image-preview\" src=\"https:\/\/www.europesays.com\/fi\/wp-content\/uploads\/2025\/12\/bf918e131ddb0e2363603580691d87d1950458b1bb3513d9f802f196c306f5b9.jpg\" alt=\"\"\/><img decoding=\"async\" class=\"image image-show\" src=\"https:\/\/www.europesays.com\/fi\/wp-content\/uploads\/2025\/12\/1764970030_895_bf918e131ddb0e2363603580691d87d1950458b1bb3513d9f802f196c306f5b9.jpg\" alt=\"\"\/><\/p>\n<p>Moldovan presidentti Maia Sandu \u00e4\u00e4nest\u00e4m\u00e4ss\u00e4 vuonna 2024.  EPA \/ AOP<\/p>\n<p class=\"paragraph\">Moldovan syytt\u00e4j\u00e4nvirasto on asettanut syytteeseen viisi henkil\u00f6\u00e4, joiden ep\u00e4ill\u00e4\u00e4n suunnitelleen Moldovan viime vuoden tulenarkojen presidentinvaalien h\u00e4irint\u00e4\u00e4. Yleisradioyhti\u00f6 Moldova 1 <a href=\"https:\/\/moldova1.md\/p\/63458\/five-indicted-for-bosnia-training-linked-to-planned-2024-unrest\" target=\"_blank\" rel=\"noopener nofollow\">kertoo<\/a>, ett\u00e4 yksi syytetyist\u00e4 on Suomen kansalainen.<\/p>\n<p class=\"paragraph\">Moldovassa k\u00e4ytiin vuonna 2024 t\u00e4p\u00e4r\u00e4 presidentinvaali, jonka voitti lopulta Eurooppa-my\u00f6nteinen istuva presidentti <strong>Maia Sandu<\/strong>. Presidentinvaalien ensimm\u00e4isen kierroksen ohella j\u00e4rjestettiin my\u00f6s kansan\u00e4\u00e4nestys, jossa maan EU-j\u00e4senyysprosessi kirjattiin tavoitteeksi perustuslakiin.<\/p>\n<p class=\"paragraph\">Suomalaista ja nelj\u00e4\u00e4 moldovalaista ep\u00e4ill\u00e4\u00e4n kaaoksen ja ep\u00e4j\u00e4rjestyksen aiheuttamisen suunnittelusta vaalien alla. 27\u201350-vuotiaat syytetyt ovat v\u00e4itetysti matkustaneet Bosnia-Hertsegovinaan, miss\u00e4 \u201dven\u00e4j\u00e4\u00e4 puhuvat\u201d kouluttajat opettivat heille muun muassa droonien lenn\u00e4tt\u00e4mist\u00e4, paniikin ja kaaoksen aiheuttamista, poliisiketjujen murtamista sek\u00e4 palopommien k\u00e4ytt\u00f6\u00e4.<\/p>\n<p class=\"paragraph\">Syytetyt rekrytoitiin alun perin urheiluharjoituksissa Moldovan p\u00e4\u00e4kaupunki Chi\u0219in\u0103ussa. Heid\u00e4n rekrytoijansa oli syytt\u00e4jien mukaan ehdottanut heille urheiluharjoituksia Romaniassa noin 400\u2013500 dollarin viikkopalkalla.<\/p>\n<p class=\"paragraph\">Romaniasta syytetyt jatkoivat matkaa Bosnia-Hertsegovinaan. Koulutus vaalih\u00e4irint\u00e4\u00e4n tapahtui syytt\u00e4jien mukaan mets\u00e4leirill\u00e4, eik\u00e4 henkil\u00f6ill\u00e4 ollut paikan p\u00e4\u00e4ll\u00e4 mukanaan passeja tai puhelimia.<\/p>\n<p class=\"paragraph\">Syytetyt pid\u00e4tettiin heti heid\u00e4n palattuaan Moldovaan. Heid\u00e4n hallustaan l\u00f6ydettiin pienikokoisia kamerallisia drooneja, \u201dpyroteknisi\u00e4\u201d v\u00e4lineit\u00e4, VR-laseja ja radiohallintalaitteita. Lis\u00e4ksi yhden syytetyn hallusta l\u00f6ydettiin lentolehtisi\u00e4, jotka syytt\u00e4jien mukaan pyrkiv\u00e4t ajamaan uskontokuntien v\u00e4lisi\u00e4 j\u00e4nnitteit\u00e4.<\/p>\n<p class=\"paragraph\">Suomalaisen syytetyn mukaan h\u00e4net rekrytoinut sukulainen oli maininnut, ett\u00e4 lehtisten oli tarkoitus auttaa \u201dkirkkoa Moldovassa\u201d.<\/p>\n<p class=\"paragraph\">Jos syytetyt saavat tuomion, heit\u00e4 saattaa odottaa 4\u20138 vuoden vankilatuomio.<\/p>\n<p class=\"paragraph\">Sandun hallinto ja EU ovat toistuvasti syytt\u00e4neet Ven\u00e4j\u00e4\u00e4 Moldovan vaaleihin puuttumisesta, viimeksi parlamenttivaaleissa syyskuussa.<\/p>\n<p class=\"paragraph\">Ven\u00e4j\u00e4\u00e4 tukevat separatistit hallitsevat Moldovaan kuuluvaa Transnistrian aluetta Ukrainan vastaisella rajalla, ja Ven\u00e4j\u00e4ll\u00e4 on alueella noin 1 500 sotilasta. Moldova menetti alueen hallinnan 1990-luvulla k\u00e4ydyss\u00e4 lyhyess\u00e4 sodassa.<\/p>\n<p>Kuva Moldovagazin rakennuksesta p\u00e4\u00e4kaupunki Chisinausta. EPA \/ AOP<\/p>\n","protected":false},"excerpt":{"rendered":"Suomalaista ja nelj\u00e4\u00e4 moldovalaista ep\u00e4ill\u00e4\u00e4n ep\u00e4j\u00e4rjestyksen aiheuttamisen suunnittelusta Moldovan vaalien alla. Moldovan presidentti Maia Sandu \u00e4\u00e4nest\u00e4m\u00e4ss\u00e4 vuonna 2024.&hellip;\n","protected":false},"author":2,"featured_media":108759,"comment_status":"","ping_status":"","sticky":false,"template":"","format":"standard","meta":{"footnotes":""},"categories":[5],"tags":[35,22,23,26,27,33,31,30,17,2453,24,25,28,29,15,18,21,142,637,144,1726,32,19,20,16],"class_list":{"0":"post-108758","1":"post","2":"type-post","3":"status-publish","4":"format-standard","5":"has-post-thumbnail","7":"category-otsikot","8":"tag-24h","9":"tag-breaking-news","10":"tag-breakingnews","11":"tag-featured-news","12":"tag-featurednews","13":"tag-fi","14":"tag-finland","15":"tag-finnish","16":"tag-headlines","17":"tag-kansalaisaktivismi-ja-jarjestot","18":"tag-latest-news","19":"tag-latestnews","20":"tag-main-news","21":"tag-mainnews","22":"tag-news","23":"tag-otsikot","24":"tag-paauutiset","25":"tag-poliitikot","26":"tag-politiikka","27":"tag-presidentti","28":"tag-rangaistukset","29":"tag-suomi","30":"tag-top-stories","31":"tag-topstories","32":"tag-uutiset"},"share_on_mastodon":{"url":"https:\/\/pubeurope.com\/@fi\/115669083410503402","error":""},"_links":{"self":[{"href":"https:\/\/www.europesays.com\/fi\/wp-json\/wp\/v2\/posts\/108758","targetHints":{"allow":["GET"]}}],"collection":[{"href":"https:\/\/www.europesays.com\/fi\/wp-json\/wp\/v2\/posts"}],"about":[{"href":"https:\/\/www.europesays.com\/fi\/wp-json\/wp\/v2\/types\/post"}],"author":[{"embeddable":true,"href":"https:\/\/www.europesays.com\/fi\/wp-json\/wp\/v2\/users\/2"}],"replies":[{"embeddable":true,"href":"https:\/\/www.europesays.com\/fi\/wp-json\/wp\/v2\/comments?post=108758"}],"version-history":[{"count":0,"href":"https:\/\/www.europesays.com\/fi\/wp-json\/wp\/v2\/posts\/108758\/revisions"}],"wp:featuredmedia":[{"embeddable":true,"href":"https:\/\/www.europesays.com\/fi\/wp-json\/wp\/v2\/media\/108759"}],"wp:attachment":[{"href":"https:\/\/www.europesays.com\/fi\/wp-json\/wp\/v2\/media?parent=108758"}],"wp:term":[{"taxonomy":"category","embeddable":true,"href":"https:\/\/www.europesays.com\/fi\/wp-json\/wp\/v2\/categories?post=108758"},{"taxonomy":"post_tag","embeddable":true,"href":"https:\/\/www.europesays.com\/fi\/wp-json\/wp\/v2\/tags?post=108758"}],"curies":[{"name":"wp","href":"https:\/\/api.w.org\/{rel}","templated":true}]}}