{"id":108777,"date":"2025-12-05T22:09:09","date_gmt":"2025-12-05T22:09:09","guid":{"rendered":"https:\/\/www.europesays.com\/fi\/108777\/"},"modified":"2025-12-05T22:09:09","modified_gmt":"2025-12-05T22:09:09","slug":"nummirockin-ensimmaiset-esiintyjat-julki-mukaan-norjalainen-black-metal-legenda","status":"publish","type":"post","link":"https:\/\/www.europesays.com\/fi\/108777\/","title":{"rendered":"Nummirockin ensimm\u00e4iset esiintyj\u00e4t julki \u2013 mukaan norjalainen black metal -legenda"},"content":{"rendered":"<p>40. Nummirock vietet\u00e4\u00e4n ensi juhannuksena 17.\u201320. kes\u00e4kuuta Kauhajoen Nummij\u00e4rvell\u00e4. Nummirockin ensimm\u00e4iset esiintyj\u00e4t on julkistettu t\u00e4n\u00e4\u00e4n.<\/p>\n<p>Juhlavuodenulkomaisiin b\u00e4ndeihin lukeutuvat norjalainen black metal -legenda <strong>Satyricon, Rise Of The Northstar, UADA<\/strong> ja<strong> Immortal Disfigurement<\/strong>. Suomesta mukaan julkistettiin nimet <strong>Omnium Gatherum, Moonsorrow, Swallow the Sun, Kaunis Kuolematon, Nyrkkitappelu, Ruoska, Stoned Statues <\/strong>ja <strong>Kneel Before the Death.<\/strong><\/p>\n<p>Lue my\u00f6s: <a href=\"https:\/\/www.rumba.fi\/uutiset\/saimaa-punk-festivaali-julkisti-esintyjansa-mukaan-vuonna-1979-perustettu-jenkki-hooceen-legenda\/\" title=\"Saimaa Punk Festivaali julkisti esiintyj\u00e4ns\u00e4 \u2013 mukaan vuonna 1979 perustettu jenkki-hooceen legenda\" class=\"underline-custom !font-montserrat !font-bold !underline-offset-4 !decoration-4 !decoration-tilt-light !text-md\" rel=\"nofollow noopener\" target=\"_blank\">Saimaa Punk Festivaali julkisti esiintyj\u00e4ns\u00e4 \u2013 mukaan vuonna 1979 perustettu jenkki-hooceen legenda<\/a><\/p>\n<p>Lue my\u00f6s: <a href=\"https:\/\/www.rumba.fi\/uutiset\/tamperelainen-uusi-festivaali-ankea-julkisti-ensimmaiset-esiintyjat-suomen-roadburn\/\" title=\"Tamperelainen uusi festivaali Ankea julkisti ensimm\u00e4iset esiintyj\u00e4t = Suomen Roadburn?\" class=\"underline-custom !font-montserrat !font-bold !underline-offset-4 !decoration-4 !decoration-tilt-light !text-md\" rel=\"nofollow noopener\" target=\"_blank\">Tamperelainen uusi festivaali Ankea julkisti ensimm\u00e4iset esiintyj\u00e4t = Suomen Roadburn?<\/a><\/p>\n<p>Festivaalin nelj\u00e4n p\u00e4iv\u00e4n liput ovat nyt myynniss\u00e4. Lis\u00e4\u00e4 infoa <a href=\"https:\/\/nummirock.fi\/\" rel=\"nofollow noopener\" target=\"_blank\">t\u00e4\u00e4lt\u00e4<\/a>.<\/p>\n","protected":false},"excerpt":{"rendered":"40. Nummirock vietet\u00e4\u00e4n ensi juhannuksena 17.\u201320. kes\u00e4kuuta Kauhajoen Nummij\u00e4rvell\u00e4. Nummirockin ensimm\u00e4iset esiintyj\u00e4t on julkistettu t\u00e4n\u00e4\u00e4n. Juhlavuodenulkomaisiin b\u00e4ndeihin lukeutuvat&hellip;\n","protected":false},"author":2,"featured_media":108778,"comment_status":"","ping_status":"","sticky":false,"template":"","format":"standard","meta":{"footnotes":""},"categories":[132],"tags":[137,33,31,30,195,47,14630,32,109],"class_list":{"0":"post-108777","1":"post","2":"type-post","3":"status-publish","4":"format-standard","5":"has-post-thumbnail","7":"category-musiikki","8":"tag-entertainment","9":"tag-fi","10":"tag-finland","11":"tag-finnish","12":"tag-music","13":"tag-musiikki","14":"tag-nummirock","15":"tag-suomi","16":"tag-viihde"},"share_on_mastodon":{"url":"https:\/\/pubeurope.com\/@fi\/115669248440144482","error":""},"_links":{"self":[{"href":"https:\/\/www.europesays.com\/fi\/wp-json\/wp\/v2\/posts\/108777","targetHints":{"allow":["GET"]}}],"collection":[{"href":"https:\/\/www.europesays.com\/fi\/wp-json\/wp\/v2\/posts"}],"about":[{"href":"https:\/\/www.europesays.com\/fi\/wp-json\/wp\/v2\/types\/post"}],"author":[{"embeddable":true,"href":"https:\/\/www.europesays.com\/fi\/wp-json\/wp\/v2\/users\/2"}],"replies":[{"embeddable":true,"href":"https:\/\/www.europesays.com\/fi\/wp-json\/wp\/v2\/comments?post=108777"}],"version-history":[{"count":0,"href":"https:\/\/www.europesays.com\/fi\/wp-json\/wp\/v2\/posts\/108777\/revisions"}],"wp:featuredmedia":[{"embeddable":true,"href":"https:\/\/www.europesays.com\/fi\/wp-json\/wp\/v2\/media\/108778"}],"wp:attachment":[{"href":"https:\/\/www.europesays.com\/fi\/wp-json\/wp\/v2\/media?parent=108777"}],"wp:term":[{"taxonomy":"category","embeddable":true,"href":"https:\/\/www.europesays.com\/fi\/wp-json\/wp\/v2\/categories?post=108777"},{"taxonomy":"post_tag","embeddable":true,"href":"https:\/\/www.europesays.com\/fi\/wp-json\/wp\/v2\/tags?post=108777"}],"curies":[{"name":"wp","href":"https:\/\/api.w.org\/{rel}","templated":true}]}}