{"id":108785,"date":"2025-12-05T22:17:14","date_gmt":"2025-12-05T22:17:14","guid":{"rendered":"https:\/\/www.europesays.com\/fi\/108785\/"},"modified":"2025-12-05T22:17:14","modified_gmt":"2025-12-05T22:17:14","slug":"kyseessa-oli-venajan-valtion-hyokkays","status":"publish","type":"post","link":"https:\/\/www.europesays.com\/fi\/108785\/","title":{"rendered":"Kyseess\u00e4 oli Ven\u00e4j\u00e4n valtion hy\u00f6kk\u00e4ys"},"content":{"rendered":"<p>Britannia harkitsee luovuttavansa Ukrainalle yli 9 miljardia euroa j\u00e4\u00e4dytettyj\u00e4 ven\u00e4l\u00e4isi\u00e4 varoja.<\/p>\n<p><img decoding=\"async\" class=\"image image-show image-preview\" src=\"https:\/\/www.europesays.com\/fi\/wp-content\/uploads\/2025\/12\/19f9a5e603ae61304f8eeb2c1129d7d7937ca50de7598e01caf100c0078207ef.jpg\" alt=\"\"\/><img decoding=\"async\" class=\"image image-show\" src=\"https:\/\/www.europesays.com\/fi\/wp-content\/uploads\/2025\/12\/1764973034_840_19f9a5e603ae61304f8eeb2c1129d7d7937ca50de7598e01caf100c0078207ef.jpg\" alt=\"\"\/><\/p>\n<p>Ven\u00e4j\u00e4n presidentti Vladimir Putinin v\u00e4itet\u00e4\u00e4n henkil\u00f6kohtaisesti m\u00e4\u00e4r\u00e4nneen Sergei Skripalin myrkytt\u00e4misen. ZumaWire \/ MVPHOTOS<\/p>\n<p class=\"paragraph\">Ven\u00e4l\u00e4isen kaksoisagentin <a href=\"https:\/\/www.iltalehti.fi\/henkilot\/Sergei Skripal\" class=\"article-link-person-page\" rel=\"nofollow noopener\" target=\"_blank\">Sergei Skripalin<\/a> myrkytystapaus on palannut kummittelemaan Ven\u00e4j\u00e4n presidentti <a href=\"https:\/\/www.iltalehti.fi\/henkilot\/Vladimir Putin\" class=\"article-link-person-page\" rel=\"nofollow noopener\" target=\"_blank\">Vladimir Putinia<\/a>.<\/p>\n<p class=\"paragraph\">Britanniassa t\u00e4ll\u00e4 viikolla julkaistu virallinen tutkimus toteaa Putinin m\u00e4\u00e4r\u00e4nneen Skripalin myrkytyksen henkil\u00f6kohtaisesti, <a href=\"https:\/\/www.thetimes.com\/uk\/defence\/article\/putin-sergei-skripal-ordered-assassination-salisbury-poisoning-novichok-rf6hrdftg\" target=\"_blank\" rel=\"noopener nofollow\">kertoo<\/a> brittilehti The Times.<\/p>\n<p class=\"paragraph\">Skripal ja h\u00e4nen tytt\u00e4rens\u00e4 <strong>Julia Skripal<\/strong> myrkytettiin vuonna 2018 neuvostoliittolaisella novit\u0161ok-myrkyll\u00e4 Britanniassa. Skripalit selvisiv\u00e4t myrkytyksest\u00e4 hengiss\u00e4, mutta yksi myrkylle my\u00f6hemmin altistunut nainen kuoli.<\/p>\n<p class=\"paragraph\">Kahden Ven\u00e4j\u00e4n sotilastiedustelupalvelun GRU:n agentin uskotaan matkanneen Britanniaan turisteiksi naamioituneina ja suihkuttaneen myrkky\u00e4 Skripalin oveen.<\/p>\n<p class=\"paragraph\">Skripal oli entinen GRU:n upseeri, joka toimi Britannian ulkomaantiedustelupalvelun (MI6) kaksoisagenttina. H\u00e4net pid\u00e4tettiin Ven\u00e4j\u00e4ll\u00e4 vuonna 2004 ja tuomittiin kaksi vuotta my\u00f6hemmin 13 vuoden vankeuteen.<\/p>\n<p class=\"paragraph\">Skripal vapautettiin vuoden 2010 vankienvaihdossa Yhdysvaltojen kanssa. Sen j\u00e4lkeen h\u00e4n asettui asumaan Britanniaan.<\/p>\n<p>Britannian hyv\u00e4ksi vakoillut ven\u00e4l\u00e4inen Sergei Skripal myrkytettiin novit\u0161okilla vuonna 2018. Kuva Skripalin oikeudenk\u00e4ynnist\u00e4 Ven\u00e4j\u00e4ll\u00e4 vuonna 2006. ZumaWire \/ MVPHOTOS<\/p>\n<p>Selv\u00e4 tapaus<\/p>\n<p class=\"paragraph\">Skripalien myrkytys aiheutti vuonna 2018 suuren diplomaattisen kriisin ja vaikutti merkitt\u00e4v\u00e4sti etenkin Ven\u00e4j\u00e4n ja Britannian v\u00e4lisiin suhteisiin.<\/p>\n<p class=\"paragraph\">Nyt julkaistua tutkimusta johtaneen lordi <strong>Anthony Hughesin<\/strong> mukaan salamurhayritys toisen valtion sis\u00e4ll\u00e4 onkin niin vakava teko, ett\u00e4 on selv\u00e4\u00e4, ett\u00e4 myrkytys on \u201dt\u00e4ytynyt olla presidentti Putinin hyv\u00e4ksym\u00e4\u201d.<\/p>\n<p class=\"paragraph\">\u2013 Todisteet siit\u00e4, ett\u00e4 kyseess\u00e4 oli Ven\u00e4j\u00e4n valtion hy\u00f6kk\u00e4ys, ovat ylivoimaiset. On selv\u00e4\u00e4, ett\u00e4 t\u00e4m\u00e4 hy\u00f6kk\u00e4ys osoitti huomattavaa p\u00e4\u00e4tt\u00e4v\u00e4isyytt\u00e4 ja sen odotettiin olevan julkinen osoitus Ven\u00e4j\u00e4n voimasta, Hughes sanoi.<\/p>\n<p class=\"paragraph\">Samaa kertoi tutkimusta varten oman lausuntonsa antanut Skripal.<\/p>\n<p class=\"paragraph\">\u2013 Uskon, ett\u00e4 Putin tekee kaikki t\u00e4rke\u00e4t p\u00e4\u00e4t\u00f6kset itse. Siksi luulen, ett\u00e4 h\u00e4n on ainakin antanut luvan hy\u00f6kk\u00e4ykseen.<\/p>\n<p>Britannian ulkoministeri Yvette Cooper ilmoitti Britannian asettavan uusia pakotteita myrkytykseen liitettyj\u00e4 ja henkil\u00f6it\u00e4 kohtaan. EPA \/ AOP<\/p>\n<p>Seuraukset<\/p>\n<p class=\"paragraph\">Britannian ulkoministeri <strong>Yvette Cooper<\/strong> ilmoitti tutkimuksen julkaisun j\u00e4lkeen uusista pakotteista GRU:ta ja useita myrkytystapaukseen liitettyj\u00e4 henkil\u00f6it\u00e4 kohtaan.<\/p>\n<p class=\"paragraph\">\u2013 Putin ja h\u00e4nen GRU-agenttinsa ovat aktiivisia uhkia Britannian kansalaisille, turvallisuudellemme ja hyvinvoinnillemme. Emme suvaitse t\u00e4t\u00e4 r\u00f6yhke\u00e4\u00e4 ja halveksittavaa aggressiota Britannian maaper\u00e4ll\u00e4.<\/p>\n<p class=\"paragraph\">Julkinen paheksuminen ja syyttelev\u00e4t sormet tuskin Putinia paljoa hetkauttavat, mutta tutkimuksen aiheuttama liikehdint\u00e4 j\u00e4\u00e4dytettyjen ven\u00e4l\u00e4isten varojen vapauttamisesta Ukrainalle saattaa.<\/p>\n<p class=\"paragraph\">The Timesin <a href=\"https:\/\/www.thetimes.com\/uk\/politics\/article\/frozen-russian-assets-britain-q5k22km0r\" target=\"_blank\" rel=\"noopener nofollow\">mukaan<\/a> brittiministerit valmistelevat t\u00e4ll\u00e4 hetkell\u00e4 luovuttavansa yli 8\u00a0miljardin punnan eli noin 9\u00a0miljardin euron edest\u00e4 Britanniassa j\u00e4\u00e4dytettyin\u00e4 olevia ven\u00e4l\u00e4isi\u00e4 varoja Ukrainalle.<\/p>\n<p class=\"paragraph\">Vaikka summa j\u00e4\u00e4 viel\u00e4 kauas Euroopan unionin Brysseliss\u00e4 hallussa olevasta noin 200\u00a0miljardista eurosta, olisi siit\u00e4 kuitenkin suuri apu talousvaikeuksissa olevalle Ukrainalle.<\/p>\n<p class=\"paragraph\">Yhdysvaltalaismedia Politicon <a href=\"https:\/\/www.politico.eu\/article\/ukraine-winter-kyiv-war-russia-volodymyr-zelenskyy-defense-frozen-assets\/\" target=\"_blank\" rel=\"noopener nofollow\">mukaan<\/a> Ukrainaa uhkaa vuodenvaihteessa vakava rahoituskriisi. Maan rahojen pel\u00e4t\u00e4\u00e4n loppuvan ilman lis\u00e4rahoitusta jo helmikuussa.<\/p>\n","protected":false},"excerpt":{"rendered":"Britannia harkitsee luovuttavansa Ukrainalle yli 9 miljardia euroa j\u00e4\u00e4dytettyj\u00e4 ven\u00e4l\u00e4isi\u00e4 varoja. Ven\u00e4j\u00e4n presidentti Vladimir Putinin v\u00e4itet\u00e4\u00e4n henkil\u00f6kohtaisesti m\u00e4\u00e4r\u00e4nneen&hellip;\n","protected":false},"author":2,"featured_media":108786,"comment_status":"","ping_status":"","sticky":false,"template":"","format":"standard","meta":{"footnotes":""},"categories":[14],"tags":[35,22,23,26,27,33,31,30,17,70,5679,2260,24,25,28,29,15,18,21,637,32,19,20,56,4385,16,59,60,61],"class_list":{"0":"post-108785","1":"post","2":"type-post","3":"status-publish","4":"format-standard","5":"has-post-thumbnail","7":"category-ulkomaat","8":"tag-24h","9":"tag-breaking-news","10":"tag-breakingnews","11":"tag-featured-news","12":"tag-featurednews","13":"tag-fi","14":"tag-finland","15":"tag-finnish","16":"tag-headlines","17":"tag-kansainvalinen-politiikka","18":"tag-kansainvaliset-organisaatiot-ja-sopimukset","19":"tag-kansainvalisyys","20":"tag-latest-news","21":"tag-latestnews","22":"tag-main-news","23":"tag-mainnews","24":"tag-news","25":"tag-otsikot","26":"tag-paauutiset","27":"tag-politiikka","28":"tag-suomi","29":"tag-top-stories","30":"tag-topstories","31":"tag-ulkomaat","32":"tag-ulkopolitiikka-ja-kansainvalinen-politiikka","33":"tag-uutiset","34":"tag-world","35":"tag-world-news","36":"tag-worldnews"},"share_on_mastodon":{"url":"https:\/\/pubeurope.com\/@fi\/115669280121634824","error":""},"_links":{"self":[{"href":"https:\/\/www.europesays.com\/fi\/wp-json\/wp\/v2\/posts\/108785","targetHints":{"allow":["GET"]}}],"collection":[{"href":"https:\/\/www.europesays.com\/fi\/wp-json\/wp\/v2\/posts"}],"about":[{"href":"https:\/\/www.europesays.com\/fi\/wp-json\/wp\/v2\/types\/post"}],"author":[{"embeddable":true,"href":"https:\/\/www.europesays.com\/fi\/wp-json\/wp\/v2\/users\/2"}],"replies":[{"embeddable":true,"href":"https:\/\/www.europesays.com\/fi\/wp-json\/wp\/v2\/comments?post=108785"}],"version-history":[{"count":0,"href":"https:\/\/www.europesays.com\/fi\/wp-json\/wp\/v2\/posts\/108785\/revisions"}],"wp:featuredmedia":[{"embeddable":true,"href":"https:\/\/www.europesays.com\/fi\/wp-json\/wp\/v2\/media\/108786"}],"wp:attachment":[{"href":"https:\/\/www.europesays.com\/fi\/wp-json\/wp\/v2\/media?parent=108785"}],"wp:term":[{"taxonomy":"category","embeddable":true,"href":"https:\/\/www.europesays.com\/fi\/wp-json\/wp\/v2\/categories?post=108785"},{"taxonomy":"post_tag","embeddable":true,"href":"https:\/\/www.europesays.com\/fi\/wp-json\/wp\/v2\/tags?post=108785"}],"curies":[{"name":"wp","href":"https:\/\/api.w.org\/{rel}","templated":true}]}}