{"id":108790,"date":"2025-12-05T22:31:09","date_gmt":"2025-12-05T22:31:09","guid":{"rendered":"https:\/\/www.europesays.com\/fi\/108790\/"},"modified":"2025-12-05T22:31:09","modified_gmt":"2025-12-05T22:31:09","slug":"laura-lahtinen-ui-em-finaalissa-seitsemanneksi","status":"publish","type":"post","link":"https:\/\/www.europesays.com\/fi\/108790\/","title":{"rendered":"Laura Lahtinen ui EM-finaalissa seitsem\u00e4nneksi"},"content":{"rendered":"<p>Lahtisen alkuer\u00e4aika olisi riitt\u00e4nyt finaalissa voittoon.<\/p>\n<p>5.12. 21:37<\/p>\n<p class=\"article-body mb-nof-24 px-nof-16\">Suomalainen <a class=\"article-personlink\" href=\"https:\/\/www.is.fi\/haku\/?query=Laura%20Lahtinen\" rel=\"nofollow noopener\" target=\"_blank\">Laura Lahtinen<\/a> sijoittui seitsem\u00e4nneksi uinnin EM-kisojen 100 metrin perhosuinnissa.<\/p>\n<p class=\"article-body mb-nof-24 px-nof-16\">Lahtisen aika finaalissa oli 55,97, kun <a class=\"article-personlink\" href=\"https:\/\/www.is.fi\/haku\/?query=Martine%20Damborg\" rel=\"nofollow noopener\" target=\"_blank\">Martine Damborg<\/a> voitti kultaa ajalla 55,52.<\/p>\n<p class=\"article-body mb-nof-24 px-nof-16\">Lahtinen teki uuden Suomen enn\u00e4tyksen torstaina k\u00e4ydyss\u00e4 alkuer\u00e4ss\u00e4. Uusi enn\u00e4tys merkittiin aikaan 55,39 ja se oli samalla koko alkuerien kovin aika.<\/p>\n<p class=\"article-body mb-nof-24 px-nof-16\">Suomalainen voitti my\u00f6s oman v\u00e4lier\u00e4ns\u00e4 ajalla 55,87.<\/p>\n<p class=\"article-body mb-nof-24 px-nof-16\">\u2013\u2009Ei se vauhti hirve\u00e4n paljon hitaampaa t\u00e4n\u00e4\u00e4nk\u00e4\u00e4n ollut. Oli tosi tasaista, Lahtinen sanoi finaalin j\u00e4lkeen Ylen haastattelussa.<\/p>\n<p class=\"article-body mb-nof-24 px-nof-16\">\u2013\u2009Alkuer\u00e4ajalla olisin tyyliin voittanut, mutta kyll\u00e4 m\u00e4 silti olen tyytyv\u00e4inen n\u00e4ihin aikoihin.<\/p>\n<p class=\"article-body mb-nof-24 px-nof-16\">Kisat ovat kuitenkin menneet jo t\u00e4h\u00e4n menness\u00e4 yli odotusten.<\/p>\n<p class=\"article-body mb-nof-24 px-nof-16\">\u2013\u2009Ei viikko sitten olisi osannut t\u00e4llaista odottaa, Lahtinen sanoi.<\/p>\n<p class=\"article-body mb-nof-24 px-nof-16\">Lahtisen valmentaja <a class=\"article-personlink\" href=\"https:\/\/www.is.fi\/haku\/?query=Matti%20M%C3%A4ki\" rel=\"nofollow noopener\" target=\"_blank\">Matti M\u00e4ki<\/a> kertoi Ylelle, ett\u00e4 valmistautuminen finaaliin meni hyvin.<\/p>\n<p class=\"article-body mb-nof-24 px-nof-16\">\u2013\u2009M\u00e4 toivon, ett\u00e4 Laura osaa nauttia siit\u00e4, ett\u00e4 olemme t\u00e4ss\u00e4 tilanteessa, M\u00e4ki kertoi finaalia edelt\u00e4v\u00e4ss\u00e4 haastattelussa.<\/p>\n<p class=\"article-body mb-nof-24 px-nof-16\">Lahtinen n\u00e4hd\u00e4\u00e4n altaassa uudelleen jo heti huomenna, kun h\u00e4n ui perhosuinnin 200 metrin alkueriss\u00e4.<\/p>\n<p class=\"article-body mb-nof-24 px-nof-16\">\u2013\u2009Ensiksi t\u00e4ytyy purkaa n\u00e4m\u00e4 finaalista j\u00e4\u00e4neet fiilikset, Lahtinen sanoi.<\/p>\n<p class=\"article-body mb-nof-24 px-nof-16\">\u2013\u2009Onneksi alkuer\u00e4 on vaan alkuer\u00e4, ett\u00e4 siell\u00e4 en tule todellakaan t\u00e4ysi\u00e4 uimaan. Pakko s\u00e4\u00e4st\u00e4\u00e4 energiaa my\u00f6hemm\u00e4lle.<\/p>\n<p class=\"article-body mb-nof-24 px-nof-16\">Lahtinen oli aiemmin syksyll\u00e4 maailmancupissa perhosuinnin 200 metrin finaalissa nelj\u00e4s.<\/p>\n","protected":false},"excerpt":{"rendered":"Lahtisen alkuer\u00e4aika olisi riitt\u00e4nyt finaalissa voittoon. 5.12. 21:37 Suomalainen Laura Lahtinen sijoittui seitsem\u00e4nneksi uinnin EM-kisojen 100 metrin perhosuinnissa.&hellip;\n","protected":false},"author":2,"featured_media":108791,"comment_status":"","ping_status":"","sticky":false,"template":"","format":"standard","meta":{"footnotes":""},"categories":[136],"tags":[407,137,33,31,30,34,408,32,109],"class_list":{"0":"post-108790","1":"post","2":"type-post","3":"status-publish","4":"format-standard","5":"has-post-thumbnail","7":"category-julkkikset","8":"tag-celebrities","9":"tag-entertainment","10":"tag-fi","11":"tag-finland","12":"tag-finnish","13":"tag-ilta-sanomat","14":"tag-julkkikset","15":"tag-suomi","16":"tag-viihde"},"share_on_mastodon":{"url":"https:\/\/pubeurope.com\/@fi\/115669334956017948","error":""},"_links":{"self":[{"href":"https:\/\/www.europesays.com\/fi\/wp-json\/wp\/v2\/posts\/108790","targetHints":{"allow":["GET"]}}],"collection":[{"href":"https:\/\/www.europesays.com\/fi\/wp-json\/wp\/v2\/posts"}],"about":[{"href":"https:\/\/www.europesays.com\/fi\/wp-json\/wp\/v2\/types\/post"}],"author":[{"embeddable":true,"href":"https:\/\/www.europesays.com\/fi\/wp-json\/wp\/v2\/users\/2"}],"replies":[{"embeddable":true,"href":"https:\/\/www.europesays.com\/fi\/wp-json\/wp\/v2\/comments?post=108790"}],"version-history":[{"count":0,"href":"https:\/\/www.europesays.com\/fi\/wp-json\/wp\/v2\/posts\/108790\/revisions"}],"wp:featuredmedia":[{"embeddable":true,"href":"https:\/\/www.europesays.com\/fi\/wp-json\/wp\/v2\/media\/108791"}],"wp:attachment":[{"href":"https:\/\/www.europesays.com\/fi\/wp-json\/wp\/v2\/media?parent=108790"}],"wp:term":[{"taxonomy":"category","embeddable":true,"href":"https:\/\/www.europesays.com\/fi\/wp-json\/wp\/v2\/categories?post=108790"},{"taxonomy":"post_tag","embeddable":true,"href":"https:\/\/www.europesays.com\/fi\/wp-json\/wp\/v2\/tags?post=108790"}],"curies":[{"name":"wp","href":"https:\/\/api.w.org\/{rel}","templated":true}]}}