{"id":108794,"date":"2025-12-05T22:39:09","date_gmt":"2025-12-05T22:39:09","guid":{"rendered":"https:\/\/www.europesays.com\/fi\/108794\/"},"modified":"2025-12-05T22:39:09","modified_gmt":"2025-12-05T22:39:09","slug":"tanaan-tvssa-vuoden-1988-elokuvassa-on-ehka-paras-kannikohtaus-mita-on-suomessa-ikina-tehty","status":"publish","type":"post","link":"https:\/\/www.europesays.com\/fi\/108794\/","title":{"rendered":"T\u00e4n\u00e4\u00e4n tv:ss\u00e4: Vuoden 1988 elokuvassa on ehk\u00e4 paras k\u00e4nnikohtaus, mit\u00e4 on Suomessa ikin\u00e4 tehty"},"content":{"rendered":"<p>T\u00e4n\u00e4\u00e4n n\u00e4hd\u00e4\u00e4n televisiossa vuonna 1988 valmistunut Pohjanmaa.<\/p>\n<p>Etel\u00e4-Pohjanmaan lakeuksille sijoittuvassa elokuvassa vietet\u00e4\u00e4n kes\u00e4ist\u00e4 sunnuntaip\u00e4iv\u00e4\u00e4. Hakalan suku on kokoontunut kotitaloonsa jakamaan Amerikassa kuolleen isois\u00e4n perint\u00f6\u00e4.<\/p>\n<p>P\u00e4iv\u00e4 on hautovan l\u00e4mmin ja ilmassa v\u00e4reilee uhkaa. Hakalan veljekset <strong>(Taneli M\u00e4kel\u00e4, Esko Salminen, Esko Nikkari<\/strong> ja<strong> Vesa M\u00e4kel\u00e4<\/strong>) l\u00e4htev\u00e4t hiekkakuopalle juopottelemaan ja selvitt\u00e4m\u00e4\u00e4n asioitaan. Mukaan l\u00e4htee pellosta kaivettu is\u00e4n vanha konepistooli.<\/p>\n<p><strong>Pekka Parikan<\/strong> ohjausty\u00f6 perustuu<strong> Antti Tuurin<\/strong> romaaniin samoin kuin Parikan seuraava elokuva Talvisota (1990).<\/p>\n<p>Lue my\u00f6s: <a href=\"https:\/\/www.episodi.fi\/uutiset\/uusi-kotimainen-rikossarja-alkaa-tanaan-sarjan-oikeudet-myyty-jo-yhdysvaltoihin\/\" title=\"Uusi kotimainen rikossarja alkaa t\u00e4n\u00e4\u00e4n \u2013 Sarjan oikeudet myyty jo Yhdysvaltoihin\" class=\"underline-custom !font-montserrat !font-bold !underline-offset-4 !decoration-4 !decoration-episodi-blue !text-md\" rel=\"nofollow noopener\" target=\"_blank\">Uusi kotimainen rikossarja alkaa t\u00e4n\u00e4\u00e4n \u2013 Sarjan oikeudet myyty jo Yhdysvaltoihin<\/a><\/p>\n<p>Pohjanmaasta on kasvanut kotimaisen elokuvan klassikko. Elokuvan muistettavimpiin kohtauksiin kuuluu se, jossa Hakalan veljeksi\u00e4 haastatellaan poliisiasemalla. Esko Nikkarin esitt\u00e4m\u00e4n Paavon humalainen keskustelu vallesmannin (<strong>Aarno Sulkanen<\/strong>) kanssa on ehk\u00e4 hauskin k\u00e4nnikohtaus suomalaisessa elokuvassa, mit\u00e4 on koskaan tehty.<\/p>\n<p>Pohjanmaa esitet\u00e4\u00e4n nyt Ylen kanavilla kahteen otteeseen:<\/p>\n<ul class=\"wp-block-list\">\n<li>La 6.12.2025 klo 22.01 \u00b7 Yle TV2<\/li>\n<li>Ma 22.12.2025 klo 12.00 \u00b7 Yle Teema<\/li>\n<\/ul>\n<p>Katsottavissa Areenassa 13.12.2025 saakka. Katso videop\u00e4tk\u00e4 TikTokista alta. Jos kuva ei n\u00e4y, klikkaa <a href=\"https:\/\/www.tiktok.com\/@samihasunen\/video\/7335921614325943584\" target=\"_blank\" rel=\"noreferrer noopener nofollow\">t\u00e4st\u00e4<\/a>.<\/p>\n<blockquote class=\"wp-block-quote is-layout-flow wp-block-quote-is-layout-flow\">\n<blockquote class=\"tiktok-embed\" cite=\"https:\/\/www.tiktok.com\/@samihasunen\/video\/7335921614325943584\" data-video-id=\"7335921614325943584\" style=\"max-width: 605px;min-width: 325px;\"><p>  <a target=\"_blank\" title=\"@samihasunen\" href=\"https:\/\/www.tiktok.com\/@samihasunen?refer=embed\" rel=\"nofollow noopener\">@samihasunen<\/a> Lummukkalaaset ny ti\u00e4ret\u00e4h\u00e4! <a title=\"pohjanmaa\" target=\"_blank\" href=\"https:\/\/www.tiktok.com\/tag\/pohjanmaa?refer=embed\" rel=\"nofollow noopener\">#pohjanmaa<\/a> <a title=\"suomifilmi\" target=\"_blank\" href=\"https:\/\/www.tiktok.com\/tag\/suomifilmi?refer=embed\" rel=\"nofollow noopener\">#suomifilmi<\/a> <a title=\"suomielokuva\" target=\"_blank\" href=\"https:\/\/www.tiktok.com\/tag\/suomielokuva?refer=embed\" rel=\"nofollow noopener\">#suomielokuva<\/a> <a title=\"eskonikkari\" target=\"_blank\" href=\"https:\/\/www.tiktok.com\/tag\/eskonikkari?refer=embed\" rel=\"nofollow noopener\">#eskonikkari<\/a> <a title=\"sinunsivuille\" target=\"_blank\" href=\"https:\/\/www.tiktok.com\/tag\/sinunsivuille?refer=embed\" rel=\"nofollow noopener\">#sinunsivuille<\/a> <a title=\"suomitiktok\" target=\"_blank\" href=\"https:\/\/www.tiktok.com\/tag\/suomitiktok?refer=embed\" rel=\"nofollow noopener\">#suomitiktok<\/a> <a title=\"fyp\" target=\"_blank\" href=\"https:\/\/www.tiktok.com\/tag\/fyp?refer=embed\" rel=\"nofollow noopener\">#fyp<\/a> <a title=\"seuraantakas\" target=\"_blank\" href=\"https:\/\/www.tiktok.com\/tag\/seuraantakas?refer=embed\" rel=\"nofollow noopener\">#seuraantakas<\/a> <a title=\"seuraa\" target=\"_blank\" href=\"https:\/\/www.tiktok.com\/tag\/seuraa?refer=embed\" rel=\"nofollow noopener\">#seuraa<\/a> <a title=\"\u00e4l\u00e4t\u00e4k\u00e4\u00e4nikkaria\" target=\"_blank\" href=\"https:\/\/www.tiktok.com\/tag\/%C3%A4l%C3%A4t%C3%A4k%C3%A4%C3%A4nikkaria?refer=embed\" rel=\"nofollow noopener\">#\u00e4l\u00e4t\u00e4k\u00e4\u00e4nikkaria<\/a> <a title=\"foryou\" target=\"_blank\" href=\"https:\/\/www.tiktok.com\/tag\/foryou?refer=embed\" rel=\"nofollow noopener\">#foryou<\/a> <a title=\"kotimainenviihde\" target=\"_blank\" href=\"https:\/\/www.tiktok.com\/tag\/kotimainenviihde?refer=embed\" rel=\"nofollow noopener\">#kotimainenviihde<\/a> <a title=\"legenda\" target=\"_blank\" href=\"https:\/\/www.tiktok.com\/tag\/legenda?refer=embed\" rel=\"nofollow noopener\">#legenda<\/a> <a title=\"foryoupage\" target=\"_blank\" href=\"https:\/\/www.tiktok.com\/tag\/foryoupage?refer=embed\" rel=\"nofollow noopener\">#foryoupage<\/a> <a title=\"legenda\" target=\"_blank\" href=\"https:\/\/www.tiktok.com\/tag\/legenda?refer=embed\" rel=\"nofollow noopener\">#legenda<\/a> <a title=\"suomi\" target=\"_blank\" href=\"https:\/\/www.tiktok.com\/tag\/suomi?refer=embed\" rel=\"nofollow noopener\">#suomi<\/a> <a target=\"_blank\" title=\"\u266c alkuper\u00e4inen \u00e4\u00e4ni - Hasunen\" href=\"https:\/\/www.tiktok.com\/music\/alkuper\u00e4inen-\u00e4\u00e4ni-7335921649302162209?refer=embed\" rel=\"nofollow noopener\">\u266c alkuper\u00e4inen \u00e4\u00e4ni \u2013 Hasunen<\/a>  <\/p><\/blockquote>\n<\/blockquote>\n<p>Lue my\u00f6s: <a href=\"https:\/\/www.episodi.fi\/uutiskirje\/?uutiskirjemainos=tekstilinkkimainos\" title=\"Tilaa Episodin uutiskirje ja voit voittaa leffalippuja! Nappaa tv-vinkit suoraan s\u00e4hk\u00f6postiin t\u00e4st\u00e4.\" class=\"underline-custom !font-montserrat !font-bold !underline-offset-4 !decoration-4 !decoration-episodi-blue !text-md\" rel=\"nofollow noopener\" target=\"_blank\">Tilaa Episodin uutiskirje ja voit voittaa leffalippuja! Nappaa katseluvinkit suoraan s\u00e4hk\u00f6postiin t\u00e4st\u00e4.<\/a><\/p>\n<p>\t\t\t<script async src=\"\/\/www.tiktok.com\/embed.js\"><\/script><\/p>\n","protected":false},"excerpt":{"rendered":"T\u00e4n\u00e4\u00e4n n\u00e4hd\u00e4\u00e4n televisiossa vuonna 1988 valmistunut Pohjanmaa. Etel\u00e4-Pohjanmaan lakeuksille sijoittuvassa elokuvassa vietet\u00e4\u00e4n kes\u00e4ist\u00e4 sunnuntaip\u00e4iv\u00e4\u00e4. Hakalan suku on kokoontunut&hellip;\n","protected":false},"author":2,"featured_media":108795,"comment_status":"","ping_status":"","sticky":false,"template":"","format":"standard","meta":{"footnotes":""},"categories":[130],"tags":[137,33,31,30,32,139,109,913],"class_list":{"0":"post-108794","1":"post","2":"type-post","3":"status-publish","4":"format-standard","5":"has-post-thumbnail","7":"category-viihde","8":"tag-entertainment","9":"tag-fi","10":"tag-finland","11":"tag-finnish","12":"tag-suomi","13":"tag-tv-ohjelmat","14":"tag-viihde","15":"tag-yle-areena"},"share_on_mastodon":{"url":"https:\/\/pubeurope.com\/@fi\/115669366406877040","error":""},"_links":{"self":[{"href":"https:\/\/www.europesays.com\/fi\/wp-json\/wp\/v2\/posts\/108794","targetHints":{"allow":["GET"]}}],"collection":[{"href":"https:\/\/www.europesays.com\/fi\/wp-json\/wp\/v2\/posts"}],"about":[{"href":"https:\/\/www.europesays.com\/fi\/wp-json\/wp\/v2\/types\/post"}],"author":[{"embeddable":true,"href":"https:\/\/www.europesays.com\/fi\/wp-json\/wp\/v2\/users\/2"}],"replies":[{"embeddable":true,"href":"https:\/\/www.europesays.com\/fi\/wp-json\/wp\/v2\/comments?post=108794"}],"version-history":[{"count":0,"href":"https:\/\/www.europesays.com\/fi\/wp-json\/wp\/v2\/posts\/108794\/revisions"}],"wp:featuredmedia":[{"embeddable":true,"href":"https:\/\/www.europesays.com\/fi\/wp-json\/wp\/v2\/media\/108795"}],"wp:attachment":[{"href":"https:\/\/www.europesays.com\/fi\/wp-json\/wp\/v2\/media?parent=108794"}],"wp:term":[{"taxonomy":"category","embeddable":true,"href":"https:\/\/www.europesays.com\/fi\/wp-json\/wp\/v2\/categories?post=108794"},{"taxonomy":"post_tag","embeddable":true,"href":"https:\/\/www.europesays.com\/fi\/wp-json\/wp\/v2\/tags?post=108794"}],"curies":[{"name":"wp","href":"https:\/\/api.w.org\/{rel}","templated":true}]}}