{"id":108806,"date":"2025-12-05T23:01:09","date_gmt":"2025-12-05T23:01:09","guid":{"rendered":"https:\/\/www.europesays.com\/fi\/108806\/"},"modified":"2025-12-05T23:01:09","modified_gmt":"2025-12-05T23:01:09","slug":"mita-kuuluu-nyt-maajussi-mustafa-loysi-sittenkin-naisen-itselleen-lemmenloma-lammossa","status":"publish","type":"post","link":"https:\/\/www.europesays.com\/fi\/108806\/","title":{"rendered":"Mit\u00e4 kuuluu nyt? Maajussi-Mustafa l\u00f6ysi sittenkin naisen itselleen &#8211; Lemmenloma l\u00e4mm\u00f6ss\u00e4!"},"content":{"rendered":"<p>  <a href=\"https:\/\/www.suomi24.fi\/viihde\/l\/693291a624427-5478.webp\" rel=\"nofollow noopener\" target=\"_blank\"><img decoding=\"async\" src=\"https:\/\/www.europesays.com\/fi\/wp-content\/uploads\/2025\/12\/693291a624427-5478.webp.webp\" alt=\"Maajussi-Mustafa\" loading=\"lazy\"\/><\/a>Maajussille morsian maailmalla -kuvauksissa Mustafa viljeli Turkin Alanyassa mm. appelsiineja, sitruunoita, mandariineja, munakoisoja, salaattia ja avokadoja. Tila oli ollut Mustafan suvulla n. 150 vuoden ajan. Kuva: MTV3<\/p>\n<p>Maajussille morsian maailmalla -ohjelmassa Suomen rajojen ulkopuolella asuvat maajussit etsiv\u00e4t rinnalleen rakkautta. N\u00e4iden maajussien toiveena oli l\u00f6yt\u00e4\u00e4 rinnalleen nimenomaan suomalainen nainen.<\/p>\n<p>Turkissa asuva <strong>Mustafa <\/strong>oli yksi ohjelman maajusseista v. 2021. Mustafa oli aiemmin asunut Suomessa ja ollut naimisissa suomalaisen naisen kanssa. Suomen kieli ja kulttuuri olivat miehelle tuttuja jo entuudestaan.<\/p>\n<p>Mustafa valitsi ohjelmassa suomalaisen <strong>Piian<\/strong>, mutta loppujen lopuksi parisuhde ei l\u00e4htenyt toimimaan. Mustafan el\u00e4m\u00e4ss\u00e4 k\u00e4\u00e4ntyi uusi lehti v. 2024, jolloin h\u00e4n kertoi menneens\u00e4 kihloihin.<\/p>\n<p>Nyt Mustafa on jakanut tunnelmia lomalta Thaimaasta. Kuvissa Mustafa on rakkaansa kanssa ensi lentokoneessa ja sitten drinkkien ja ruoan \u00e4\u00e4rell\u00e4 kaukomailla.<\/p>\n<p>Mustafa ja naisyst\u00e4v\u00e4 kirjoittavat Instagramissa:<\/p>\n<p>-Vuorokausi matkustettu. Nyt paikassa Bangkok, +28. V\u00e4h\u00e4n v\u00e4sytt\u00e4\u00e4, n\u00e4l\u00e4tt\u00e4\u00e4 ja tarvis p\u00e4\u00e4st\u00e4 suihkuun, mutta muuten ihan kohtalaisen hyv\u00e4 boogie.<\/p>\n<p>Katso kuvat <a href=\"https:\/\/www.instagram.com\/maajussi_musti\/\" rel=\"noopener noreferrer nofollow\" target=\"_blank\">Maajussi Mustin Instagram-tililt\u00e4<\/a><a href=\"https:\/\/www.suomi24.fi\/viihde\/l\/693290cc44fbe-5478.webp\" rel=\"nofollow noopener\" target=\"_blank\"><img decoding=\"async\" src=\"https:\/\/www.europesays.com\/fi\/wp-content\/uploads\/2025\/12\/693290cc44fbe-5478.webp.webp\" alt=\"Maajussi-Mustafa\" loading=\"lazy\"\/><\/a>Mustafa ja valitsi Maajussille morsian maailmalla -ohjelmassa Piian, mutta suhde ei jatkunut. Kuva: MTV3<\/p>\n<p>Maajussille morsian maailmalla MTV3-ohjelmistoa.<\/p>\n<p><a href=\"https:\/\/www.telsu.fi\/?ref=s24_article\" rel=\"noopener noreferrer nofollow\" target=\"_blank\">Katso ohjelma-aikoja Telsu.fi<\/a><\/p>\n<p>  <script async src=\"\/\/www.instagram.com\/embed.js\"><\/script><\/p>\n","protected":false},"excerpt":{"rendered":"Maajussille morsian maailmalla -kuvauksissa Mustafa viljeli Turkin Alanyassa mm. appelsiineja, sitruunoita, mandariineja, munakoisoja, salaattia ja avokadoja. Tila oli&hellip;\n","protected":false},"author":2,"featured_media":108807,"comment_status":"","ping_status":"","sticky":false,"template":"","format":"standard","meta":{"footnotes":""},"categories":[133],"tags":[137,33,31,30,32,206,156,109],"class_list":{"0":"post-108806","1":"post","2":"type-post","3":"status-publish","4":"format-standard","5":"has-post-thumbnail","7":"category-televisiot","8":"tag-entertainment","9":"tag-fi","10":"tag-finland","11":"tag-finnish","12":"tag-suomi","13":"tag-televisiot","14":"tag-tv","15":"tag-viihde"},"share_on_mastodon":{"url":"https:\/\/pubeurope.com\/@fi\/115669453151416568","error":""},"_links":{"self":[{"href":"https:\/\/www.europesays.com\/fi\/wp-json\/wp\/v2\/posts\/108806","targetHints":{"allow":["GET"]}}],"collection":[{"href":"https:\/\/www.europesays.com\/fi\/wp-json\/wp\/v2\/posts"}],"about":[{"href":"https:\/\/www.europesays.com\/fi\/wp-json\/wp\/v2\/types\/post"}],"author":[{"embeddable":true,"href":"https:\/\/www.europesays.com\/fi\/wp-json\/wp\/v2\/users\/2"}],"replies":[{"embeddable":true,"href":"https:\/\/www.europesays.com\/fi\/wp-json\/wp\/v2\/comments?post=108806"}],"version-history":[{"count":0,"href":"https:\/\/www.europesays.com\/fi\/wp-json\/wp\/v2\/posts\/108806\/revisions"}],"wp:featuredmedia":[{"embeddable":true,"href":"https:\/\/www.europesays.com\/fi\/wp-json\/wp\/v2\/media\/108807"}],"wp:attachment":[{"href":"https:\/\/www.europesays.com\/fi\/wp-json\/wp\/v2\/media?parent=108806"}],"wp:term":[{"taxonomy":"category","embeddable":true,"href":"https:\/\/www.europesays.com\/fi\/wp-json\/wp\/v2\/categories?post=108806"},{"taxonomy":"post_tag","embeddable":true,"href":"https:\/\/www.europesays.com\/fi\/wp-json\/wp\/v2\/tags?post=108806"}],"curies":[{"name":"wp","href":"https:\/\/api.w.org\/{rel}","templated":true}]}}