{"id":108812,"date":"2025-12-05T23:09:22","date_gmt":"2025-12-05T23:09:22","guid":{"rendered":"https:\/\/www.europesays.com\/fi\/108812\/"},"modified":"2025-12-05T23:09:22","modified_gmt":"2025-12-05T23:09:22","slug":"tyottomyysvakuutusmaksut-nousevat-demokraatti-fi","status":"publish","type":"post","link":"https:\/\/www.europesays.com\/fi\/108812\/","title":{"rendered":"Ty\u00f6tt\u00f6myysvakuutusmaksut nousevat | Demokraatti.fi"},"content":{"rendered":"<p>Palkansaajan ty\u00f6tt\u00f6myysvakuutusmaksu ja ty\u00f6nantajan ty\u00f6tt\u00f6myysturvamaksu nousevat vuoden alusta. Maksut vahvistetaan kalenterivuosittain.<\/p>\n<p>Ty\u00f6tt\u00f6myysvakuutusmaksu nousee nykyisest\u00e4 0,59 prosentista 0,89 prosenttiin palkasta. Ty\u00f6nantajan ty\u00f6tt\u00f6myysturvamaksu nousee nykyisest\u00e4 0,20 prosentista 0,31 prosenttiin palkasta, jos palkkasumma on korkeintaan 2 509 500 euroa. Sen ylitt\u00e4v\u00e4lt\u00e4 osalta maksu on 0,72 prosenttia palkasta.  <\/p>\n<p><strong>KOROTUS<\/strong> on selke\u00e4sti maltillisempi kuin Ty\u00f6llisyysrahaston esitys huhtikuulta. Ty\u00f6llisyysrahasto esitti tuolloin, ett\u00e4 maksuja olisi pit\u00e4nyt korottaa ensi vuodelle jopa 0,5-1,5 prosenttiyksik\u00f6ll\u00e4 nykyisest\u00e4. <\/p>\n<p>Esityksen taustalla oli heikentynyt ty\u00f6tt\u00f6myystilanne ja huonot talouden n\u00e4kym\u00e4t.<\/p>\n<p>Muutosturvamaksun maksuvelvollisuuteen liittyv\u00e4t palkkasummarajat tarkistetaan vastaamaan vuoden 2025 palkkakerrointa. T\u00e4ysi muutosturvamaksukerroin s\u00e4ilyy ennallaan vuonna 2026.<\/p>\n","protected":false},"excerpt":{"rendered":"Palkansaajan ty\u00f6tt\u00f6myysvakuutusmaksu ja ty\u00f6nantajan ty\u00f6tt\u00f6myysturvamaksu nousevat vuoden alusta. Maksut vahvistetaan kalenterivuosittain. Ty\u00f6tt\u00f6myysvakuutusmaksu nousee nykyisest\u00e4 0,59 prosentista 0,89 prosenttiin&hellip;\n","protected":false},"author":2,"featured_media":108813,"comment_status":"","ping_status":"","sticky":false,"template":"","format":"standard","meta":{"footnotes":""},"categories":[76],"tags":[79,77,33,31,30,32,78],"class_list":{"0":"post-108812","1":"post","2":"type-post","3":"status-publish","4":"format-standard","5":"has-post-thumbnail","7":"category-talous","8":"tag-business","9":"tag-economy","10":"tag-fi","11":"tag-finland","12":"tag-finnish","13":"tag-suomi","14":"tag-talous"},"share_on_mastodon":{"url":"https:\/\/pubeurope.com\/@fi\/115669484466526963","error":""},"_links":{"self":[{"href":"https:\/\/www.europesays.com\/fi\/wp-json\/wp\/v2\/posts\/108812","targetHints":{"allow":["GET"]}}],"collection":[{"href":"https:\/\/www.europesays.com\/fi\/wp-json\/wp\/v2\/posts"}],"about":[{"href":"https:\/\/www.europesays.com\/fi\/wp-json\/wp\/v2\/types\/post"}],"author":[{"embeddable":true,"href":"https:\/\/www.europesays.com\/fi\/wp-json\/wp\/v2\/users\/2"}],"replies":[{"embeddable":true,"href":"https:\/\/www.europesays.com\/fi\/wp-json\/wp\/v2\/comments?post=108812"}],"version-history":[{"count":0,"href":"https:\/\/www.europesays.com\/fi\/wp-json\/wp\/v2\/posts\/108812\/revisions"}],"wp:featuredmedia":[{"embeddable":true,"href":"https:\/\/www.europesays.com\/fi\/wp-json\/wp\/v2\/media\/108813"}],"wp:attachment":[{"href":"https:\/\/www.europesays.com\/fi\/wp-json\/wp\/v2\/media?parent=108812"}],"wp:term":[{"taxonomy":"category","embeddable":true,"href":"https:\/\/www.europesays.com\/fi\/wp-json\/wp\/v2\/categories?post=108812"},{"taxonomy":"post_tag","embeddable":true,"href":"https:\/\/www.europesays.com\/fi\/wp-json\/wp\/v2\/tags?post=108812"}],"curies":[{"name":"wp","href":"https:\/\/api.w.org\/{rel}","templated":true}]}}