{"id":108830,"date":"2025-12-05T23:37:10","date_gmt":"2025-12-05T23:37:10","guid":{"rendered":"https:\/\/www.europesays.com\/fi\/108830\/"},"modified":"2025-12-05T23:37:10","modified_gmt":"2025-12-05T23:37:10","slug":"asiantuntija-tyrmaa-timo-vornasen-vaatimuksen-ei-ollenkaan-ennakoimatonta","status":"publish","type":"post","link":"https:\/\/www.europesays.com\/fi\/108830\/","title":{"rendered":"Asiantuntija tyrm\u00e4\u00e4 Timo Vornasen vaatimuksen: \u201dEi ollenkaan ennakoimatonta\u201d"},"content":{"rendered":"<p>Emeritusprofessori ihmettelee Timo Vornasen v\u00e4itett\u00e4 poikkeuksellisesta julkisuudesta.<\/p>\n<p><img decoding=\"async\" class=\"image image-show image-preview\" src=\"https:\/\/www.europesays.com\/fi\/wp-content\/uploads\/2025\/12\/1274a11cbbbeebe71910d816be4a2a95b515b25903eb727ea39ae38ad03bd8f2.jpg\" alt=\"\"\/><img decoding=\"async\" class=\"image image-show\" src=\"https:\/\/www.europesays.com\/fi\/wp-content\/uploads\/2025\/12\/1764977830_878_1274a11cbbbeebe71910d816be4a2a95b515b25903eb727ea39ae38ad03bd8f2.jpg\" alt=\"\"\/><\/p>\n<p>Oikeusoppinut sanoo, ettei Timo Vornasen rangaistusta voi pit\u00e4\u00e4 liev\u00e4n\u00e4. MATTI MATIKAINEN<\/p>\n<p class=\"paragraph\">Rikos- ja prosessioikeuden emeritusprofessori <strong>Matti Tolvanen<\/strong> pit\u00e4\u00e4 kansanedustaja <a href=\"https:\/\/www.iltalehti.fi\/henkilot\/Timo Vornanen\" class=\"article-link-person-page\" rel=\"nofollow noopener\" target=\"_blank\">Timo Vornasen<\/a>, 56, (tv) tuomiota oikeansuuntaisena.<\/p>\n<p class=\"paragraph\">Vornanen tuomittiin perjantaina kahdeksan kuukauden ehdolliseen vankeuteen pahoinpitelyst\u00e4, kahdesta laittomasta uhkauksesta, varomattomasta k\u00e4sittelyst\u00e4, ampuma-aserikoksesta ja ampuma-aserikkomuksesta.<\/p>\n<p class=\"paragraph\">Tolvasen mukaan tuomio tuli p\u00e4\u00e4osin syytteen mukaan. Rangaistusseuraamus vastaa yleist\u00e4 linjaa.<\/p>\n<p class=\"paragraph\">\u2013 Ei t\u00e4t\u00e4 rangaistusta voi pit\u00e4\u00e4 liev\u00e4n\u00e4. Kyll\u00e4 tuo mittaaminen minun arvioni mukaan vastaa yleist\u00e4 rangaistusk\u00e4yt\u00e4nt\u00f6\u00e4, h\u00e4n sanoo.<\/p>\n<p>Ei syyt\u00e4 ampua<\/p>\n<p>Matti Tolvasen mukaan tapahtumien saama kielteinen julkisuus ei ollut olosuhteisiin n\u00e4hden poikkeuksellista. Jussi Eskola<\/p>\n<p class=\"paragraph\">Vornasen teoista vakavin oli laiton uhkaus, joka tehtiin ampuma-aseella. Matti Tolvasen mukaan kyse on varsin vakavasta rikoksesta. Helsingin k\u00e4r\u00e4j\u00e4oikeuden mukaan Vornanen ampui laukauksen katuun ja suuntasi sen j\u00e4lkeen aseensa piipun kohti muita henkil\u00f6it\u00e4.<\/p>\n<p class=\"paragraph\">Tapahtumat tallentuivat valvontakameroihin, eik\u00e4 niiden kulusta ollut ep\u00e4selvyytt\u00e4. Timo Vornanen my\u00f6nsi ampuneensa aseella katuun varoituslaukauksen, mutta katsoi toimineensa turvallisesti, kiisti aiheuttaneensa vaaraa ja piti omaa uhkaustaan itseens\u00e4 kohdistuneen uhkan takia perusteltuna.<\/p>\n<p class=\"paragraph\">\u2013 Tosiseikoista ei ollut riitaa, vaan siit\u00e4, mill\u00e4 tavalla rikoslakia niihin tosiseikkoihin sovelletaan, toteaa Tolvanen.<\/p>\n<p class=\"paragraph\">K\u00e4r\u00e4j\u00e4oikeuden mukaan Vornasella oli perusteltu syy pel\u00e4t\u00e4 oman turvallisuutensa puolesta, kun rusettimies uhkasi h\u00e4nt\u00e4 ravintolan pihalla. Aseen k\u00e4yt\u00f6lle ei kuitenkaan ollut perustetta.<\/p>\n<p class=\"paragraph\">\u2013 Meill\u00e4 yleens\u00e4 katsotaan, ett\u00e4 sanallisia uhkauksia ei saa torjua ampuma-aseella ampuen tai uhaten. Jos toisella osapuolella olisi ollut jokin ase, esimerkiksi ter\u00e4ase k\u00e4dess\u00e4\u00e4n, niin tilanne olisi ollut toinen. Aseella uhkaaminen ei ollut v\u00e4ltt\u00e4m\u00e4t\u00f6nt\u00e4, Tolvanen sanoo.<\/p>\n<p>Julkisuus odotettua<\/p>\n<p>Ampumisen j\u00e4lkeen Timo Vornanen suuntasi aseen kohti muita henkil\u00f6it\u00e4. Pistooli on ympyr\u00f6ity punaisella nuolella. Poliisin esitutkintamateriaali<\/p>\n<p class=\"paragraph\">Timo Vornanen vaati, ett\u00e4 h\u00e4nen tuomiotaan pit\u00e4isi kohtuullistaa asian saaman poikkeuksellisen kielteisen julkisuuden vuoksi, jolla on ollut vaikutusta h\u00e4nen luottamustoimiinsa. K\u00e4r\u00e4j\u00e4oikeus ei t\u00e4h\u00e4n l\u00e4htenyt.<\/p>\n<p class=\"paragraph\">K\u00e4r\u00e4j\u00e4oikeus muun muassa huomautti, ett\u00e4 Vornanen on my\u00f6s itse tuonut asiaa julkisuuteen. Samasta asiasta huomauttaa my\u00f6s Tolvanen.<\/p>\n<p class=\"paragraph\">Tolvanen ihmettelee Vornasen vaatimusta ja sanoo, ettei tapauksen saama julkisuus ole mitenk\u00e4\u00e4n poikkeuksellista tai ennakoimatonta, kun otetaan huomioon Vornasen asema ja h\u00e4nen tekonsa.<\/p>\n<p class=\"paragraph\">\u2013 Korkein oikeus on linjannut, ett\u00e4 ei ole ollenkaan ennakoimatonta, jos julkisessa teht\u00e4v\u00e4ss\u00e4 oleva henkil\u00f6 syyllistyy tahalliseen rikokseen ja siihen kohdistuu laajaa julkisuutta, tiivist\u00e4\u00e4 Tolvanen.<\/p>\n<p class=\"paragraph\">K\u00e4r\u00e4j\u00e4oikeuden tuomio ei ole lainvoimainen. Iltalehti ei ole tavoittanut Timo Vornasta kommentoimaan tuomiotaan.<\/p>\n","protected":false},"excerpt":{"rendered":"Emeritusprofessori ihmettelee Timo Vornasen v\u00e4itett\u00e4 poikkeuksellisesta julkisuudesta. Oikeusoppinut sanoo, ettei Timo Vornasen rangaistusta voi pit\u00e4\u00e4 liev\u00e4n\u00e4. MATTI MATIKAINEN&hellip;\n","protected":false},"author":2,"featured_media":108831,"comment_status":"","ping_status":"","sticky":false,"template":"","format":"standard","meta":{"footnotes":""},"categories":[12],"tags":[35,22,23,26,27,33,31,30,17,53,24,25,28,29,15,977,976,18,21,1726,38,32,19,20,16],"class_list":{"0":"post-108830","1":"post","2":"type-post","3":"status-publish","4":"format-standard","5":"has-post-thumbnail","7":"category-suomi","8":"tag-24h","9":"tag-breaking-news","10":"tag-breakingnews","11":"tag-featured-news","12":"tag-featurednews","13":"tag-fi","14":"tag-finland","15":"tag-finnish","16":"tag-headlines","17":"tag-laki-oikeus-ja-rikos","18":"tag-latest-news","19":"tag-latestnews","20":"tag-main-news","21":"tag-mainnews","22":"tag-news","23":"tag-oikeusistuimet","24":"tag-oikeusprosessit","25":"tag-otsikot","26":"tag-paauutiset","27":"tag-rangaistukset","28":"tag-rikos","29":"tag-suomi","30":"tag-top-stories","31":"tag-topstories","32":"tag-uutiset"},"share_on_mastodon":{"url":"https:\/\/pubeurope.com\/@fi\/115669594602098354","error":""},"_links":{"self":[{"href":"https:\/\/www.europesays.com\/fi\/wp-json\/wp\/v2\/posts\/108830","targetHints":{"allow":["GET"]}}],"collection":[{"href":"https:\/\/www.europesays.com\/fi\/wp-json\/wp\/v2\/posts"}],"about":[{"href":"https:\/\/www.europesays.com\/fi\/wp-json\/wp\/v2\/types\/post"}],"author":[{"embeddable":true,"href":"https:\/\/www.europesays.com\/fi\/wp-json\/wp\/v2\/users\/2"}],"replies":[{"embeddable":true,"href":"https:\/\/www.europesays.com\/fi\/wp-json\/wp\/v2\/comments?post=108830"}],"version-history":[{"count":0,"href":"https:\/\/www.europesays.com\/fi\/wp-json\/wp\/v2\/posts\/108830\/revisions"}],"wp:featuredmedia":[{"embeddable":true,"href":"https:\/\/www.europesays.com\/fi\/wp-json\/wp\/v2\/media\/108831"}],"wp:attachment":[{"href":"https:\/\/www.europesays.com\/fi\/wp-json\/wp\/v2\/media?parent=108830"}],"wp:term":[{"taxonomy":"category","embeddable":true,"href":"https:\/\/www.europesays.com\/fi\/wp-json\/wp\/v2\/categories?post=108830"},{"taxonomy":"post_tag","embeddable":true,"href":"https:\/\/www.europesays.com\/fi\/wp-json\/wp\/v2\/tags?post=108830"}],"curies":[{"name":"wp","href":"https:\/\/api.w.org\/{rel}","templated":true}]}}