{"id":108834,"date":"2025-12-05T23:50:10","date_gmt":"2025-12-05T23:50:10","guid":{"rendered":"https:\/\/www.europesays.com\/fi\/108834\/"},"modified":"2025-12-05T23:50:10","modified_gmt":"2025-12-05T23:50:10","slug":"suosikkiyhtyeen-jattikeikka-peruttu-viime-hetkella","status":"publish","type":"post","link":"https:\/\/www.europesays.com\/fi\/108834\/","title":{"rendered":"Suosikkiyhtyeen j\u00e4ttikeikka peruttu viime hetkell\u00e4"},"content":{"rendered":"<p>Tanskalaisb\u00e4ndi Mew peruu keikkansa Helsingin j\u00e4\u00e4hallissa viime hetkell\u00e4.<\/p>\n<p><img decoding=\"async\" class=\"image image-show image-preview\" src=\"https:\/\/www.europesays.com\/fi\/wp-content\/uploads\/2025\/12\/0f83fec60618b90a0e1cb85048a90927397b2ea1e0e2f545b6bcc188718fd20f.jpg\" alt=\"\"\/><img decoding=\"async\" class=\"image image-show\" src=\"https:\/\/www.europesays.com\/fi\/wp-content\/uploads\/2025\/12\/1764978610_44_0f83fec60618b90a0e1cb85048a90927397b2ea1e0e2f545b6bcc188718fd20f.jpg\" alt=\"\"\/><\/p>\n<p>Mew on suosittu tanskalainen poprock-yhtye. AOP<\/p>\n<p class=\"paragraph\">T\u00e4n\u00e4\u00e4n 5. joulukuuta Helsingin j\u00e4\u00e4hallissa j\u00e4rjestett\u00e4v\u00e4ksi suunniteltu tanskalaisen Mew-yhtyeen konsertti on peruttu b\u00e4ndin solistin sairaustapauksen vuoksi.<\/p>\n<p class=\"paragraph\">Peruutus tulee vain muutamaa tuntia ennen keikan alkamista ja vain hetki ennen ovien avaamista.<\/p>\n<p class=\"paragraph\">Tapahtumaj\u00e4rjest\u00e4j\u00e4 <a href=\"https:\/\/www.livenation.fi\/event\/mew-30-the-farewell-shows-helsinki-tickets-edp1603777\" target=\"_blank\" rel=\"noopener nofollow\">Live Nation<\/a> kertoo asiasta sivuillaan:<\/p>\n<p class=\"paragraph\">\u2013 Mewn perjantai-illalle 5.12.2025 suunniteltu konsertti Helsingin j\u00e4\u00e4hallissa siirtyy solistin sairaustapauksen johdosta. Solistilla on \u00e4\u00e4neen liittyvi\u00e4 komplikaatioita, eik\u00e4 h\u00e4n voi valitettavasti esiinty\u00e4.<\/p>\n<p class=\"paragraph\">Tiedotteessa kerrotaan, ett\u00e4 peruuntuneelle keikalle etsit\u00e4\u00e4n uutta ajankohtaa:<\/p>\n<p class=\"paragraph\">\u2013 Tapahtumalle etsit\u00e4\u00e4n korvaavaa p\u00e4iv\u00e4\u00e4. Tiedotamme korvaavasta p\u00e4iv\u00e4st\u00e4 heti sen varmistuttua. Jo ostetut liput k\u00e4yv\u00e4t korvaavalle p\u00e4iv\u00e4lle sellaisinaan. Ticketmaster l\u00e4hett\u00e4\u00e4 lis\u00e4ohjeistuksen kaikille lipunostaneille s\u00e4hk\u00f6postitse.<\/p>\n<p class=\"paragraph\">Yhtye on kertonut <a href=\"https:\/\/www.instagram.com\/mewofficial\/\" target=\"_blank\" rel=\"noopener nofollow\">Instagramissa<\/a> peruvansa my\u00f6s keikkansa Lontoossa, joka oli alun perin m\u00e4\u00e4r\u00e4 j\u00e4rjest\u00e4\u00e4 9. joulukuuta.<\/p>\n<p class=\"paragraph\">Keikan oli tarkoitus olla b\u00e4ndin uran viimeinen Suomessa esitetty keikka. B\u00e4ndi esitt\u00e4\u00e4 t\u00e4ll\u00e4 hetkell\u00e4 j\u00e4\u00e4hyv\u00e4iskiertuettaan alkuper\u00e4isell\u00e4 kokoonpanolla.<\/p>\n<p class=\"paragraph\"><a href=\"https:\/\/www.iltalehti.fi\/viihdeuutiset\/327fc2e8-83f7-40e7-bffd-05f4f6287ca8\" rel=\"nofollow noopener\" target=\"_blank\">Vuosi sitten uutisoitiin<\/a>, ett\u00e4 yhtyeen solisti <strong>Jonas Bjarre<\/strong> j\u00e4tt\u00e4\u00e4 b\u00e4ndin l\u00e4hes 30 vuoden j\u00e4lkeen.<\/p>\n<p class=\"paragraph\">\u2013 T\u00e4m\u00e4 matka tulee p\u00e4\u00e4t\u00f6kseens\u00e4 osaltani. Olen tullut siihen tulokseen, ett\u00e4 minun on aika aloittaa erilainen matka ja keskitty\u00e4 muihin luoviin projekteihin. Olen iloinen, ett\u00e4 olen mukana j\u00e4\u00e4hyv\u00e4iskonserteissa ja ett\u00e4 voin viel\u00e4 kerran olla yhdess\u00e4 muiden rakkaiden perustajaj\u00e4senten kanssa, Jonas kirjoitti tuolloin <a href=\"https:\/\/www.instagram.com\/p\/C_uqq7EgDQN\/?hl=en&amp;img_index=2\" target=\"_blank\" rel=\"noopener nofollow\">Instagramissa<\/a>.<\/p>\n<p class=\"paragraph\">Mew on Suomessakin useasti esiintynyt yhtye. B\u00e4ndin tunnetuimpia kappaleita ovat Comforting Sounds, 156 ja The Zookeeper&#8217;s Boy.<\/p>\n<p><script async src=\"\/\/www.instagram.com\/embed.js\"><\/script><\/p>\n","protected":false},"excerpt":{"rendered":"Tanskalaisb\u00e4ndi Mew peruu keikkansa Helsingin j\u00e4\u00e4hallissa viime hetkell\u00e4. Mew on suosittu tanskalainen poprock-yhtye. AOP T\u00e4n\u00e4\u00e4n 5. joulukuuta Helsingin&hellip;\n","protected":false},"author":2,"featured_media":108835,"comment_status":"","ping_status":"","sticky":false,"template":"","format":"standard","meta":{"footnotes":""},"categories":[136],"tags":[35,407,137,33,31,30,408,763,524,47,32,397,484,2599,109],"class_list":{"0":"post-108834","1":"post","2":"type-post","3":"status-publish","4":"format-standard","5":"has-post-thumbnail","7":"category-julkkikset","8":"tag-24h","9":"tag-celebrities","10":"tag-entertainment","11":"tag-fi","12":"tag-finland","13":"tag-finnish","14":"tag-julkkikset","15":"tag-kulttuuri-ja-viihde","16":"tag-kulttuuri-ja-taidetapahtumat-ja-nayttelyt","17":"tag-musiikki","18":"tag-suomi","19":"tag-taide","20":"tag-taiteellinen-ilmaisu-ja-mediat","21":"tag-tapahtumat-ja-tapahtumatiedot","22":"tag-viihde"},"share_on_mastodon":{"url":"https:\/\/pubeurope.com\/@fi\/115669645937271401","error":""},"_links":{"self":[{"href":"https:\/\/www.europesays.com\/fi\/wp-json\/wp\/v2\/posts\/108834","targetHints":{"allow":["GET"]}}],"collection":[{"href":"https:\/\/www.europesays.com\/fi\/wp-json\/wp\/v2\/posts"}],"about":[{"href":"https:\/\/www.europesays.com\/fi\/wp-json\/wp\/v2\/types\/post"}],"author":[{"embeddable":true,"href":"https:\/\/www.europesays.com\/fi\/wp-json\/wp\/v2\/users\/2"}],"replies":[{"embeddable":true,"href":"https:\/\/www.europesays.com\/fi\/wp-json\/wp\/v2\/comments?post=108834"}],"version-history":[{"count":0,"href":"https:\/\/www.europesays.com\/fi\/wp-json\/wp\/v2\/posts\/108834\/revisions"}],"wp:featuredmedia":[{"embeddable":true,"href":"https:\/\/www.europesays.com\/fi\/wp-json\/wp\/v2\/media\/108835"}],"wp:attachment":[{"href":"https:\/\/www.europesays.com\/fi\/wp-json\/wp\/v2\/media?parent=108834"}],"wp:term":[{"taxonomy":"category","embeddable":true,"href":"https:\/\/www.europesays.com\/fi\/wp-json\/wp\/v2\/categories?post=108834"},{"taxonomy":"post_tag","embeddable":true,"href":"https:\/\/www.europesays.com\/fi\/wp-json\/wp\/v2\/tags?post=108834"}],"curies":[{"name":"wp","href":"https:\/\/api.w.org\/{rel}","templated":true}]}}