{"id":108839,"date":"2025-12-05T23:58:08","date_gmt":"2025-12-05T23:58:08","guid":{"rendered":"https:\/\/www.europesays.com\/fi\/108839\/"},"modified":"2025-12-05T23:58:08","modified_gmt":"2025-12-05T23:58:08","slug":"james-gunnin-veli-sean-gunn-saapuu-vieraaksi-suomen-omaan-comic-coniin-ensi-kevaana","status":"publish","type":"post","link":"https:\/\/www.europesays.com\/fi\/108839\/","title":{"rendered":"James Gunnin veli Sean Gunn saapuu vieraaksi Suomen omaan Comic Coniin ensi kev\u00e4\u00e4n\u00e4"},"content":{"rendered":"<p>DCU-pomo <strong>James Gunnin<\/strong> nuorempi veli <strong>Sean Gunn<\/strong> saapuu suomalaisten fanien tavattavaksi ensi kev\u00e4\u00e4n\u00e4 ensimm\u00e4ist\u00e4 kertaa j\u00e4rjestett\u00e4v\u00e4\u00e4n Arctic Lights Comic Con -tapahtumaan.<\/p>\n<p>Gunn tunnetaan parhaiten rooleistaan Gilmore Girls ja Creature Commandos -sarjoissa sek\u00e4 elokuvissa Guardians of the Galaxy, Superman ja The Suicide Squad.<\/p>\n<p>Lue my\u00f6s: <a href=\"https:\/\/www.episodi.fi\/uutiset\/peacemakerin-kakkoskausi-nayttaa-mahtavalta-trailerilla-mukana-myos-superman-liitos\/\" title=\"Peacemakerin kakkoskausi n\u00e4ytt\u00e4\u00e4 mahtavalta! \u2013 Trailerilla mukana my\u00f6s Superman-liitos\" class=\"underline-custom !font-montserrat !font-bold !underline-offset-4 !decoration-4 !decoration-episodi-blue !text-md\" rel=\"nofollow noopener\" target=\"_blank\">Peacemakerin kakkoskausi n\u00e4ytt\u00e4\u00e4 mahtavalta! \u2013 Trailerilla mukana my\u00f6s Superman-liitos<\/a><\/p>\n<p>Lue my\u00f6s: <a href=\"https:\/\/www.episodi.fi\/uutiset\/james-gunn-vertaa-creature-commandosia-guardians-of-the-galaxyn-omituisiin-tyyppeihin\/\" title=\"James Gunn vertaa Creature Commandosia Guardians of the Galaxyn omituisiin tyyppeihin\" class=\"underline-custom !font-montserrat !font-bold !underline-offset-4 !decoration-4 !decoration-episodi-blue !text-md\" rel=\"nofollow noopener\" target=\"_blank\">James Gunn vertaa Creature Commandosia Guardians of the Galaxyn omituisiin tyyppeihin<\/a><\/p>\n<p>Tapahtumassa n\u00e4yttelij\u00e4n fanien on mahdollista tavata h\u00e4net kasvokkain erillismaksullisissa valokuvaus- ja nimikirjoitussessioissa sek\u00e4 osallistua h\u00e4nen kyselytuokioihinsa. Lis\u00e4tietoja fanikokemuksista ja lippujen ostosta l\u00f6ytyy tapahtuman nettisivuilta <strong><a href=\"https:\/\/arcticlightscomiccon.messukeskus.com\/sean-gunn\/\" rel=\"nofollow noopener\" target=\"_blank\">t\u00e4\u00e4lt\u00e4<\/a><\/strong>. Gunn tulee olemaan paikalla kaksip\u00e4iv\u00e4isen tapahtuman molempina p\u00e4ivin\u00e4.<\/p>\n<p>Arctic Lights Comic Con j\u00e4rjestet\u00e4\u00e4n Helsingin Messukeskuksessa 16. \u2013 17. toukokuuta 2026. Tapahtuman organisoinnista vastaa Messukeskus.<\/p>\n<p>Lue my\u00f6s: <a href=\"https:\/\/www.episodi.fi\/uutiset\/nyt-suoratoistona-nostalgiavarvasta-kutittaa-rakastettu-sarja-aidista-ja-tyttaresta-lisattiin-katseltavaksi\/\" title=\"Nyt suoratoistona: Nostalgiavarvasta kutittaa \u2013 rakastettu sarja \u00e4idist\u00e4 ja tytt\u00e4rest\u00e4 lis\u00e4ttiin katseltavaksi\" class=\"underline-custom !font-montserrat !font-bold !underline-offset-4 !decoration-4 !decoration-episodi-blue !text-md\" rel=\"nofollow noopener\" target=\"_blank\">Nyt suoratoistona: Nostalgiavarvasta kutittaa \u2013 rakastettu sarja \u00e4idist\u00e4 ja tytt\u00e4rest\u00e4 lis\u00e4ttiin katseltavaksi<\/a><\/p>\n<p>Alla tapahtuman tuore t\u00e4htivierasjulkistus.<\/p>\n<p>Lue my\u00f6s: <a href=\"https:\/\/www.episodi.fi\/uutiskirje\/?uutiskirjemainos=tekstilinkkimainos\" title=\"Tilaa Episodin uutiskirje ja voit voittaa leffalippuja! Nappaa tv-vinkit suoraan s\u00e4hk\u00f6postiin t\u00e4st\u00e4.\" class=\"underline-custom !font-montserrat !font-bold !underline-offset-4 !decoration-4 !decoration-episodi-blue !text-md\" rel=\"nofollow noopener\" target=\"_blank\">Tilaa Episodin uutiskirje ja voit voittaa leffalippuja! Nappaa katseluvinkit suoraan s\u00e4hk\u00f6postiin t\u00e4st\u00e4.<\/a><\/p>\n<p>\t\t\tAiheeseen liittyvi\u00e4 elokuvia<\/p>\n","protected":false},"excerpt":{"rendered":"DCU-pomo James Gunnin nuorempi veli Sean Gunn saapuu suomalaisten fanien tavattavaksi ensi kev\u00e4\u00e4n\u00e4 ensimm\u00e4ist\u00e4 kertaa j\u00e4rjestett\u00e4v\u00e4\u00e4n Arctic Lights&hellip;\n","protected":false},"author":2,"featured_media":108840,"comment_status":"","ping_status":"","sticky":false,"template":"","format":"standard","meta":{"footnotes":""},"categories":[130],"tags":[20344,20399,179,137,33,31,30,3282,622,20345,32,109],"class_list":{"0":"post-108839","1":"post","2":"type-post","3":"status-publish","4":"format-standard","5":"has-post-thumbnail","7":"category-viihde","8":"tag-arctic-lights-comic-con","9":"tag-comic-con","10":"tag-dc","11":"tag-entertainment","12":"tag-fi","13":"tag-finland","14":"tag-finnish","15":"tag-marvel","16":"tag-nayttelijat","17":"tag-sean-gunn","18":"tag-suomi","19":"tag-viihde"},"share_on_mastodon":{"url":"https:\/\/pubeurope.com\/@fi\/115669677324662046","error":""},"_links":{"self":[{"href":"https:\/\/www.europesays.com\/fi\/wp-json\/wp\/v2\/posts\/108839","targetHints":{"allow":["GET"]}}],"collection":[{"href":"https:\/\/www.europesays.com\/fi\/wp-json\/wp\/v2\/posts"}],"about":[{"href":"https:\/\/www.europesays.com\/fi\/wp-json\/wp\/v2\/types\/post"}],"author":[{"embeddable":true,"href":"https:\/\/www.europesays.com\/fi\/wp-json\/wp\/v2\/users\/2"}],"replies":[{"embeddable":true,"href":"https:\/\/www.europesays.com\/fi\/wp-json\/wp\/v2\/comments?post=108839"}],"version-history":[{"count":0,"href":"https:\/\/www.europesays.com\/fi\/wp-json\/wp\/v2\/posts\/108839\/revisions"}],"wp:featuredmedia":[{"embeddable":true,"href":"https:\/\/www.europesays.com\/fi\/wp-json\/wp\/v2\/media\/108840"}],"wp:attachment":[{"href":"https:\/\/www.europesays.com\/fi\/wp-json\/wp\/v2\/media?parent=108839"}],"wp:term":[{"taxonomy":"category","embeddable":true,"href":"https:\/\/www.europesays.com\/fi\/wp-json\/wp\/v2\/categories?post=108839"},{"taxonomy":"post_tag","embeddable":true,"href":"https:\/\/www.europesays.com\/fi\/wp-json\/wp\/v2\/tags?post=108839"}],"curies":[{"name":"wp","href":"https:\/\/api.w.org\/{rel}","templated":true}]}}