{"id":108846,"date":"2025-12-06T00:16:09","date_gmt":"2025-12-06T00:16:09","guid":{"rendered":"https:\/\/www.europesays.com\/fi\/108846\/"},"modified":"2025-12-06T00:16:09","modified_gmt":"2025-12-06T00:16:09","slug":"alina-voronkova-hurrin-suuri-elamanmuutos-kissanpentu-ja-uusi-koti","status":"publish","type":"post","link":"https:\/\/www.europesays.com\/fi\/108846\/","title":{"rendered":"Alina Voronkova-Hurrin suuri el\u00e4m\u00e4nmuutos: Kissanpentu ja uusi koti"},"content":{"rendered":"<p>            Camilla Bloom\n        <\/p>\n<p class=\"subtitle \">Alinalla oli itku herk\u00e4ss\u00e4 muutoksen \u00e4\u00e4rell\u00e4.<\/p>\n<p class=\"article-content article-content-width !bg-background\">Vuoden 2018 Miss Suomena tunnetuksi tulleen, 30, yksi pitk\u00e4aikaisimmista haaveista on k\u00e4ynyt toteen.<\/p>\n<p class=\"font-weight-bold m-font-weight-bold article-content article-content-width !bg-background\">Katso my\u00f6s! Alina Voronkova ja Joonas Hurri meniv\u00e4t naimisiin:<\/p>\n<p class=\"article-content article-content-width !bg-background\">Alina kertoo perjantaina (5.12.)<a href=\"https:\/\/www.instagram.com\/alinavoronkova_\/\" target=\"_blank\" rel=\"nofollow noopener\"> Instagram<\/a>-tilill\u00e4\u00e4n h\u00e4nen ja aviomiehens\u00e4 , 34, perheen kasvaneen kissanpennulla. Uusi tulokas sai ex-missin kyyneliin.<\/p>\n<p>Suuri el\u00e4m\u00e4nmuutos<\/p>\n<p class=\"article-content article-content-width !bg-background\">Alina kertoo haaveilleensa omasta kissasta jo teinityt\u00f6st\u00e4 l\u00e4htien.<\/p>\n<p class=\"article-content article-content-width !bg-background\"> \u2013\u00a0Siit\u00e4 hetkest\u00e4 l\u00e4htien kun muutin 15-vuotiaana kotoa omilleni, niin oman kissan hankinta on ollut isosti mieless\u00e4, h\u00e4n paljastaa.<\/p>\n<p class=\"article-content article-content-width !bg-background\">Aiemmat kiireet ja matkustelu hidastivat kuitenkin unelman toteuttamista, mutta nyt Alina ja h\u00e4nen ex-kiekkoilijana tunnettu rakkaansa kokivat oikean hetken koittaneen, ja kotiin saapui vilkas bengali-pentu. Hymy ja itku ovat uuden tulokkaan kanssa herk\u00e4ss\u00e4.<\/p>\n<p class=\"article-content article-content-width !bg-background\"> \u2013 Silloin kun haettiin kisu kotiin, tunnettiin niin monta eri tunnettilaa, Alina kertoo.<\/p>\n<p class=\"article-content article-content-width !bg-background\"> \u2013 M\u00e4 muun muassa itkin silm\u00e4ni p\u00e4\u00e4st\u00e4, h\u00e4n jatkaa.<\/p>\n<p>        <a itemprop=\"url\" href=\"https:\/\/www.seiska.fi\/kotimaa\/alina-voronkova-jattaa-suomen\/1145787\" rel=\"nofollow noopener\" target=\"_blank\"><\/p>\n<p class=\"section-date\">\n        <strong class=\"article-section\" data-section=\"kotimaa\"><br \/>\n            kotimaa<br \/>\n        <\/strong><br \/>\n        25.9.2023 12:08\n    <\/p>\n<p>Alina Voronkova j\u00e4tt\u00e4\u00e4 Suomen\n    <\/p>\n<p itemprop=\"description\" class=\"subtitle \">\n    Alina vaihtaa maisemaa talveksi.\n<\/p>\n<p>        <\/a><\/p>\n<p>                <img decoding=\"async\" src=\"https:\/\/www.europesays.com\/fi\/wp-content\/uploads\/2025\/12\/2013226.webp\" width=\"576\" height=\"720\" alt=\"Alina ja Joonas ovat el\u00e4neet avioparina jo 4 vuoden ajan. H\u00e4it\u00e4 tanssittiin pian Joonaksen j\u00e4\u00e4kiekkouran lopettamisen j\u00e4lkeen. Joonas j\u00e4i pois kaukalosta kaudella 2019-2020.\" loading=\"lazy\" \/>            <\/p>\n<p>\n            Alina ja Joonas ovat el\u00e4neet avioparina jo 4 vuoden ajan. H\u00e4it\u00e4 tanssittiin pian Joonaksen j\u00e4\u00e4kiekkouran lopettamisen j\u00e4lkeen. Joonas j\u00e4i pois kaukalosta kaudella 2019-2020.<br \/>\n            Camilla Bloom\n        <\/p>\n<p class=\"article-content article-content-width !bg-background\">My\u00f6s ex-kiekkoilijak\u00f6ril\u00e4s heltyi makoilemaan kissan viereen lattialle t\u00e4m\u00e4n ruokakuppeja ihmettelem\u00e4\u00e4n.\u00a0Alina kuvailee kissan ottamista el\u00e4m\u00e4nmuutokseksi.<\/p>\n<p>Muutosten vuosi<\/p>\n<p class=\"article-content article-content-width !bg-background\">Kissanpentu oli Alinalle ja Joonakselle jo toinen suuri muutos t\u00e4lle vuotta. Kev\u00e4\u00e4ll\u00e4 kaksikko nimitt\u00e4in ilmoitti ostaneensa pitk\u00e4n etsinn\u00e4n j\u00e4lkeen yhteisen paritalon puolikkaan.<\/p>\n<p>        <a itemprop=\"url\" href=\"https:\/\/www.seiska.fi\/kotimaa\/alina-voronkova-ja-ex-kiekkoilija-iso-elamanmuutos\/1679586\" rel=\"nofollow noopener\" target=\"_blank\"><\/p>\n<p>\nAlina Voronkova ja ex-kiekkoilija\n<\/p>\n<p class=\"section-date\">\n        <strong class=\"article-section\" data-section=\"kotimaa\"><br \/>\n            kotimaa<br \/>\n        <\/strong><br \/>\n        21.4. 20:00\n    <\/p>\n<p>Alina Voronkova ja ex-kiekkoilija: Iso el\u00e4m\u00e4nmuutos!\n    <\/p>\n<p itemprop=\"description\" class=\"subtitle \">\n    Ex-missi ja ex-kiekkoilija ovat olleet naimisissa vuodesta 2021.\n<\/p>\n<p>        <\/a><\/p>\n<p class=\"article-content article-content-width !bg-background\">Nyt kaksikon avioel\u00e4m\u00e4 uudessa kodissa sai todenteolla sis\u00e4lt\u00f6\u00e4, kun utelias bengali-pentu saapui vaeltamaan pitkin asuntoa ja tutkimaan Alinan sanoin joka paikan l\u00e4pi.<\/p>\n<p class=\"article-content article-content-width !bg-background\"> \u2013 T\u00e4ll\u00e4 hetkell\u00e4 me elet\u00e4\u00e4n pentukuplassa, ja se tuntuu ihan uskomattoman ihanalta, Alina tunnustaa.<\/p>\n<p class=\"article-content article-content-width !bg-background\">Pienokaisen nime\u00e4 kaksikko ei viel\u00e4 paljastanut, mutta lis\u00e4\u00e4 kissasis\u00e4lt\u00f6\u00e4 on Alinan mukaan luvassa h\u00e4nen somekanavillaan.<\/p>\n<p><script async src=\"\/\/www.instagram.com\/embed.js\"><\/script><\/p>\n","protected":false},"excerpt":{"rendered":"Camilla Bloom Alinalla oli itku herk\u00e4ss\u00e4 muutoksen \u00e4\u00e4rell\u00e4. Vuoden 2018 Miss Suomena tunnetuksi tulleen, 30, yksi pitk\u00e4aikaisimmista haaveista&hellip;\n","protected":false},"author":2,"featured_media":108847,"comment_status":"","ping_status":"","sticky":false,"template":"","format":"standard","meta":{"footnotes":""},"categories":[136],"tags":[20401,407,3096,137,33,31,30,20402,408,20400,212,3458,32,109],"class_list":{"0":"post-108846","1":"post","2":"type-post","3":"status-publish","4":"format-standard","5":"has-post-thumbnail","7":"category-julkkikset","8":"tag-alina-voronkova-hurri","9":"tag-celebrities","10":"tag-elamanmuutos","11":"tag-entertainment","12":"tag-fi","13":"tag-finland","14":"tag-finnish","15":"tag-joonas-hurri","16":"tag-julkkikset","17":"tag-kissanpentu","18":"tag-lifestyle","19":"tag-miss-suomi","20":"tag-suomi","21":"tag-viihde"},"share_on_mastodon":{"url":"https:\/\/pubeurope.com\/@fi\/115669748049708874","error":""},"_links":{"self":[{"href":"https:\/\/www.europesays.com\/fi\/wp-json\/wp\/v2\/posts\/108846","targetHints":{"allow":["GET"]}}],"collection":[{"href":"https:\/\/www.europesays.com\/fi\/wp-json\/wp\/v2\/posts"}],"about":[{"href":"https:\/\/www.europesays.com\/fi\/wp-json\/wp\/v2\/types\/post"}],"author":[{"embeddable":true,"href":"https:\/\/www.europesays.com\/fi\/wp-json\/wp\/v2\/users\/2"}],"replies":[{"embeddable":true,"href":"https:\/\/www.europesays.com\/fi\/wp-json\/wp\/v2\/comments?post=108846"}],"version-history":[{"count":0,"href":"https:\/\/www.europesays.com\/fi\/wp-json\/wp\/v2\/posts\/108846\/revisions"}],"wp:featuredmedia":[{"embeddable":true,"href":"https:\/\/www.europesays.com\/fi\/wp-json\/wp\/v2\/media\/108847"}],"wp:attachment":[{"href":"https:\/\/www.europesays.com\/fi\/wp-json\/wp\/v2\/media?parent=108846"}],"wp:term":[{"taxonomy":"category","embeddable":true,"href":"https:\/\/www.europesays.com\/fi\/wp-json\/wp\/v2\/categories?post=108846"},{"taxonomy":"post_tag","embeddable":true,"href":"https:\/\/www.europesays.com\/fi\/wp-json\/wp\/v2\/tags?post=108846"}],"curies":[{"name":"wp","href":"https:\/\/api.w.org\/{rel}","templated":true}]}}