{"id":108848,"date":"2025-12-06T00:17:06","date_gmt":"2025-12-06T00:17:06","guid":{"rendered":"https:\/\/www.europesays.com\/fi\/108848\/"},"modified":"2025-12-06T00:17:06","modified_gmt":"2025-12-06T00:17:06","slug":"the-metropolitan-museon-schjerfbeck-nayttelyn-mahdollisti-suomalaistaustaisen-elsa-brulen-lahjoitus-2","status":"publish","type":"post","link":"https:\/\/www.europesays.com\/fi\/108848\/","title":{"rendered":"The Metropolitan -museon Schjerfbeck-n\u00e4yttelyn mahdollisti suomalaistaustaisen Elsa Brulen lahjoitus"},"content":{"rendered":"<p>5.12. 19:28<\/p>\n<p class=\"article-body mb-nof-24 px-nof-16\">New York<\/p>\n<p class=\"article-body mb-nof-24 px-nof-16\">Jos New Yorkista pit\u00e4isi valita kaikkein legendaarisin museo, se olisi eitt\u00e4m\u00e4tt\u00e4 The Metropolitan Museum eli The Met. Museossa vierailee vuodessa l\u00e4hes kuusi miljoonaa ihmist\u00e4.<\/p>\n<p class=\"article-body mb-nof-24 px-nof-16\">Siksi t\u00e4n\u00e4\u00e4n perjantaina on suomalaisittain historiallinen p\u00e4iv\u00e4: Metiss\u00e4 avautui ensimm\u00e4ist\u00e4 kertaa koskaan suomalaistaiteilijan yksityisn\u00e4yttely.<\/p>\n","protected":false},"excerpt":{"rendered":"5.12. 19:28 New York Jos New Yorkista pit\u00e4isi valita kaikkein legendaarisin museo, se olisi eitt\u00e4m\u00e4tt\u00e4 The Metropolitan Museum&hellip;\n","protected":false},"author":2,"featured_media":108849,"comment_status":"","ping_status":"","sticky":false,"template":"","format":"standard","meta":{"footnotes":""},"categories":[135],"tags":[389,387,388,390,137,33,31,30,46,32,394,393,391,392,109],"class_list":{"0":"post-108848","1":"post","2":"type-post","3":"status-publish","4":"format-standard","5":"has-post-thumbnail","7":"category-taiteet-ja-suunnittelu","8":"tag-arts","9":"tag-arts-and-design","10":"tag-artsanddesign","11":"tag-design","12":"tag-entertainment","13":"tag-fi","14":"tag-finland","15":"tag-finnish","16":"tag-helsingin-sanomat","17":"tag-suomi","18":"tag-suunnittelu","19":"tag-taiteet","20":"tag-taiteet-ja-suunnittelu","21":"tag-taiteetsuunnittelu","22":"tag-viihde"},"share_on_mastodon":{"url":"https:\/\/pubeurope.com\/@fi\/115669751753164150","error":""},"_links":{"self":[{"href":"https:\/\/www.europesays.com\/fi\/wp-json\/wp\/v2\/posts\/108848","targetHints":{"allow":["GET"]}}],"collection":[{"href":"https:\/\/www.europesays.com\/fi\/wp-json\/wp\/v2\/posts"}],"about":[{"href":"https:\/\/www.europesays.com\/fi\/wp-json\/wp\/v2\/types\/post"}],"author":[{"embeddable":true,"href":"https:\/\/www.europesays.com\/fi\/wp-json\/wp\/v2\/users\/2"}],"replies":[{"embeddable":true,"href":"https:\/\/www.europesays.com\/fi\/wp-json\/wp\/v2\/comments?post=108848"}],"version-history":[{"count":0,"href":"https:\/\/www.europesays.com\/fi\/wp-json\/wp\/v2\/posts\/108848\/revisions"}],"wp:featuredmedia":[{"embeddable":true,"href":"https:\/\/www.europesays.com\/fi\/wp-json\/wp\/v2\/media\/108849"}],"wp:attachment":[{"href":"https:\/\/www.europesays.com\/fi\/wp-json\/wp\/v2\/media?parent=108848"}],"wp:term":[{"taxonomy":"category","embeddable":true,"href":"https:\/\/www.europesays.com\/fi\/wp-json\/wp\/v2\/categories?post=108848"},{"taxonomy":"post_tag","embeddable":true,"href":"https:\/\/www.europesays.com\/fi\/wp-json\/wp\/v2\/tags?post=108848"}],"curies":[{"name":"wp","href":"https:\/\/api.w.org\/{rel}","templated":true}]}}