{"id":108850,"date":"2025-12-06T00:23:15","date_gmt":"2025-12-06T00:23:15","guid":{"rendered":"https:\/\/www.europesays.com\/fi\/108850\/"},"modified":"2025-12-06T00:23:15","modified_gmt":"2025-12-06T00:23:15","slug":"koskettavat-seremoniat-maalikarkelot-ja-ilveksen-voitto-urheilu","status":"publish","type":"post","link":"https:\/\/www.europesays.com\/fi\/108850\/","title":{"rendered":"Koskettavat seremoniat, maalikarkelot ja Ilveksen voitto | Urheilu"},"content":{"rendered":"<p>Itsen\u00e4isyysp\u00e4iv\u00e4n aattona pelatussa \u00c4ssien ja Ilveksen v\u00e4lisess\u00e4 ottelussa n\u00e4htiin poikkeuksellisen juhlavat alkuseremoniat. Veikko Lehtosen esitt\u00e4m\u00e4 Veteraanin iltahuuto oli koskettava.<\/p>\n<p>101-vuotias Veikko Rantala k\u00e4vi pudottamassa illan avauskiekon, ja yleis\u00f6 nousi seisomaan ja antamaan suosionosoituksia.<\/p>\n<p>Pelikin eteni juhlatunnelmissa. Avauser\u00e4n j\u00e4lkimm\u00e4isell\u00e4 puolikkaalla n\u00e4htiin todellinen maalishow. Minuuttiin ja 25 sekuntiin iskettiin kolme osumaa. Linus Nymanin tekem\u00e4n \u00c4ssien 2\u20131-johtomaalin ja Ilveksen Matias M\u00e4ntykiven iskem\u00e4n tasoituksen v\u00e4lill\u00e4 oli vain 11 sekuntia.<\/p>\n<p>Illan aikana kuumenivat tunteetkin liigaottelulle sopivasti. Ilves haastoi Otso Ylitalon osuman maalivahdin h\u00e4irint\u00e4n\u00e4. \u00c4ssien p\u00e4\u00e4valmentaja Jarno Pikkarainen p\u00e4\u00e4si kuviin, kun h\u00e4n osoitti n\u00e4ytt\u00e4v\u00e4sti kelloaan. Ilta alkoi veny\u00e4. Videotarkistuksen j\u00e4lkeen maali hyl\u00e4ttiin, mik\u00e4 aiheutti yleis\u00f6ss\u00e4 voimakkaan reaktion.<\/p>\n<p>Illan tehopelaajaksi nousi \u00c4ssien Valtteri Lipi\u00e4inen, joka tuplasi kauden maalim\u00e4\u00e4r\u00e4ns\u00e4 ja nosti porilaiset tasoihin p\u00e4\u00e4t\u00f6ser\u00e4ss\u00e4 illan toisella osumallaan.<\/p>\n<p>Sarjapisteet meniv\u00e4t Ilveksen matkaan 4\u20133-lukemin voittomaalikilpailussa. Ratkaisevan maalin teki Lukas Svejkovsky.<\/p>\n","protected":false},"excerpt":{"rendered":"Itsen\u00e4isyysp\u00e4iv\u00e4n aattona pelatussa \u00c4ssien ja Ilveksen v\u00e4lisess\u00e4 ottelussa n\u00e4htiin poikkeuksellisen juhlavat alkuseremoniat. Veikko Lehtosen esitt\u00e4m\u00e4 Veteraanin iltahuuto oli&hellip;\n","protected":false},"author":2,"featured_media":108851,"comment_status":"","ping_status":"","sticky":false,"template":"","format":"standard","meta":{"footnotes":""},"categories":[158],"tags":[2110,33,31,30,1143,3674,564,763,41,159,32,397,1145,160],"class_list":{"0":"post-108850","1":"post","2":"type-post","3":"status-publish","4":"format-standard","5":"has-post-thumbnail","7":"category-urheilu","8":"tag-elamantapa-ja-vapaa-aika","9":"tag-fi","10":"tag-finland","11":"tag-finnish","12":"tag-jaakiekko","13":"tag-juhla-ja-vapaapaivat","14":"tag-juhlat","15":"tag-kulttuuri-ja-viihde","16":"tag-liikunta-ja-urheilu","17":"tag-sports","18":"tag-suomi","19":"tag-taide","20":"tag-talviurheilu","21":"tag-urheilu"},"share_on_mastodon":{"url":"https:\/\/pubeurope.com\/@fi\/115669775458151506","error":""},"_links":{"self":[{"href":"https:\/\/www.europesays.com\/fi\/wp-json\/wp\/v2\/posts\/108850","targetHints":{"allow":["GET"]}}],"collection":[{"href":"https:\/\/www.europesays.com\/fi\/wp-json\/wp\/v2\/posts"}],"about":[{"href":"https:\/\/www.europesays.com\/fi\/wp-json\/wp\/v2\/types\/post"}],"author":[{"embeddable":true,"href":"https:\/\/www.europesays.com\/fi\/wp-json\/wp\/v2\/users\/2"}],"replies":[{"embeddable":true,"href":"https:\/\/www.europesays.com\/fi\/wp-json\/wp\/v2\/comments?post=108850"}],"version-history":[{"count":0,"href":"https:\/\/www.europesays.com\/fi\/wp-json\/wp\/v2\/posts\/108850\/revisions"}],"wp:featuredmedia":[{"embeddable":true,"href":"https:\/\/www.europesays.com\/fi\/wp-json\/wp\/v2\/media\/108851"}],"wp:attachment":[{"href":"https:\/\/www.europesays.com\/fi\/wp-json\/wp\/v2\/media?parent=108850"}],"wp:term":[{"taxonomy":"category","embeddable":true,"href":"https:\/\/www.europesays.com\/fi\/wp-json\/wp\/v2\/categories?post=108850"},{"taxonomy":"post_tag","embeddable":true,"href":"https:\/\/www.europesays.com\/fi\/wp-json\/wp\/v2\/tags?post=108850"}],"curies":[{"name":"wp","href":"https:\/\/api.w.org\/{rel}","templated":true}]}}