{"id":108852,"date":"2025-12-06T00:24:10","date_gmt":"2025-12-06T00:24:10","guid":{"rendered":"https:\/\/www.europesays.com\/fi\/108852\/"},"modified":"2025-12-06T00:24:10","modified_gmt":"2025-12-06T00:24:10","slug":"olli-matkusti-suosikkibandinsa-keikalle-satoja-kilometreja-sitten-tuli-peruutus","status":"publish","type":"post","link":"https:\/\/www.europesays.com\/fi\/108852\/","title":{"rendered":"Olli matkusti suosikkib\u00e4ndins\u00e4 keikalle satoja kilometrej\u00e4 \u2013 Sitten tuli peruutus"},"content":{"rendered":"<p>Olli oli vain muutaman kilometrin p\u00e4\u00e4ss\u00e4 Helsingin j\u00e4\u00e4hallista, kun Mew-yhtye ilmoitti peruvansa keikkansa.<\/p>\n<p><img decoding=\"async\" class=\"image image-show image-preview\" src=\"https:\/\/www.europesays.com\/fi\/wp-content\/uploads\/2025\/12\/df18cab473788a4174206b90f0eab5ac4a8eca5ccbf305787cc229628bbef5b2.jpg\" alt=\"\"\/><img decoding=\"async\" class=\"image image-show\" src=\"https:\/\/www.europesays.com\/fi\/wp-content\/uploads\/2025\/12\/1764980650_686_df18cab473788a4174206b90f0eab5ac4a8eca5ccbf305787cc229628bbef5b2.jpg\" alt=\"\"\/><\/p>\n<p>Mew on suosittu tanskalainen poprock-yhtye AOP<\/p>\n<p class=\"paragraph\">Porilainen <strong>Olli<\/strong> l\u00e4hti seurueensa kanssa tanskalaisen Mew-yhtyeen keikalle kohti Helsingin j\u00e4\u00e4hallia perjantaina.<\/p>\n<p class=\"paragraph\">\u2013 Olimme autossa matkalla ja melkein perill\u00e4, enk\u00e4 voinut uskoa, mit\u00e4 n\u00e4in, Olli kertoo.<\/p>\n<p class=\"paragraph\">Pari kilometri\u00e4 ennen Helsingin j\u00e4\u00e4hallia puhelimeen kilahti tapahtumaj\u00e4rjest\u00e4j\u00e4lt\u00e4 viesti, ett\u00e4 b\u00e4ndin keikka on peruttu.<\/p>\n<p class=\"paragraph\">\u2013 Aluksi ei voitu uskoa, mietimme, onko t\u00e4m\u00e4 jokin kusetus, mutta ei se sitten ollut, Olli kertoo seurueen miettineen.<\/p>\n<p class=\"paragraph\">Olli on kuunnellut b\u00e4ndi\u00e4 jo reilun kymmenen vuoden ajan. H\u00e4n on n\u00e4hnyt heid\u00e4n esiintyv\u00e4n kerran aiemmin Helsingin Tavastialla.<\/p>\n<p class=\"paragraph\">\u2013 Olemme hieman laiskoja l\u00e4htem\u00e4\u00e4n keikoille, mutta t\u00e4lle j\u00e4\u00e4hyv\u00e4iskeikalle oli pakko l\u00e4hte\u00e4.<\/p>\n<p class=\"paragraph\">Olli kertoo koko porukan pettyneen pahasti kuulemiinsa uutisiin, sill\u00e4 he olivat matkustaneet satoja kilometrej\u00e4 katsomaan keikkaa sek\u00e4 varanneet siihen majoituksen.<\/p>\n<p>Olli matkusti Porista Helsinkiin katsomaan suosikkib\u00e4ndi\u00e4\u00e4n. Ollin kotialbumi<\/p>\n<p class=\"paragraph\">Haastattelun antaessaan hetki tapahtuman j\u00e4lkeen miest\u00e4 ei en\u00e4\u00e4 harmittanut niin paljon.<\/p>\n<p class=\"paragraph\">\u2013 Pit\u00e4\u00e4 keksi\u00e4 jotain muuta, kun emme yleens\u00e4 t\u00e4nne Helsinkiin asti tule, h\u00e4n sanoo.<\/p>\n<p class=\"paragraph\">Seurue oli varannut hotellin Lappeenrannasta, sill\u00e4 heill\u00e4 on seuraavana p\u00e4iv\u00e4n\u00e4 edess\u00e4 sukujuhlat. Siksi Olli kertoo, ettei keikan peruuntuminen harmittanut h\u00e4nt\u00e4 kohtuuttomasti.<\/p>\n<p class=\"paragraph\">Ollin mukaan lipunmyyj\u00e4 Ticketmaster on luvannut palauttaa lipun hinnan, mutta matkakuluja ei korvata. H\u00e4n harmittelee ratkaisua, sill\u00e4 matkustamisesta on h\u00e4nen mielest\u00e4\u00e4n tullut nyky\u00e4\u00e4n kallista. Toisaalta Olli my\u00f6nt\u00e4\u00e4, ettei matkakulujen korvaaminen ehk\u00e4 ole realistinen odotus.<\/p>\n<p class=\"paragraph\">\u2013 Se ei ehk\u00e4 ole realistista, mutta sill\u00e4 hetkell\u00e4 tuntui, ett\u00e4 olisi hienoa, jos niin teht\u00e4isiin, h\u00e4n kertoo.<\/p>\n<p class=\"paragraph\">Tanskalainen Mew-yhtye ilmoitti <a href=\"https:\/\/www.iltalehti.fi\/viihdeuutiset\/22741940-a954-41fb-a38b-7e5192278f5f\" rel=\"nofollow noopener\" target=\"_blank\">aiemmin perjantaina<\/a> peruvansa keikan Helsingin J\u00e4\u00e4hallissa vain tunteja ennen sen alkua. Peruutuksen kerrottiin johtuvan solistin sairaustapauksesta.<\/p>\n","protected":false},"excerpt":{"rendered":"Olli oli vain muutaman kilometrin p\u00e4\u00e4ss\u00e4 Helsingin j\u00e4\u00e4hallista, kun Mew-yhtye ilmoitti peruvansa keikkansa. Mew on suosittu tanskalainen poprock-yhtye&hellip;\n","protected":false},"author":2,"featured_media":108853,"comment_status":"","ping_status":"","sticky":false,"template":"","format":"standard","meta":{"footnotes":""},"categories":[130],"tags":[35,138,137,33,31,30,524,47,17817,32,2599,109],"class_list":{"0":"post-108852","1":"post","2":"type-post","3":"status-publish","4":"format-standard","5":"has-post-thumbnail","7":"category-viihde","8":"tag-24h","9":"tag-audio","10":"tag-entertainment","11":"tag-fi","12":"tag-finland","13":"tag-finnish","14":"tag-kulttuuri-ja-taidetapahtumat-ja-nayttelyt","15":"tag-musiikki","16":"tag-musiikkitapahtumat","17":"tag-suomi","18":"tag-tapahtumat-ja-tapahtumatiedot","19":"tag-viihde"},"share_on_mastodon":{"url":"https:\/\/pubeurope.com\/@fi\/115669779542385531","error":""},"_links":{"self":[{"href":"https:\/\/www.europesays.com\/fi\/wp-json\/wp\/v2\/posts\/108852","targetHints":{"allow":["GET"]}}],"collection":[{"href":"https:\/\/www.europesays.com\/fi\/wp-json\/wp\/v2\/posts"}],"about":[{"href":"https:\/\/www.europesays.com\/fi\/wp-json\/wp\/v2\/types\/post"}],"author":[{"embeddable":true,"href":"https:\/\/www.europesays.com\/fi\/wp-json\/wp\/v2\/users\/2"}],"replies":[{"embeddable":true,"href":"https:\/\/www.europesays.com\/fi\/wp-json\/wp\/v2\/comments?post=108852"}],"version-history":[{"count":0,"href":"https:\/\/www.europesays.com\/fi\/wp-json\/wp\/v2\/posts\/108852\/revisions"}],"wp:featuredmedia":[{"embeddable":true,"href":"https:\/\/www.europesays.com\/fi\/wp-json\/wp\/v2\/media\/108853"}],"wp:attachment":[{"href":"https:\/\/www.europesays.com\/fi\/wp-json\/wp\/v2\/media?parent=108852"}],"wp:term":[{"taxonomy":"category","embeddable":true,"href":"https:\/\/www.europesays.com\/fi\/wp-json\/wp\/v2\/categories?post=108852"},{"taxonomy":"post_tag","embeddable":true,"href":"https:\/\/www.europesays.com\/fi\/wp-json\/wp\/v2\/tags?post=108852"}],"curies":[{"name":"wp","href":"https:\/\/api.w.org\/{rel}","templated":true}]}}