{"id":108858,"date":"2025-12-06T00:30:08","date_gmt":"2025-12-06T00:30:08","guid":{"rendered":"https:\/\/www.europesays.com\/fi\/108858\/"},"modified":"2025-12-06T00:30:08","modified_gmt":"2025-12-06T00:30:08","slug":"suvi-minkkinen-nousi-ylivertaisella-esityksella-korkeimmalle-korokkeelle-urheilu","status":"publish","type":"post","link":"https:\/\/www.europesays.com\/fi\/108858\/","title":{"rendered":"Suvi Minkkinen nousi ylivertaisella esityksell\u00e4 korkeimmalle korokkeelle | Urheilu"},"content":{"rendered":"<p>Suvi Minkkinen jatkoi Suomen ampumahiiht\u00e4j\u00e4naisten satumaista alkukautta ja palautti sinivalkoiset v\u00e4rit maailmancupin korkeimmalle korokkeelle henkil\u00f6kohtaisissa kilpailuissa.<\/p>\n<p>Minkkinen teki itsen\u00e4isyysp\u00e4iv\u00e4n aattona suvereenin esityksen ja voitti naisten pikakilpailun Ruotsin \u00d6stersundissa nolla-ammunnalla. Suomalaist\u00e4hti oli hurjassa vauhdissa my\u00f6s hiihtoladulla. H\u00e4n kukisti maalissa toiseksi sijoittuneen Ruotsin Anna Magnussonin 16,6 sekunnilla.<\/p>\n<p>Illan kolmosnimi, Ranskan Oceane Michelon j\u00e4i Minkkisest\u00e4 20,8 sekuntia. Minkkinen oli kilpailun kolmanneksi nopein hiiht\u00e4j\u00e4.<\/p>\n<p>\u2013\u2009Aika uskomattomat fiilikset. Ylitt\u00e4ess\u00e4ni maaliviivan ajattelin vain, ett\u00e4 olen niin ylpe\u00e4 siit\u00e4, mit\u00e4 tein, Minkkinen iloitsi Ylen tv-haastattelussa.<\/p>\n<p>Minkkisen saavuttama maailmancupin henkil\u00f6kohtainen osakilpailuvoitto on Suomen ampumahiihdolle ensimm\u00e4inen liki kuuteen vuoteen. Kaisa M\u00e4k\u00e4r\u00e4inen nappasi ykk\u00f6ssijan uransa p\u00e4\u00e4t\u00f6skaudella, kun lajin suomalaissuuruus voitti Oberhofin yhteisl\u00e4hd\u00f6n tammikuussa 2020.<\/p>\n<p>\t\t\t\t&#8221;L\u00e4hell\u00e4 t\u00e4ydellist\u00e4 suoritusta&#8221;<\/p>\n<p>Ensi maanantaina 31 vuotta t\u00e4ytt\u00e4v\u00e4 Minkkinen nousi jo viime kaudella uudelle tasolle ampumahiihdon kansainv\u00e4lisiss\u00e4 karkeloissa ja saavutti viime helmikuussa pikamatkan MM-pronssia. \u00d6stersundin voitto oli osoitus siit\u00e4, ettei Joutsan Pommin ampumahiiht\u00e4j\u00e4n kehitys ole pys\u00e4htynyt.<\/p>\n<p>\u2013\u2009Suvi oli itsekin sit\u00e4 mielt\u00e4, ett\u00e4 h\u00e4n oli l\u00e4hell\u00e4 t\u00e4ydellist\u00e4 suoritusta. Hiihto oli koko ajan hanskassa ja siihen p\u00e4\u00e4lle nolla-ammunta, eih\u00e4n se j\u00e4t\u00e4 mit\u00e4\u00e4n mahdollisuuksia muille. Loistava suoritus ja taas huikea tasonnosto viime vuodesta, Ampumahiihdon lajip\u00e4\u00e4llikk\u00f6 Teemu Vesala summasi STT:lle \u00d6stersundista.<\/p>\n<p>\u2013\u2009H\u00e4n on saanut hiihtovauhtiaan pyk\u00e4l\u00e4\u00e4 paremmaksi. Nyt h\u00e4n on ihan k\u00e4rkivauhdissa.<\/p>\n<p>Kuluvan kauden Minkkinen aloitti etenkin ampumapuolella tahmeasti, kun h\u00e4n sijoittui 15:nneksi \u00d6stersundin normaalimatkalla. Suomalainen my\u00f6nsi omienkin odotustensa kasvaneen viime kauden menestyksen my\u00f6t\u00e4.<\/p>\n<p>\u2013\u2009Normaalimatkalla oli vaikeaa saada ajatuksia kasaan ja olin pettynyt siihen, mit\u00e4 tein. Itseni on hieman yll\u00e4tt\u00e4nyt, miten erilaista odotusten kanssa onkin kilpailla, Minkkinen sanoi Ylen haastattelussa voittonsa j\u00e4lkeen.<\/p>\n<p>\u2013\u2009Omaa p\u00e4\u00e4t\u00e4 on tullut jumpattua, h\u00e4n kertoi ja l\u00e4hetti kiitoksensa tukijoukoilleen.<\/p>\n<p>Minkkinen p\u00e4\u00e4see voittonsa my\u00f6t\u00e4 l\u00e4htem\u00e4\u00e4n k\u00e4rkipaikalta sunnuntain takaa-ajokilpailuun. Takaa-ajoon p\u00e4\u00e4see pikakisan 60 parasta.<\/p>\n<p>\t\t\t\tH\u00e4m\u00e4l\u00e4inen k\u00e4rkitusinaan<\/p>\n<p>Suomen maajoukkueen l\u00e4ht\u00f6 maailmancupin kauteen on ollut kaiken kaikkiaan loistelias, sill\u00e4 Sonja Leinamo ylsi \u00d6stersundin normaalimatkalla sensaatiomaisesti toiseksi. Pikakilpailuun Leinamo ei osallistunut kurkkukivun takia.<\/p>\n<p>Sen sijaan 19-vuotias Inka H\u00e4m\u00e4l\u00e4inen t\u00e4ydensi hienoa perjantaip\u00e4iv\u00e4\u00e4 ylt\u00e4m\u00e4ll\u00e4 pikamatkalla 12:nneksi. H\u00e4m\u00e4l\u00e4inen ampui Minkkisen tavoin puhtaasti, ja eroa k\u00e4rkinimeen kertyi 57,2 sekuntia.<\/p>\n<p>\u2013\u2009Ihan sikaoutoa. Tuli viel\u00e4 nolla-ammunta ja taistelin tuollaisten nimien kanssa, H\u00e4m\u00e4l\u00e4inen ihmetteli Ylell\u00e4.<\/p>\n<p>Lajip\u00e4\u00e4llikk\u00f6 Vesala uskoo, ett\u00e4 \u00d6stersund on kauden avaustapahtumana vasta alkusoittoa.<\/p>\n<p>\u2013 Hyv\u00e4lt\u00e4 n\u00e4ytt\u00e4\u00e4. Kaikissa naisissamme on nyt potentiaalia, heist\u00e4 vuoroin aina joku onnistuu. T\u00e4m\u00e4 ei j\u00e4\u00e4 t\u00e4h\u00e4n, ja n\u00e4it\u00e4 hetki\u00e4 saadaan varmaan n\u00e4hd\u00e4 jatkossakin, Vesala sanoi.<\/p>\n<p>Noora Kaisa Ker\u00e4sell\u00e4 ja Venla Lehtosella oli pikakilpailussa t\u00e4ll\u00e4 kertaa hankalaa. Kaksikko j\u00e4i takaa-ajon ulkopuolelle sijoille 72 ja 74.<\/p>\n","protected":false},"excerpt":{"rendered":"Suvi Minkkinen jatkoi Suomen ampumahiiht\u00e4j\u00e4naisten satumaista alkukautta ja palautti sinivalkoiset v\u00e4rit maailmancupin korkeimmalle korokkeelle henkil\u00f6kohtaisissa kilpailuissa. Minkkinen teki&hellip;\n","protected":false},"author":2,"featured_media":108859,"comment_status":"","ping_status":"","sticky":false,"template":"","format":"standard","meta":{"footnotes":""},"categories":[5],"tags":[22,23,26,27,33,31,30,17,2096,24,25,41,3318,28,29,15,20370,18,21,2668,32,1145,19,20,161,16],"class_list":{"0":"post-108858","1":"post","2":"type-post","3":"status-publish","4":"format-standard","5":"has-post-thumbnail","7":"category-otsikot","8":"tag-breaking-news","9":"tag-breakingnews","10":"tag-featured-news","11":"tag-featurednews","12":"tag-fi","13":"tag-finland","14":"tag-finnish","15":"tag-headlines","16":"tag-hiihtolajit","17":"tag-latest-news","18":"tag-latestnews","19":"tag-liikunta-ja-urheilu","20":"tag-maastohiihto","21":"tag-main-news","22":"tag-mainnews","23":"tag-news","24":"tag-ostersund","25":"tag-otsikot","26":"tag-paauutiset","27":"tag-pohjoismaiset-hiihtolajit","28":"tag-suomi","29":"tag-talviurheilu","30":"tag-top-stories","31":"tag-topstories","32":"tag-urheilutapahtumat","33":"tag-uutiset"},"share_on_mastodon":{"url":"https:\/\/pubeurope.com\/@fi\/115669802876723331","error":""},"_links":{"self":[{"href":"https:\/\/www.europesays.com\/fi\/wp-json\/wp\/v2\/posts\/108858","targetHints":{"allow":["GET"]}}],"collection":[{"href":"https:\/\/www.europesays.com\/fi\/wp-json\/wp\/v2\/posts"}],"about":[{"href":"https:\/\/www.europesays.com\/fi\/wp-json\/wp\/v2\/types\/post"}],"author":[{"embeddable":true,"href":"https:\/\/www.europesays.com\/fi\/wp-json\/wp\/v2\/users\/2"}],"replies":[{"embeddable":true,"href":"https:\/\/www.europesays.com\/fi\/wp-json\/wp\/v2\/comments?post=108858"}],"version-history":[{"count":0,"href":"https:\/\/www.europesays.com\/fi\/wp-json\/wp\/v2\/posts\/108858\/revisions"}],"wp:featuredmedia":[{"embeddable":true,"href":"https:\/\/www.europesays.com\/fi\/wp-json\/wp\/v2\/media\/108859"}],"wp:attachment":[{"href":"https:\/\/www.europesays.com\/fi\/wp-json\/wp\/v2\/media?parent=108858"}],"wp:term":[{"taxonomy":"category","embeddable":true,"href":"https:\/\/www.europesays.com\/fi\/wp-json\/wp\/v2\/categories?post=108858"},{"taxonomy":"post_tag","embeddable":true,"href":"https:\/\/www.europesays.com\/fi\/wp-json\/wp\/v2\/tags?post=108858"}],"curies":[{"name":"wp","href":"https:\/\/api.w.org\/{rel}","templated":true}]}}