{"id":108862,"date":"2025-12-06T00:43:07","date_gmt":"2025-12-06T00:43:07","guid":{"rendered":"https:\/\/www.europesays.com\/fi\/108862\/"},"modified":"2025-12-06T00:43:07","modified_gmt":"2025-12-06T00:43:07","slug":"yrittaja-noora-hautakangas-riisuutuu-alastonkuvaan-ja-kertoo-raaasta-ulkonaon-arvostelusta-missivuonna","status":"publish","type":"post","link":"https:\/\/www.europesays.com\/fi\/108862\/","title":{"rendered":"Yritt\u00e4j\u00e4 Noora Hautakangas riisuutuu alastonkuvaan ja kertoo raa\u2019asta ulkon\u00e4\u00f6n arvostelusta missivuonna"},"content":{"rendered":"<p>Sielu ja ruumis|Yritt\u00e4j\u00e4 Noora Hautakangas, 41, sairastui missivuotensa j\u00e4lkeen bulimiaan. Sielu ja ruumis -palstalla tunnettu henkil\u00f6 kertoo suhteestaan omaan ruumiiseensa.<\/p>\n<p class=\"article-body mb-nof-24 px-nof-16\">\u201dMiss Suomi -kilpailuun l\u00e4hteminen oli p\u00e4\u00e4h\u00e4npisto. N\u00e4in ilmoituksen, ja k\u00e4mppis yllytti hakemaan. Olin tyk\u00e4nnyt katsoa kilpailuja mutta en ollut haaveillut misseydest\u00e4. P\u00e4invastoin, h\u00e4pesin vartaloani. Olin hontelo poikatytt\u00f6, joka ei hallinnut kunnolla raajojaan. Kuljin liian isoissa vaatteissa peitt\u00e4\u00e4kseni leve\u00e4n\u00e4 pit\u00e4m\u00e4ni lantion. En viel\u00e4k\u00e4\u00e4n ymm\u00e4rr\u00e4, miksi l\u00e4hdin kisoihin. Ehk\u00e4 halusin haastaa itse\u00e4ni.<\/p>\n","protected":false},"excerpt":{"rendered":"Sielu ja ruumis|Yritt\u00e4j\u00e4 Noora Hautakangas, 41, sairastui missivuotensa j\u00e4lkeen bulimiaan. Sielu ja ruumis -palstalla tunnettu henkil\u00f6 kertoo suhteestaan&hellip;\n","protected":false},"author":2,"featured_media":108863,"comment_status":"","ping_status":"","sticky":false,"template":"","format":"standard","meta":{"footnotes":""},"categories":[135],"tags":[389,387,388,390,137,33,31,30,46,32,394,393,391,392,109],"class_list":{"0":"post-108862","1":"post","2":"type-post","3":"status-publish","4":"format-standard","5":"has-post-thumbnail","7":"category-taiteet-ja-suunnittelu","8":"tag-arts","9":"tag-arts-and-design","10":"tag-artsanddesign","11":"tag-design","12":"tag-entertainment","13":"tag-fi","14":"tag-finland","15":"tag-finnish","16":"tag-helsingin-sanomat","17":"tag-suomi","18":"tag-suunnittelu","19":"tag-taiteet","20":"tag-taiteet-ja-suunnittelu","21":"tag-taiteetsuunnittelu","22":"tag-viihde"},"share_on_mastodon":{"url":"https:\/\/pubeurope.com\/@fi\/115669854018532219","error":""},"_links":{"self":[{"href":"https:\/\/www.europesays.com\/fi\/wp-json\/wp\/v2\/posts\/108862","targetHints":{"allow":["GET"]}}],"collection":[{"href":"https:\/\/www.europesays.com\/fi\/wp-json\/wp\/v2\/posts"}],"about":[{"href":"https:\/\/www.europesays.com\/fi\/wp-json\/wp\/v2\/types\/post"}],"author":[{"embeddable":true,"href":"https:\/\/www.europesays.com\/fi\/wp-json\/wp\/v2\/users\/2"}],"replies":[{"embeddable":true,"href":"https:\/\/www.europesays.com\/fi\/wp-json\/wp\/v2\/comments?post=108862"}],"version-history":[{"count":0,"href":"https:\/\/www.europesays.com\/fi\/wp-json\/wp\/v2\/posts\/108862\/revisions"}],"wp:featuredmedia":[{"embeddable":true,"href":"https:\/\/www.europesays.com\/fi\/wp-json\/wp\/v2\/media\/108863"}],"wp:attachment":[{"href":"https:\/\/www.europesays.com\/fi\/wp-json\/wp\/v2\/media?parent=108862"}],"wp:term":[{"taxonomy":"category","embeddable":true,"href":"https:\/\/www.europesays.com\/fi\/wp-json\/wp\/v2\/categories?post=108862"},{"taxonomy":"post_tag","embeddable":true,"href":"https:\/\/www.europesays.com\/fi\/wp-json\/wp\/v2\/tags?post=108862"}],"curies":[{"name":"wp","href":"https:\/\/api.w.org\/{rel}","templated":true}]}}