{"id":108864,"date":"2025-12-06T00:49:12","date_gmt":"2025-12-06T00:49:12","guid":{"rendered":"https:\/\/www.europesays.com\/fi\/108864\/"},"modified":"2025-12-06T00:49:12","modified_gmt":"2025-12-06T00:49:12","slug":"hifk-voitti-taas-35-vuotias-konkaripakki-uskoo-parhaat-pelini-ovat-edessapain","status":"publish","type":"post","link":"https:\/\/www.europesays.com\/fi\/108864\/","title":{"rendered":"HIFK voitti taas \u2013 35-vuotias konkaripakki uskoo: \u201dParhaat pelini ovat edess\u00e4p\u00e4in\u201d"},"content":{"rendered":"<p>J\u00e4\u00e4kiekko|Kokenut kiekkokiertolainen viihtyy HIFK:ssa ja haluaisi my\u00f6s pysy\u00e4 itselleen t\u00e4rke\u00e4ss\u00e4 seurassa.<\/p>\n<p>5.12. 21:25<\/p>\n<p class=\"article-body mb-nof-24 px-nof-16\">K\u00e4rp\u00e4t\u2013HIFK 0\u20131<\/p>\n<p class=\"article-body mb-nof-24 px-nof-16\">Helsingin IFK on pessyt kasvojaan pahasti pieleen menneen alkukauden j\u00e4lkeen, ja yksi ryhtiliikkeen ilmentymist\u00e4 on puolustaja <a class=\"article-personlink\" href=\"https:\/\/www.hs.fi\/haku\/?query=Saku%20Salmela\" rel=\"nofollow noopener\" target=\"_blank\">Saku Salmela<\/a>.<\/p>\n<p class=\"article-body mb-nof-24 px-nof-16\">Marraskuun alussa stadilaisjoukkueeseen siirtynyt 35-vuotias konkari on raivannut itselleen yll\u00e4tt\u00e4v\u00e4nkin ison pelillisen roolin. Perjantai-iltana Oulussa Salmela h\u00e4\u00e4ri j\u00e4lleen ykk\u00f6spakkiparissa <a class=\"article-personlink\" href=\"https:\/\/www.hs.fi\/haku\/?query=Tony%20Sundin\" rel=\"nofollow noopener\" target=\"_blank\">Tony Sundin<\/a> rinnalla, kun HIFK v\u00e4\u00e4nsi voiton K\u00e4rpist\u00e4 maalein 1\u20130.<\/p>\n","protected":false},"excerpt":{"rendered":"J\u00e4\u00e4kiekko|Kokenut kiekkokiertolainen viihtyy HIFK:ssa ja haluaisi my\u00f6s pysy\u00e4 itselleen t\u00e4rke\u00e4ss\u00e4 seurassa. 5.12. 21:25 K\u00e4rp\u00e4t\u2013HIFK 0\u20131 Helsingin IFK on&hellip;\n","protected":false},"author":2,"featured_media":108865,"comment_status":"","ping_status":"","sticky":false,"template":"","format":"standard","meta":{"footnotes":""},"categories":[158],"tags":[33,31,30,46,159,32,160],"class_list":{"0":"post-108864","1":"post","2":"type-post","3":"status-publish","4":"format-standard","5":"has-post-thumbnail","7":"category-urheilu","8":"tag-fi","9":"tag-finland","10":"tag-finnish","11":"tag-helsingin-sanomat","12":"tag-sports","13":"tag-suomi","14":"tag-urheilu"},"share_on_mastodon":{"url":"https:\/\/pubeurope.com\/@fi\/115669877814222671","error":""},"_links":{"self":[{"href":"https:\/\/www.europesays.com\/fi\/wp-json\/wp\/v2\/posts\/108864","targetHints":{"allow":["GET"]}}],"collection":[{"href":"https:\/\/www.europesays.com\/fi\/wp-json\/wp\/v2\/posts"}],"about":[{"href":"https:\/\/www.europesays.com\/fi\/wp-json\/wp\/v2\/types\/post"}],"author":[{"embeddable":true,"href":"https:\/\/www.europesays.com\/fi\/wp-json\/wp\/v2\/users\/2"}],"replies":[{"embeddable":true,"href":"https:\/\/www.europesays.com\/fi\/wp-json\/wp\/v2\/comments?post=108864"}],"version-history":[{"count":0,"href":"https:\/\/www.europesays.com\/fi\/wp-json\/wp\/v2\/posts\/108864\/revisions"}],"wp:featuredmedia":[{"embeddable":true,"href":"https:\/\/www.europesays.com\/fi\/wp-json\/wp\/v2\/media\/108865"}],"wp:attachment":[{"href":"https:\/\/www.europesays.com\/fi\/wp-json\/wp\/v2\/media?parent=108864"}],"wp:term":[{"taxonomy":"category","embeddable":true,"href":"https:\/\/www.europesays.com\/fi\/wp-json\/wp\/v2\/categories?post=108864"},{"taxonomy":"post_tag","embeddable":true,"href":"https:\/\/www.europesays.com\/fi\/wp-json\/wp\/v2\/tags?post=108864"}],"curies":[{"name":"wp","href":"https:\/\/api.w.org\/{rel}","templated":true}]}}