{"id":108877,"date":"2025-12-06T01:15:11","date_gmt":"2025-12-06T01:15:11","guid":{"rendered":"https:\/\/www.europesays.com\/fi\/108877\/"},"modified":"2025-12-06T01:15:11","modified_gmt":"2025-12-06T01:15:11","slug":"tshekkivahti-ilmiliekeissa-pelicans-parantaa-peli-pelilta-urheilu","status":"publish","type":"post","link":"https:\/\/www.europesays.com\/fi\/108877\/","title":{"rendered":"Tshekkivahti ilmiliekeiss\u00e4 \u2013 Pelicans parantaa peli pelilt\u00e4 | Urheilu"},"content":{"rendered":"<p>Pelicansin pelivire alkaa l\u00f6yty\u00e4 j\u00e4\u00e4kiekon Liigassa. Kun lahtelaiset kaatoivat Vaasan Sportin kotij\u00e4\u00e4ll\u00e4\u00e4n maalein 3\u20130 perjantaina, se oli joukkueen viides voitto edellisist\u00e4 seitsem\u00e4st\u00e4 kamppailusta.<\/p>\n<p>Pelicans on ollut alkukauden yksi mystisimmisist\u00e4 joukkueista. Lahtelaiset ovat nyt pelanneet 16 kotiottelua, joista se on repinyt 29 pistett\u00e4. Tien p\u00e4\u00e4ll\u00e4 onkin ollut sitten tahmeaa, sill\u00e4 11 kamppailua ovat kartuttaneet joukkueen pistepussia vain kuuden pinnan verran.<\/p>\n<p>Sport-matsin ykk\u00f6shahmo oli j\u00e4lleen kerran Patrik Bartosak, joka venyi jo kauden kuudenteen nollapeliin. Se on h\u00e4ik\u00e4isev\u00e4 suoritus.<\/p>\n<p>\u2013\u2009T\u00e4m\u00e4 ei ollut meid\u00e4n paras pelimme, mutta olemme nyt l\u00f6yt\u00e4neet tapoja k\u00e4\u00e4nt\u00e4\u00e4 otteluita voitoksemme. Vaikea iltapuhde, mutta totta kai voitto maistuu. Itsekin pystyn parempaan, sanoi Pelicansin toisen maalin tehnyt Andrew Vanderbeck, joka on tehnyt nelj\u00e4ss\u00e4 pelaamassaan ottelussa nelj\u00e4 tehopistett\u00e4.<\/p>\n<p>Sportin asema liigajumbona ei ole kadehdittava. Pelicansille k\u00e4rsitty tappio oli vaasalaisille jo nelj\u00e4s per\u00e4kk\u00e4inen. P\u00e4\u00e4valmentaja Doug Sheddenill\u00e4 on edess\u00e4\u00e4n iso ty\u00f6maa.<\/p>\n","protected":false},"excerpt":{"rendered":"Pelicansin pelivire alkaa l\u00f6yty\u00e4 j\u00e4\u00e4kiekon Liigassa. Kun lahtelaiset kaatoivat Vaasan Sportin kotij\u00e4\u00e4ll\u00e4\u00e4n maalein 3\u20130 perjantaina, se oli joukkueen&hellip;\n","protected":false},"author":2,"featured_media":108878,"comment_status":"","ping_status":"","sticky":false,"template":"","format":"standard","meta":{"footnotes":""},"categories":[158],"tags":[33,31,30,1143,41,1146,8750,159,4686,32,1145,160,2974],"class_list":{"0":"post-108877","1":"post","2":"type-post","3":"status-publish","4":"format-standard","5":"has-post-thumbnail","7":"category-urheilu","8":"tag-fi","9":"tag-finland","10":"tag-finnish","11":"tag-jaakiekko","12":"tag-liikunta-ja-urheilu","13":"tag-miesten-jaakiekko","14":"tag-pelicans","15":"tag-sports","16":"tag-suomen-jaakiekko","17":"tag-suomi","18":"tag-talviurheilu","19":"tag-urheilu","20":"tag-vaasan-sport"},"share_on_mastodon":{"url":"https:\/\/pubeurope.com\/@fi\/115669979950986695","error":""},"_links":{"self":[{"href":"https:\/\/www.europesays.com\/fi\/wp-json\/wp\/v2\/posts\/108877","targetHints":{"allow":["GET"]}}],"collection":[{"href":"https:\/\/www.europesays.com\/fi\/wp-json\/wp\/v2\/posts"}],"about":[{"href":"https:\/\/www.europesays.com\/fi\/wp-json\/wp\/v2\/types\/post"}],"author":[{"embeddable":true,"href":"https:\/\/www.europesays.com\/fi\/wp-json\/wp\/v2\/users\/2"}],"replies":[{"embeddable":true,"href":"https:\/\/www.europesays.com\/fi\/wp-json\/wp\/v2\/comments?post=108877"}],"version-history":[{"count":0,"href":"https:\/\/www.europesays.com\/fi\/wp-json\/wp\/v2\/posts\/108877\/revisions"}],"wp:featuredmedia":[{"embeddable":true,"href":"https:\/\/www.europesays.com\/fi\/wp-json\/wp\/v2\/media\/108878"}],"wp:attachment":[{"href":"https:\/\/www.europesays.com\/fi\/wp-json\/wp\/v2\/media?parent=108877"}],"wp:term":[{"taxonomy":"category","embeddable":true,"href":"https:\/\/www.europesays.com\/fi\/wp-json\/wp\/v2\/categories?post=108877"},{"taxonomy":"post_tag","embeddable":true,"href":"https:\/\/www.europesays.com\/fi\/wp-json\/wp\/v2\/tags?post=108877"}],"curies":[{"name":"wp","href":"https:\/\/api.w.org\/{rel}","templated":true}]}}