{"id":108879,"date":"2025-12-06T01:16:09","date_gmt":"2025-12-06T01:16:09","guid":{"rendered":"https:\/\/www.europesays.com\/fi\/108879\/"},"modified":"2025-12-06T01:16:09","modified_gmt":"2025-12-06T01:16:09","slug":"muistatko-nama-viime-vuonna-hurmanneet-linnan-asut-testaa-tunnistatko-kenen-ylla-ne-nahtiin","status":"publish","type":"post","link":"https:\/\/www.europesays.com\/fi\/108879\/","title":{"rendered":"Muistatko n\u00e4m\u00e4 viime vuonna hurmanneet Linnan asut? Testaa tunnistatko, kenen yll\u00e4 ne n\u00e4htiin"},"content":{"rendered":"<p>Testaa, tunnistatko viime vuoden Linnan juhlien kutsuvieraita pelkkien asujen perusteella.<\/p>\n<p><img decoding=\"async\" class=\"image image-show image-preview\" src=\"https:\/\/www.europesays.com\/fi\/wp-content\/uploads\/2025\/12\/85dfd75d7bb298cac4cbdf0cf20e16fb30ed998cef18477671729b13aeaa2928.jpg\" alt=\"\"\/><img decoding=\"async\" class=\"image image-show\" src=\"https:\/\/www.europesays.com\/fi\/wp-content\/uploads\/2025\/12\/1764983769_315_85dfd75d7bb298cac4cbdf0cf20e16fb30ed998cef18477671729b13aeaa2928.jpg\" alt=\"\"\/><\/p>\n<p>Ketk\u00e4 edustivat Linnassa n\u00e4iss\u00e4 asuissa? Inka Soveri \/ IL-kuvayhdistelm\u00e4<\/p>\n<p class=\"paragraph\">Kuinka hyvin muistat viime vuoden Linnan juhlissa hurmanneet asut? Tee Iltalehden testi ja selvit\u00e4.<\/p>\n<p class=\"paragraph\">T\u00e4h\u00e4n testiin on valikoitu vuoden 2024 Linnan juhlissa asuillaan vaikuttaneita kutsuvieraita. Testiss\u00e4 n\u00e4kyvist\u00e4 kuvista on rajattu pois kasvot. Sinun on tunnistettava pelk\u00e4n asun perusteella, kuka kuvassa on.<\/p>\n<p class=\"paragraph\">Lis\u00e4\u00e4 Iltalehden testej\u00e4 p\u00e4\u00e4set tekem\u00e4\u00e4n <a href=\"https:\/\/www.iltalehti.fi\/testit\" rel=\"nofollow noopener\" target=\"_blank\">t\u00e4m\u00e4n linkin<\/a> kautta.<\/p>\n<p class=\"paragraph\">Onnea matkaan!<\/p>\n","protected":false},"excerpt":{"rendered":"Testaa, tunnistatko viime vuoden Linnan juhlien kutsuvieraita pelkkien asujen perusteella. Ketk\u00e4 edustivat Linnassa n\u00e4iss\u00e4 asuissa? Inka Soveri \/&hellip;\n","protected":false},"author":2,"featured_media":108880,"comment_status":"","ping_status":"","sticky":false,"template":"","format":"standard","meta":{"footnotes":""},"categories":[130],"tags":[35,137,33,31,30,1511,3595,3646,720,1616,32,78,109],"class_list":{"0":"post-108879","1":"post","2":"type-post","3":"status-publish","4":"format-standard","5":"has-post-thumbnail","7":"category-viihde","8":"tag-24h","9":"tag-entertainment","10":"tag-fi","11":"tag-finland","12":"tag-finnish","13":"tag-joukkoviestinta","14":"tag-kustantaminen","15":"tag-kustantamo","16":"tag-liiketoiminta-ja-rahoitus","17":"tag-media-viestinta","18":"tag-suomi","19":"tag-talous","20":"tag-viihde"},"share_on_mastodon":{"url":"https:\/\/pubeurope.com\/@fi\/115669983912975976","error":""},"_links":{"self":[{"href":"https:\/\/www.europesays.com\/fi\/wp-json\/wp\/v2\/posts\/108879","targetHints":{"allow":["GET"]}}],"collection":[{"href":"https:\/\/www.europesays.com\/fi\/wp-json\/wp\/v2\/posts"}],"about":[{"href":"https:\/\/www.europesays.com\/fi\/wp-json\/wp\/v2\/types\/post"}],"author":[{"embeddable":true,"href":"https:\/\/www.europesays.com\/fi\/wp-json\/wp\/v2\/users\/2"}],"replies":[{"embeddable":true,"href":"https:\/\/www.europesays.com\/fi\/wp-json\/wp\/v2\/comments?post=108879"}],"version-history":[{"count":0,"href":"https:\/\/www.europesays.com\/fi\/wp-json\/wp\/v2\/posts\/108879\/revisions"}],"wp:featuredmedia":[{"embeddable":true,"href":"https:\/\/www.europesays.com\/fi\/wp-json\/wp\/v2\/media\/108880"}],"wp:attachment":[{"href":"https:\/\/www.europesays.com\/fi\/wp-json\/wp\/v2\/media?parent=108879"}],"wp:term":[{"taxonomy":"category","embeddable":true,"href":"https:\/\/www.europesays.com\/fi\/wp-json\/wp\/v2\/categories?post=108879"},{"taxonomy":"post_tag","embeddable":true,"href":"https:\/\/www.europesays.com\/fi\/wp-json\/wp\/v2\/tags?post=108879"}],"curies":[{"name":"wp","href":"https:\/\/api.w.org\/{rel}","templated":true}]}}