{"id":108881,"date":"2025-12-06T01:19:21","date_gmt":"2025-12-06T01:19:21","guid":{"rendered":"https:\/\/www.europesays.com\/fi\/108881\/"},"modified":"2025-12-06T01:19:21","modified_gmt":"2025-12-06T01:19:21","slug":"analyysi-valmet-automotive-valtti-tyhjan-tehtaan-kirouksen-kotimaa","status":"publish","type":"post","link":"https:\/\/www.europesays.com\/fi\/108881\/","title":{"rendered":"Analyysi: Valmet Automotive v\u00e4ltti tyhj\u00e4n tehtaan kirouksen | Kotimaa"},"content":{"rendered":"<p class=\"aw-1gybjub aw-5vja16 kEtdKx kmuxyA yle__article__paragraph\">Uudenkaupungin autotehdas alkaa valmistaa panssariajoneuvoja. Henkil\u00f6autotuotanto tehtaalla on hiljentynyt, muttei v\u00e4ltt\u00e4m\u00e4tt\u00e4 lopullisesti, kirjoittaa toimittaja Ari Welling. <\/p>\n<p><img decoding=\"async\" alt=\"Auto konepelti avoinna, autoa viel\u00e4 rakennetaan autotehtaalla.\" src=\"https:\/\/www.europesays.com\/fi\/wp-content\/uploads\/2025\/12\/39-156452669319995f11bc.jpeg\" class=\"aw-1l9m598 hKVVvP\"\/><\/p>\n<p>Avaa kuvien katselu<\/p>\n<p>Ainakin t\u00e4ll\u00e4 er\u00e4\u00e4 viimeinen Uudenkaupungin Mercedes-Benz on valmistunut. Kuvassa A-sarjalainen kokoonpanolinjalla maaliskuussa 2023. Kuva: Ari Welling \/ Yle<img decoding=\"async\" alt=\"Mies katsoo kameraan.\" src=\"https:\/\/www.europesays.com\/fi\/wp-content\/uploads\/2025\/12\/39-151845168bc761016cf8.jpeg\" class=\"aw-1l9m598 hKVVvP\"\/><\/p>\n<p class=\"aw-1gybjub aw-1p7kakr kEtdKx cEmitX yle__article__paragraph\">Uudenkaupungin autotehtaan viikko on edennyt tarkkaan harkitun k\u00e4sikirjoituksen mukaan.<\/p>\n<p class=\"aw-1gybjub aw-1p7kakr kEtdKx cEmitX yle__article__paragraph\"><a class=\"aw-iao6s4 iHOxEa yle__article__link\" href=\"https:\/\/yle.fi\/a\/74-20197112\" role=\"link\" rel=\"nofollow noopener\" target=\"_blank\">Maanantaina ja tiistaina tehtaalla jaettiin lomautus- ja irtisanomisilmoituksia.<\/a> Keskiviikkona Valmet Automotiven vierailukeskuksessa pidettiin tukip\u00e4iv\u00e4t irtisanotuille ty\u00f6ntekij\u00f6ille. T\u00e4n\u00e4\u00e4n torstaina autotehdas kertoi uutisen, jossa yll\u00e4tti vain se, ett\u00e4 se kerrottiin v\u00e4litt\u00f6m\u00e4sti mustien p\u00e4ivien per\u00e4\u00e4n.<\/p>\n<p class=\"aw-1gybjub aw-1p7kakr kEtdKx cEmitX yle__article__paragraph\">K\u00e4sikirjoitus oli tiedossa my\u00f6s valtioneuvostossa, sill\u00e4 ministeri toisensa per\u00e4\u00e4n v\u00e4isteli alkuviikosta Ylen haastattelupyynt\u00f6j\u00e4.<\/p>\n<p class=\"aw-1gybjub aw-1p7kakr kEtdKx cEmitX yle__article__paragraph\">Sek\u00e4 Patria ett\u00e4 autotehdas my\u00f6nt\u00e4v\u00e4t auliisti panssariajoneuvoprojektin alkavan Uudessakaupungissa v\u00e4litt\u00f6m\u00e4sti. Todellisuudessa projekti on alkanut aikoja sitten, sill\u00e4 patrialaisia on Valmet Automotiven k\u00e4yt\u00e4vill\u00e4 n\u00e4kynyt jo pitk\u00e4\u00e4n.<\/p>\n<p class=\"aw-1gybjub aw-1p7kakr kEtdKx cEmitX yle__article__paragraph\">Yhti\u00f6h\u00e4n kertoi jo huhtikuussa <a class=\"aw-iao6s4 iHOxEa yle__article__link\" href=\"https:\/\/yle.fi\/a\/74-20159029\" role=\"link\" rel=\"nofollow noopener\" target=\"_blank\">tutkivansa puolustusteollisuusoptiota<\/a> ja <a class=\"aw-iao6s4 iHOxEa yle__article__link\" href=\"https:\/\/yle.fi\/a\/74-20191475\" role=\"link\" rel=\"nofollow noopener\" target=\"_blank\">aiesopimus Patrian kanssa julkistettiin kuukausi sitten<\/a>.<\/p>\n<p class=\"aw-1gybjub aw-1p7kakr kEtdKx cEmitX yle__article__paragraph\">Selke\u00e4 on ollut k\u00e4sikirjoitus my\u00f6s omistusj\u00e4rjestelyiss\u00e4. Kun Uudessakaupungissa oli tutkittu puolustusteollisuuden mahdollisuuksia nelj\u00e4n kuukauden verran, kerrottiin <a class=\"aw-iao6s4 iHOxEa yle__article__link\" href=\"https:\/\/yle.fi\/a\/74-20180365\" role=\"link\" rel=\"nofollow noopener\" target=\"_blank\">valtiosta tulevan Valmet Automotiven enemmist\u00f6omistaja<\/a>.<\/p>\n<p class=\"aw-1gybjub aw-1p7kakr kEtdKx cEmitX yle__article__paragraph\">Valtion omistajaohjauksesta vastaava ministeri <strong class=\"aw-ak79eh KyCXm yle__article__strong\">Joakim Strand<\/strong> (r.) kertoi valtio-omistajan katsovan yhti\u00f6n olevan kansallisesti merkitt\u00e4v\u00e4 yritys.<\/p>\n<p class=\"aw-1gybjub aw-1p7kakr kEtdKx cEmitX yle__article__paragraph\">Strandin sanat tuovat kaikuja l\u00e4hes 60 vuoden takaa. Vuonna 1966 valtioneuvosto antoi Valmetille teht\u00e4v\u00e4ksi selvitt\u00e4\u00e4, voitaisiinko Suomessa valmistaa henkil\u00f6autoja. Nyt autotehdas ly\u00f6 siis hynttyyt yhteen toisen kansallisesti merkitt\u00e4v\u00e4n yrityksen, Patrian, kanssa.<\/p>\n<p>Autoja suomalaisesta tehtaasta my\u00f6s tulevaisuudessa<\/p>\n<p class=\"aw-1gybjub aw-1p7kakr kEtdKx cEmitX yle__article__paragraph\">Autotehtaan toimitusjohtaja <strong class=\"aw-ak79eh KyCXm yle__article__strong\">Pasi Rannus<\/strong> vakuuttaa, ett\u00e4 <a class=\"aw-iao6s4 iHOxEa yle__article__link\" href=\"https:\/\/yle.fi\/a\/74-20185007\" role=\"link\" rel=\"nofollow noopener\" target=\"_blank\">Uudessakaupungissa tullaan viel\u00e4 valmistamaan henkil\u00f6autoja<\/a>. Viel\u00e4 vuosi sitten huhuttiin orastavista sopimuksista kiinalaisten kanssa, nyt neuvottelut vaikuttavat hiipuneen.<\/p>\n<p class=\"aw-1gybjub aw-1p7kakr kEtdKx cEmitX yle__article__paragraph\">Vaikka kiinalaisilla on selv\u00e4 intressi saada omaa autotuotantoa Eurooppaan, taitaa Valmet Automotiven seuraava kumppani sopimusautovalmistuksessa tulla Euroopasta.<\/p>\n<p class=\"aw-1gybjub aw-1p7kakr kEtdKx cEmitX yle__article__paragraph\">Vaikka autoteollisuudessa on vaikeaa, ei Valmet Automotiven asema sopimusvalmistusmarkkinoilla ole huono. Yhti\u00f6 v\u00e4ltti tyhj\u00e4n tehtaan kirouksen, toiminnassa olevan tehtaan palvelujen myyminen asiakkaille kun on huomattavasti helpompaa kuin tyhj\u00e4n.<\/p>\n<p class=\"aw-1gybjub aw-1p7kakr kEtdKx cEmitX yle__article__paragraph\">Lis\u00e4ksi alan vaikeudet ovat kurittaneet sopimusvalmistajia ja moni Valmet Automotiven kilpailija on joutunut laittamaan ovet s\u00e4ppiin.<\/p>\n<p class=\"aw-1gybjub aw-1p7kakr kEtdKx cEmitX yle__article__paragraph\">Autotehtaalle on kertynyt vuosikymmenten ajan merkitt\u00e4v\u00e4\u00e4 osaamista sopimusvalmistuksessa. Patriaa t\u00e4m\u00e4 osaaminen kiinnostaa. Kun Valmet Automotive saa Patria-yhteisty\u00f6n my\u00f6t\u00e4 kaipaamaansa osaamista uusilta teollisuuden osa-alueilta, on se entist\u00e4 houkuttelevampi sopimuskumppani my\u00f6s autonvalmistajille.<\/p>\n","protected":false},"excerpt":{"rendered":"Uudenkaupungin autotehdas alkaa valmistaa panssariajoneuvoja. Henkil\u00f6autotuotanto tehtaalla on hiljentynyt, muttei v\u00e4ltt\u00e4m\u00e4tt\u00e4 lopullisesti, kirjoittaa toimittaja Ari Welling. Avaa kuvien&hellip;\n","protected":false},"author":2,"featured_media":108882,"comment_status":"","ping_status":"","sticky":false,"template":"","format":"standard","meta":{"footnotes":""},"categories":[76],"tags":[648,7540,79,77,33,31,30,71,32,78,1053,7548,16386,7549,663],"class_list":{"0":"post-108881","1":"post","2":"type-post","3":"status-publish","4":"format-standard","5":"has-post-thumbnail","7":"category-talous","8":"tag-autot","9":"tag-autoteollisuus","10":"tag-business","11":"tag-economy","12":"tag-fi","13":"tag-finland","14":"tag-finnish","15":"tag-kotimaa","16":"tag-suomi","17":"tag-talous","18":"tag-teollisuus","19":"tag-uusikaupunki","20":"tag-vakka-suomen-seutukunta","21":"tag-valmet-automotive","22":"tag-varsinais-suomi"},"share_on_mastodon":{"url":"https:\/\/pubeurope.com\/@fi\/115669995801830347","error":""},"_links":{"self":[{"href":"https:\/\/www.europesays.com\/fi\/wp-json\/wp\/v2\/posts\/108881","targetHints":{"allow":["GET"]}}],"collection":[{"href":"https:\/\/www.europesays.com\/fi\/wp-json\/wp\/v2\/posts"}],"about":[{"href":"https:\/\/www.europesays.com\/fi\/wp-json\/wp\/v2\/types\/post"}],"author":[{"embeddable":true,"href":"https:\/\/www.europesays.com\/fi\/wp-json\/wp\/v2\/users\/2"}],"replies":[{"embeddable":true,"href":"https:\/\/www.europesays.com\/fi\/wp-json\/wp\/v2\/comments?post=108881"}],"version-history":[{"count":0,"href":"https:\/\/www.europesays.com\/fi\/wp-json\/wp\/v2\/posts\/108881\/revisions"}],"wp:featuredmedia":[{"embeddable":true,"href":"https:\/\/www.europesays.com\/fi\/wp-json\/wp\/v2\/media\/108882"}],"wp:attachment":[{"href":"https:\/\/www.europesays.com\/fi\/wp-json\/wp\/v2\/media?parent=108881"}],"wp:term":[{"taxonomy":"category","embeddable":true,"href":"https:\/\/www.europesays.com\/fi\/wp-json\/wp\/v2\/categories?post=108881"},{"taxonomy":"post_tag","embeddable":true,"href":"https:\/\/www.europesays.com\/fi\/wp-json\/wp\/v2\/tags?post=108881"}],"curies":[{"name":"wp","href":"https:\/\/api.w.org\/{rel}","templated":true}]}}