{"id":108895,"date":"2025-12-06T01:46:17","date_gmt":"2025-12-06T01:46:17","guid":{"rendered":"https:\/\/www.europesays.com\/fi\/108895\/"},"modified":"2025-12-06T01:46:17","modified_gmt":"2025-12-06T01:46:17","slug":"vaite-donald-trump-on-outo","status":"publish","type":"post","link":"https:\/\/www.europesays.com\/fi\/108895\/","title":{"rendered":"V\u00e4ite: Donald Trump on outo"},"content":{"rendered":"<p>Donald Trumpin useaan otteeseen tavannut Joe Rogan yritti kuvailla presidentin sielunmaisemaa.<\/p>\n<p><img decoding=\"async\" class=\"image image-show image-preview\" src=\"https:\/\/www.europesays.com\/fi\/wp-content\/uploads\/2025\/12\/148798a00192e60d0556fb6b4d8dc77240a22de78936e91ca9b9149d799496b6.jpg\" alt=\"\"\/><img decoding=\"async\" class=\"image image-show\" src=\"https:\/\/www.europesays.com\/fi\/wp-content\/uploads\/2025\/12\/1764985577_816_148798a00192e60d0556fb6b4d8dc77240a22de78936e91ca9b9149d799496b6.jpg\" alt=\"\"\/><\/p>\n<p>Joe Rogan ja Donald Trump ovat olleet v\u00e4lill\u00e4 napit vastakkainkin. AOP<\/p>\n<p class=\"paragraph\">Televisiosta tuttu juontaja ja vapaaotteluasiantuntija <strong>Joe Rogan<\/strong> jutteli maailman arvokkaimman yhti\u00f6n Nvidian toimitusjohtajan <strong>Jensen Huangin<\/strong> kanssa Yhdysvaltain presidentist\u00e4 <strong>Donald Trumpista<\/strong>.<\/p>\n<p class=\"paragraph\">Kaksikko jakoi kokemuksiaan Roganin podcastissa The Joe Rogan Experience.<\/p>\n<p class=\"paragraph\">Huang kertoi k\u00e4yneens\u00e4 jonkin aikaa sitten Valkoisessa talossa, jolloin Trump alkoi esitell\u00e4 suunnitelmiaan j\u00e4rjest\u00e4\u00e4 vapaaotteluorganisaatio UFC:n tapahtuma Valkoisen talon pihalla. Roganin nimi tuli Huangin ja Trumpin keskustelussa esiin, ja Trump p\u00e4\u00e4tti saman tien soittaa Roganille.<\/p>\n<p class=\"paragraph\">Huangin tarina sai Roganin repe\u00e4m\u00e4\u00e4n nauruun.<\/p>\n<p class=\"paragraph\">\u2013\u2009H\u00e4n on kuin 79-vuotias lapsi, Rogan sanoi.<\/p>\n<p class=\"paragraph\">\u2013\u2009H\u00e4n on outo kaveri. Todella erilainen siihen verrattuna, mit\u00e4 h\u00e4nelt\u00e4 odottaisi. Erilainen kuin mit\u00e4 ihmiset ajattelevat h\u00e4nen olevan. Ja h\u00e4n on my\u00f6s erilainen presidentti. H\u00e4n saattaa ihan yht\u00e4kki\u00e4 vain soittaa tai tekstata sinulle.<\/p>\n<p class=\"paragraph\">Huang kehui Trumpia. Toimitusjohtaja kutsui Trumpia uskomattomaksi. Huangin mielest\u00e4 Trump on nerokas, koska t\u00e4m\u00e4 sanoo, mit\u00e4 ajattelee. Huangin mukaan Trump on my\u00f6s loistava kuuntelija.<\/p>\n<p class=\"paragraph\">\u2013\u2009H\u00e4n on muistanut l\u00e4hes kaiken mit\u00e4 olen ikin\u00e4 sanonut h\u00e4nelle, Huang sanoi.<\/p>\n<p>Jensen Huang oli Roganin vieraana. EPA \/ AOP<\/p>\n<p class=\"paragraph\">Rogan pohdiskeli, ett\u00e4 Trumpissa on hyvien puolien lis\u00e4ksi huonoja puolia.<\/p>\n<p class=\"paragraph\">\u2013\u2009H\u00e4n tekee paljon asioita, joita h\u00e4nen ei mielest\u00e4ni pit\u00e4isi tehd\u00e4. Mielest\u00e4ni h\u00e4nen ei pit\u00e4isi sanoa toimittajalle \u201dhiljaa possu\u201d. Se on aika naurettavaa. Se oli kyll\u00e4 my\u00f6s hauskaa, Rogan sanoi.<\/p>\n<p class=\"paragraph\"><a href=\"https:\/\/www.theguardian.com\/us-news\/2025\/nov\/18\/trump-calls-reporter-piggy-bloomberg\" target=\"_blank\" rel=\"noopener nofollow\">The Guardian<\/a> -lehden mukaan Trump on useamman kerran hy\u00f6k\u00e4nnyt verbaalisesti juuri naispuolisten toimittajien kimppuun.<\/p>\n<p class=\"paragraph\">Roganilla ja Trumpilla on v\u00e4rik\u00e4s historia. Kaksikko on tavannut useaan otteeseen, ja Rogan osallistui tammikuussa Trumpin virkaanastujaisiin.<\/p>\n<p class=\"paragraph\">Kuitenkin vuonna 2022 Rogan kutsui Trumpia uhkaksi demokratialle. Trump yritti pitk\u00e4\u00e4n p\u00e4\u00e4st\u00e4 Roganin podcastin vieraaksi, mutta Rogan kielt\u00e4ytyi ja ilmoitti, ettei ole miss\u00e4\u00e4n mieless\u00e4 Trumpin kannattaja.<\/p>\n<p class=\"paragraph\">Lopulta Trump kuitenkin p\u00e4\u00e4si Roganin vieraaksi loppuvuodesta 2024.<\/p>\n","protected":false},"excerpt":{"rendered":"Donald Trumpin useaan otteeseen tavannut Joe Rogan yritti kuvailla presidentin sielunmaisemaa. Joe Rogan ja Donald Trump ovat olleet&hellip;\n","protected":false},"author":2,"featured_media":108896,"comment_status":"","ping_status":"","sticky":false,"template":"","format":"standard","meta":{"footnotes":""},"categories":[14],"tags":[35,22,23,26,27,33,31,30,17,24,25,28,29,15,18,21,142,144,32,19,20,56,16,638,59,60,61,143,146],"class_list":{"0":"post-108895","1":"post","2":"type-post","3":"status-publish","4":"format-standard","5":"has-post-thumbnail","7":"category-ulkomaat","8":"tag-24h","9":"tag-breaking-news","10":"tag-breakingnews","11":"tag-featured-news","12":"tag-featurednews","13":"tag-fi","14":"tag-finland","15":"tag-finnish","16":"tag-headlines","17":"tag-latest-news","18":"tag-latestnews","19":"tag-main-news","20":"tag-mainnews","21":"tag-news","22":"tag-otsikot","23":"tag-paauutiset","24":"tag-poliitikot","25":"tag-presidentti","26":"tag-suomi","27":"tag-top-stories","28":"tag-topstories","29":"tag-ulkomaat","30":"tag-uutiset","31":"tag-valtiovalta","32":"tag-world","33":"tag-world-news","34":"tag-worldnews","35":"tag-yhdysvaltain-politiikka","36":"tag-yhdysvaltain-presidentti"},"share_on_mastodon":{"url":"https:\/\/pubeurope.com\/@fi\/115670102184502448","error":""},"_links":{"self":[{"href":"https:\/\/www.europesays.com\/fi\/wp-json\/wp\/v2\/posts\/108895","targetHints":{"allow":["GET"]}}],"collection":[{"href":"https:\/\/www.europesays.com\/fi\/wp-json\/wp\/v2\/posts"}],"about":[{"href":"https:\/\/www.europesays.com\/fi\/wp-json\/wp\/v2\/types\/post"}],"author":[{"embeddable":true,"href":"https:\/\/www.europesays.com\/fi\/wp-json\/wp\/v2\/users\/2"}],"replies":[{"embeddable":true,"href":"https:\/\/www.europesays.com\/fi\/wp-json\/wp\/v2\/comments?post=108895"}],"version-history":[{"count":0,"href":"https:\/\/www.europesays.com\/fi\/wp-json\/wp\/v2\/posts\/108895\/revisions"}],"wp:featuredmedia":[{"embeddable":true,"href":"https:\/\/www.europesays.com\/fi\/wp-json\/wp\/v2\/media\/108896"}],"wp:attachment":[{"href":"https:\/\/www.europesays.com\/fi\/wp-json\/wp\/v2\/media?parent=108895"}],"wp:term":[{"taxonomy":"category","embeddable":true,"href":"https:\/\/www.europesays.com\/fi\/wp-json\/wp\/v2\/categories?post=108895"},{"taxonomy":"post_tag","embeddable":true,"href":"https:\/\/www.europesays.com\/fi\/wp-json\/wp\/v2\/tags?post=108895"}],"curies":[{"name":"wp","href":"https:\/\/api.w.org\/{rel}","templated":true}]}}