{"id":108899,"date":"2025-12-06T01:48:12","date_gmt":"2025-12-06T01:48:12","guid":{"rendered":"https:\/\/www.europesays.com\/fi\/108899\/"},"modified":"2025-12-06T01:48:12","modified_gmt":"2025-12-06T01:48:12","slug":"usalta-armoton-takaraja-euroopalle","status":"publish","type":"post","link":"https:\/\/www.europesays.com\/fi\/108899\/","title":{"rendered":"USA:lta armoton takaraja Euroopalle"},"content":{"rendered":"<p>Puolustusministeri\u00f6n virkamiehet vaativat, ett\u00e4 Eurooppa ottaa vastuun Naton konventionaalisista puolustuskyvykkyyksist\u00e4 vuoteen 2027 menness\u00e4. <\/p>\n<p><img decoding=\"async\" class=\"image image-show image-preview\" src=\"https:\/\/www.europesays.com\/fi\/wp-content\/uploads\/2025\/12\/2d3c1095e0558b08bf2be5842a9a4115faa75c47f247a06506aaa527cb851357.jpg\" alt=\"\"\/><img decoding=\"async\" class=\"image image-show\" src=\"https:\/\/www.europesays.com\/fi\/wp-content\/uploads\/2025\/12\/1764985691_254_2d3c1095e0558b08bf2be5842a9a4115faa75c47f247a06506aaa527cb851357.jpg\" alt=\"\"\/><\/p>\n<p>Yhdysvaltain puolustusministeri\u00f6 Pentagon. ZumaWire \/ MVPHOTOS<\/p>\n<p class=\"paragraph\">Yhdysvallat haluaa, ett\u00e4 Eurooppa ottaa vastuun Naton konventionaalisista puolustuskyvykkyyksist\u00e4 vuoteen 2027 menness\u00e4. Aiheesta <a href=\"https:\/\/www.reuters.com\/business\/aerospace-defense\/us-sets-2027-deadline-europe-led-nato-defense-officials-say-2025-12-05\/\" target=\"_blank\" rel=\"noopener nofollow\">uutisoi<\/a> Reuters.<\/p>\n<p class=\"paragraph\">Reutersin l\u00e4hteiden mukaan Yhdysvaltain puolustusministeri\u00f6 ilmaisi eurooppalaisdiplomaateille t\u00e4ll\u00e4 viikolla, ettei Yhdysvallat ole viel\u00e4 tyytyv\u00e4inen Euroopan uusiin puolustuspanostuksiin.<\/p>\n<p class=\"paragraph\">L\u00e4hteiden mukaan Yhdysvallat uhkaa j\u00e4tt\u00e4yty\u00e4 pois joistain Naton koordinaatiomekanismeista, jos Eurooppa ei t\u00e4yt\u00e4 vaatimuksia vuoden 2027 takarajaan menness\u00e4. Niin Yhdysvaltojen uhkaus kuin vaatimuksetkin ovat l\u00e4hteiden mukaan ep\u00e4selvi\u00e4.<\/p>\n<p class=\"paragraph\">Yhdysvaltalaisviranomaiset eiv\u00e4t Reutersin l\u00e4hteiden mukaan tarkentaneet, miten Yhdysvallat aikoo arvioida tai mitata Euroopan vastuunkantoa. Ep\u00e4selv\u00e4ksi j\u00e4i my\u00f6s, heijastelevatko vaatimukset vain yksitt\u00e4isten puolustusministeri\u00f6n virkamiesten mielipiteit\u00e4 vai koko Trumpin hallinnon n\u00e4kemyst\u00e4.<\/p>\n<p class=\"paragraph\">Konventionaalisilla puolustuskyvykkyyksill\u00e4 tarkoitetaan k\u00e4yt\u00e4nn\u00f6ss\u00e4 kaikkea maa-, meri- ja ilmavoimista ohjuksiin ja tiedusteluun. Euroopan Nato-maat ovat pitk\u00e4lti hyv\u00e4ksyneet Trumpin vaatimukset ottaa enemm\u00e4n vastuuta mantereen puolustuksesta.<\/p>\n<p class=\"paragraph\">Naton puolustusmenokorotusten lis\u00e4ksi EU on puolestaan asettanut tavoitteeksi, ett\u00e4 se on valmis puolustamaan itse\u00e4\u00e4n vuoteen 2030 menness\u00e4.<\/p>\n<p class=\"paragraph\">Reutersin l\u00e4hteiden mukaan vuoden 2027 takaraja on ep\u00e4realistinen, olivat arviointiperusteet mitk\u00e4 tahansa. Rahan ja poliittisen tahtotilan lis\u00e4ksi ongelmaksi muodostuu se, ett\u00e4 asetoimituksissa yhdysvaltalaisilta tuottajilta kest\u00e4\u00e4 vuosia.<\/p>\n<p class=\"paragraph\">Nato, Yhdysvaltain puolustusministeri\u00f6 ja Valkoinen talo eiv\u00e4t vastanneet Reutersin kysymyksiin mahdollisesta vuoteen 2027 asetetusta takarajasta.<\/p>\n","protected":false},"excerpt":{"rendered":"Puolustusministeri\u00f6n virkamiehet vaativat, ett\u00e4 Eurooppa ottaa vastuun Naton konventionaalisista puolustuskyvykkyyksist\u00e4 vuoteen 2027 menness\u00e4. Yhdysvaltain puolustusministeri\u00f6 Pentagon. ZumaWire \/&hellip;\n","protected":false},"author":2,"featured_media":108900,"comment_status":"","ping_status":"","sticky":false,"template":"","format":"standard","meta":{"footnotes":""},"categories":[5],"tags":[35,22,23,26,27,33,31,30,17,24,25,28,29,15,18,21,142,637,144,32,19,20,16,638,143],"class_list":{"0":"post-108899","1":"post","2":"type-post","3":"status-publish","4":"format-standard","5":"has-post-thumbnail","7":"category-otsikot","8":"tag-24h","9":"tag-breaking-news","10":"tag-breakingnews","11":"tag-featured-news","12":"tag-featurednews","13":"tag-fi","14":"tag-finland","15":"tag-finnish","16":"tag-headlines","17":"tag-latest-news","18":"tag-latestnews","19":"tag-main-news","20":"tag-mainnews","21":"tag-news","22":"tag-otsikot","23":"tag-paauutiset","24":"tag-poliitikot","25":"tag-politiikka","26":"tag-presidentti","27":"tag-suomi","28":"tag-top-stories","29":"tag-topstories","30":"tag-uutiset","31":"tag-valtiovalta","32":"tag-yhdysvaltain-politiikka"},"share_on_mastodon":{"url":"https:\/\/pubeurope.com\/@fi\/115670109752129631","error":""},"_links":{"self":[{"href":"https:\/\/www.europesays.com\/fi\/wp-json\/wp\/v2\/posts\/108899","targetHints":{"allow":["GET"]}}],"collection":[{"href":"https:\/\/www.europesays.com\/fi\/wp-json\/wp\/v2\/posts"}],"about":[{"href":"https:\/\/www.europesays.com\/fi\/wp-json\/wp\/v2\/types\/post"}],"author":[{"embeddable":true,"href":"https:\/\/www.europesays.com\/fi\/wp-json\/wp\/v2\/users\/2"}],"replies":[{"embeddable":true,"href":"https:\/\/www.europesays.com\/fi\/wp-json\/wp\/v2\/comments?post=108899"}],"version-history":[{"count":0,"href":"https:\/\/www.europesays.com\/fi\/wp-json\/wp\/v2\/posts\/108899\/revisions"}],"wp:featuredmedia":[{"embeddable":true,"href":"https:\/\/www.europesays.com\/fi\/wp-json\/wp\/v2\/media\/108900"}],"wp:attachment":[{"href":"https:\/\/www.europesays.com\/fi\/wp-json\/wp\/v2\/media?parent=108899"}],"wp:term":[{"taxonomy":"category","embeddable":true,"href":"https:\/\/www.europesays.com\/fi\/wp-json\/wp\/v2\/categories?post=108899"},{"taxonomy":"post_tag","embeddable":true,"href":"https:\/\/www.europesays.com\/fi\/wp-json\/wp\/v2\/tags?post=108899"}],"curies":[{"name":"wp","href":"https:\/\/api.w.org\/{rel}","templated":true}]}}