{"id":108925,"date":"2025-12-06T02:52:12","date_gmt":"2025-12-06T02:52:12","guid":{"rendered":"https:\/\/www.europesays.com\/fi\/108925\/"},"modified":"2025-12-06T02:52:12","modified_gmt":"2025-12-06T02:52:12","slug":"fatim-diarra-halusi-tyylikkaasti-seksikkaan-asun-tahan-han-paatyi","status":"publish","type":"post","link":"https:\/\/www.europesays.com\/fi\/108925\/","title":{"rendered":"Fatim Diarra halusi \u201dtyylikk\u00e4\u00e4sti seksikk\u00e4\u00e4n\u201d asun \u2013 T\u00e4h\u00e4n h\u00e4n p\u00e4\u00e4tyi"},"content":{"rendered":"<p>Fatim Diarra luottaa kotimaisiin br\u00e4ndeihin asukokonaisuudessaan.<\/p>\n<p><img decoding=\"async\" class=\"image image-show image-preview\" src=\"https:\/\/www.europesays.com\/fi\/wp-content\/uploads\/2025\/12\/f58ad20173d84e028c6da5902eccf27344b1e2d97e85a5cb6670376fad0b7404.jpg\" alt=\"\"\/><img decoding=\"async\" class=\"image image-show\" src=\"https:\/\/www.europesays.com\/fi\/wp-content\/uploads\/2025\/12\/1764989532_114_f58ad20173d84e028c6da5902eccf27344b1e2d97e85a5cb6670376fad0b7404.jpg\" alt=\"\"\/><\/p>\n<p>Fatim Diarran Linnan juhlien puku. Pete Anikari<\/p>\n<p class=\"paragraph\">Kansanedustaja <a href=\"https:\/\/www.iltalehti.fi\/henkilot\/Fatim Diarra\" class=\"article-link-person-page\" rel=\"nofollow noopener\" target=\"_blank\">Fatim Diarran<\/a> ei tarvinnut kauaa empi\u00e4, kuka suunnittelisi h\u00e4nelle mekon Linnan juhlia varten. Pari suunnittelijaa oli ottanut h\u00e4neen jo yhteytt\u00e4, mutta lopulta sopiva henkil\u00f6 l\u00f6ytyi, kun Diarra keskusteli avustajansa kanssa.<\/p>\n<p class=\"paragraph\">\u2013 Avustajani sanoi, ett\u00e4 kurkkaapa tuollainen suunnittelija kuin <a href=\"https:\/\/www.iltalehti.fi\/henkilot\/Aura Ritola\" class=\"article-link-person-page\" rel=\"nofollow noopener\" target=\"_blank\">Aura Ritola<\/a>. Avasin Instagramin, katsoin ehk\u00e4 kolme sekuntia kuvia ja laitoin viestin Instagramissa, Diarra kertoo.<\/p>\n<p class=\"paragraph\">Diarra kokee t\u00e4rke\u00e4n\u00e4, ett\u00e4 suunnittelija osaa suunnitella asuja erilaisille kehoille sek\u00e4 rakentaa erin\u00e4k\u00f6isi\u00e4 asuja kuitenkin tunnistettavalla tyylill\u00e4. Ritolan tyyliss\u00e4 Diarraa puhuttelivat korsetit sek\u00e4 se, ett\u00e4 muodot saavat olla esill\u00e4.<\/p>\n<p class=\"paragraph\">\u2013 En ole koskaan ajatellut, ett\u00e4 koska on lihava ihminen, pit\u00e4isi laittaa helvetin suuri s\u00e4kki p\u00e4\u00e4lle. Uskon, ett\u00e4 jokainen keho on kaunis ja hieno, ja silloin kehon parhaita piirteit\u00e4 ja kaaria saa korostaa, Diarra sanoo.<\/p>\n<p class=\"paragraph\">\u2013 Tiesin, ett\u00e4 jos halutaan korostaa kehon kaaria ja tehd\u00e4 naisellista, tyylikk\u00e4\u00e4sti seksik\u00e4st\u00e4, silloin Aura on se ihminen, jolle luotan teht\u00e4v\u00e4ni.<\/p>\n<p>Aura Ritola suunnitteli Fatim Diarran t\u00e4m\u00e4n vuoden mekon. Pete Anikari<\/p>\n<p class=\"paragraph\">Ritola kuvailee mekkoprosessia ihanaksi ja inspiroivaksi. Tosin ajan kanssa on ollut hieman haasteita. Haastatteluhetkell\u00e4 mekko ei ole viel\u00e4 t\u00e4ysin valmis ja Ritola rient\u00e4\u00e4 jatkamaan prosessia heti juttutuokion j\u00e4lkeen. Diarran mekon lis\u00e4ksi h\u00e4n on suunnitellut Linnaan my\u00f6s toisen asun.<\/p>\n<p class=\"paragraph\">\u2013 On aika nopea aikataulu. T\u00e4m\u00e4 on ensimm\u00e4inen kerta, kun teen useamman asun. Se on ollut v\u00e4h\u00e4n ehk\u00e4 haasteellista, mutta koko ajan olen into piukeana tekem\u00e4ss\u00e4, Ritola toteaa hymyillen.<\/p>\n<p>Fatim Diarra pukeutuu t\u00e4n\u00e4 vuonna punaiseen. Pete Anikari<\/p>\n<p>Uusi v\u00e4ri<\/p>\n<p class=\"paragraph\">Diarra antoi Ritolalle nelj\u00e4 toivetta mekolle: elegantti, korsetti, v\u00e4rik\u00e4s ja veistoksellinen. Muuten Ritola sai vapaat k\u00e4det.<\/p>\n<p class=\"paragraph\">Diarra sanoo, ettei h\u00e4n ole juuri pukeutunut punaiseen aiemmin.<\/p>\n<p class=\"paragraph\">\u2013 Toki lapsena on varmaan ollut, mutta aikuisena minulla ei ole ollut punaisia vaatteita. Mutta t\u00e4m\u00e4n j\u00e4lkeen on, koska punainen on upea v\u00e4ri. Siin\u00e4 on voimaa ja sellaista, ett\u00e4 t\u00e4\u00e4lt\u00e4 tullaan, Diarra sanoo.<\/p>\n<p class=\"paragraph\">\u2013 Ei j\u00e4\u00e4 sein\u00e4ruusuksi, Ritola t\u00e4ydent\u00e4\u00e4.<\/p>\n<p class=\"paragraph\">Diarran on tarkoitus k\u00e4ytt\u00e4\u00e4 Ritolan luomusta my\u00f6s lauantain j\u00e4lkeen.<\/p>\n<p class=\"paragraph\">\u2013 T\u00e4yt\u00e4n ensi vuonna 40 vuotta. Bileideni teema on Sex and the city. Korsettiosa voidaan irrottaa puvusta ja voin k\u00e4ytt\u00e4\u00e4 sen uudestaan syntym\u00e4p\u00e4ivill\u00e4ni.<\/p>\n<p class=\"paragraph\">Korsettiosan lis\u00e4ksi my\u00f6s n\u00e4ytt\u00e4v\u00e4t hihat on mahdollista irrottaa asusta.<\/p>\n<p class=\"paragraph\">\u2013 Jos Linnan juhlien jatkoilla haluaa olla ilman niit\u00e4, niin se onnistuu. Mutta totesimme, ett\u00e4 presidentin k\u00e4ttelyss\u00e4 n\u00e4ytt\u00e4v\u00e4t hihat kohottavat juhlien arvoa, Diarra sanoo.<\/p>\n<p class=\"paragraph\">Kansanedustajana Diarra my\u00f6s ajattelee, ett\u00e4 h\u00e4nen pit\u00e4\u00e4 pukeutua arvokkaasti.<\/p>\n<p class=\"paragraph\">\u2013 Mutta sitten hihat lent\u00e4v\u00e4t pois ja rintakeh\u00e4 on tarjolla illan jatkoilla.<\/p>\n<p>Fatim Diarra aikoo k\u00e4ytt\u00e4\u00e4 punaista v\u00e4ri\u00e4 my\u00f6s jatkossa. Pete Anikari<\/p>\n<p>Kotimaisuus t\u00e4rke\u00e4\u00e4<\/p>\n<p class=\"paragraph\">Ritolan mekon lis\u00e4ksi Diarralla on muutenkin yll\u00e4\u00e4n kotimaista ja se on h\u00e4nelle t\u00e4rke\u00e4\u00e4. T\u00e4n\u00e4 vuonna korut ovat Kalevalaa, keng\u00e4t Vibae-merkki\u00e4 ja k\u00e4silaukku Pihkaa.<\/p>\n<p class=\"paragraph\">\u2013 Linnan juhlat ovat hetki, jolloin kotimainen muoti saa ison n\u00e4ytt\u00e4m\u00f6n. Varsinkin n\u00e4in\u00e4 aikoina, kun puhutaan yh\u00e4 enemm\u00e4n Temusta ja Sheinista, on ihanaa, ett\u00e4 p\u00e4\u00e4see esiintym\u00e4\u00e4n suomalaisen suunnittelijan luomuksessa, Diarra sanoo.<\/p>\n<p class=\"paragraph\">Aiemmin Diarra on v\u00e4l\u00e4ytt\u00e4nyt, ett\u00e4 h\u00e4nen pikkuveljens\u00e4, Vitun leija -merkin takaa l\u00f6ytyv\u00e4 <a href=\"https:\/\/www.iltalehti.fi\/henkilot\/Bakari Diarra\" class=\"article-link-person-page\" rel=\"nofollow noopener\" target=\"_blank\">Bakari Diarra<\/a> voisi suunnitella h\u00e4nelle asun Linnaan. Viel\u00e4 t\u00e4n\u00e4 vuonna ei ollut kuitenkaan sen aika.<\/p>\n<p class=\"paragraph\">\u2013 Mutta viel\u00e4 tulee olemaan mekko, jossa Baka n\u00e4kyy. Onhan minulla viel\u00e4 ainakin yksi vuosi Linnaa j\u00e4ljell\u00e4. Katsotaan, millainen Vitun leija minulla on sitten p\u00e4\u00e4ll\u00e4, Diarra toteaa.<\/p>\n","protected":false},"excerpt":{"rendered":"Fatim Diarra luottaa kotimaisiin br\u00e4ndeihin asukokonaisuudessaan. Fatim Diarran Linnan juhlien puku. Pete Anikari Kansanedustaja Fatim Diarran ei tarvinnut&hellip;\n","protected":false},"author":2,"featured_media":108926,"comment_status":"","ping_status":"","sticky":false,"template":"","format":"standard","meta":{"footnotes":""},"categories":[136],"tags":[35,407,137,33,31,30,408,2351,142,637,886,887,32,2350,109],"class_list":{"0":"post-108925","1":"post","2":"type-post","3":"status-publish","4":"format-standard","5":"has-post-thumbnail","7":"category-julkkikset","8":"tag-24h","9":"tag-celebrities","10":"tag-entertainment","11":"tag-fi","12":"tag-finland","13":"tag-finnish","14":"tag-julkkikset","15":"tag-kengat-ja-asusteet","16":"tag-poliitikot","17":"tag-politiikka","18":"tag-puolueet","19":"tag-suomen-politiikka","20":"tag-suomi","21":"tag-vaatekappaleet","22":"tag-viihde"},"share_on_mastodon":{"url":"https:\/\/pubeurope.com\/@fi\/115670361503001934","error":""},"_links":{"self":[{"href":"https:\/\/www.europesays.com\/fi\/wp-json\/wp\/v2\/posts\/108925","targetHints":{"allow":["GET"]}}],"collection":[{"href":"https:\/\/www.europesays.com\/fi\/wp-json\/wp\/v2\/posts"}],"about":[{"href":"https:\/\/www.europesays.com\/fi\/wp-json\/wp\/v2\/types\/post"}],"author":[{"embeddable":true,"href":"https:\/\/www.europesays.com\/fi\/wp-json\/wp\/v2\/users\/2"}],"replies":[{"embeddable":true,"href":"https:\/\/www.europesays.com\/fi\/wp-json\/wp\/v2\/comments?post=108925"}],"version-history":[{"count":0,"href":"https:\/\/www.europesays.com\/fi\/wp-json\/wp\/v2\/posts\/108925\/revisions"}],"wp:featuredmedia":[{"embeddable":true,"href":"https:\/\/www.europesays.com\/fi\/wp-json\/wp\/v2\/media\/108926"}],"wp:attachment":[{"href":"https:\/\/www.europesays.com\/fi\/wp-json\/wp\/v2\/media?parent=108925"}],"wp:term":[{"taxonomy":"category","embeddable":true,"href":"https:\/\/www.europesays.com\/fi\/wp-json\/wp\/v2\/categories?post=108925"},{"taxonomy":"post_tag","embeddable":true,"href":"https:\/\/www.europesays.com\/fi\/wp-json\/wp\/v2\/tags?post=108925"}],"curies":[{"name":"wp","href":"https:\/\/api.w.org\/{rel}","templated":true}]}}