{"id":108932,"date":"2025-12-06T03:04:07","date_gmt":"2025-12-06T03:04:07","guid":{"rendered":"https:\/\/www.europesays.com\/fi\/108932\/"},"modified":"2025-12-06T03:04:07","modified_gmt":"2025-12-06T03:04:07","slug":"reuters-usa-haluaa-euroopan-ottavan-vetovastuuta-nato-puolustuksesta-vuoteen-2027-mennessa-uutisia-lyhyesti","status":"publish","type":"post","link":"https:\/\/www.europesays.com\/fi\/108932\/","title":{"rendered":"Reuters: USA haluaa Euroopan ottavan vetovastuuta Nato-puolustuksesta vuoteen 2027 menness\u00e4 | Uutisia lyhyesti"},"content":{"rendered":"<p class=\"aw-1gybjub aw-5vja16 kEtdKx kmuxyA yle__article__paragraph\">On ep\u00e4selv\u00e4\u00e4, edustaako m\u00e4\u00e4r\u00e4aika Trumpin hallinnon kantaa vai ainoastaan joidenkin Pentagonin virkamiesten n\u00e4kemyksi\u00e4.<\/p>\n<p><img decoding=\"async\" alt=\"Naton p\u00e4\u00e4maja Brysseliss\u00e4, kuva 11.2.2020.\" src=\"https:\/\/www.europesays.com\/fi\/wp-content\/uploads\/2025\/12\/39-109262664259b48d4191.jpeg\" class=\"aw-1l9m598 hKVVvP\"\/><\/p>\n<p>Avaa kuvien katselu<\/p>\n<p>Arkistokuvassa Naton p\u00e4\u00e4maja Brysseliss\u00e4. Kuva: STELLA Pictures\/ddp\/abaca press<\/p>\n<p class=\"aw-1gybjub aw-1p7kakr kEtdKx cEmitX yle__article__paragraph\">Yhdysvallat haluaa, ett\u00e4 Eurooppa ottaa vastuulleen suuren osan sotilasliitto Naton tavanomaisista puolustuskyvykkyyksist\u00e4 vuoteen 2027 menness\u00e4.<\/p>\n<p class=\"aw-1gybjub aw-1p7kakr kEtdKx cEmitX yle__article__paragraph\">Yhdysvaltain puolustusministeri\u00f6n Pentagonin virkamiehet kertoivat vaateista eurooppalaisille diplomaateille Washingtonissa t\u00e4ll\u00e4 viikolla. Asiasta uutisoi Reuters l\u00e4hteidens\u00e4 pohjalta.<\/p>\n<p class=\"aw-1gybjub aw-1p7kakr kEtdKx cEmitX yle__article__paragraph\">Tavanomainen puolustus pit\u00e4\u00e4 sis\u00e4ll\u00e4\u00e4n ydinaseiden ulkopuolisia resursseja aina joukoista aseisiin.<\/p>\n<p class=\"aw-1gybjub aw-1p7kakr kEtdKx cEmitX yle__article__paragraph\">Washingtonin-kokouksessa virkamiehet antoivat ymm\u00e4rt\u00e4\u00e4, ettei Yhdysvaltain hallinto ollut viel\u00e4 tyytyv\u00e4inen siihen, miten Eurooppa on kehitt\u00e4nyt puolustuskyky\u00e4\u00e4n sen j\u00e4lkeen, kun Ven\u00e4j\u00e4 aloitti t\u00e4ysimittaisen hy\u00f6kk\u00e4yksens\u00e4 Ukrainassa vuoden 2022 helmikuussa.<\/p>\n<p class=\"aw-1gybjub aw-1p7kakr kEtdKx cEmitX yle__article__paragraph\">Virkamiesten mukaan Yhdysvallat uhkaa j\u00e4tt\u00e4yty\u00e4 ulkopuolelle osasta Naton puolustuskoordinaatiomekanismeista, jos Euroopan Nato-maat eiv\u00e4t noudata annettua m\u00e4\u00e4r\u00e4aikaa. Toistaiseksi on ep\u00e4selv\u00e4\u00e4, miten Yhdysvallat mittaisi Euroopan edistyst\u00e4 vaatimuksiin vastaamisessa.<\/p>\n<p class=\"aw-1gybjub aw-1p7kakr kEtdKx cEmitX yle__article__paragraph\">Reutersin mukaan ei ollut my\u00f6sk\u00e4\u00e4n selv\u00e4\u00e4, edustiko vuoden 2027 m\u00e4\u00e4r\u00e4aika presidentti <strong class=\"aw-ak79eh KyCXm yle__article__strong\">Donald Trumpin<\/strong> hallinnon kantaa vai vain joidenkin puolustusministeri\u00f6n virkamiesten n\u00e4kemyksi\u00e4. Washingtonissa on merkitt\u00e4vi\u00e4 erimielisyyksi\u00e4 Yhdysvaltain sotilaallisesta roolista Euroopassa.<\/p>\n<p>Virkamiehet: M\u00e4\u00e4r\u00e4aika ei realistinen<\/p>\n<p class=\"aw-1gybjub aw-1p7kakr kEtdKx cEmitX yle__article__paragraph\">Useat eurooppalaiset virkamiehet sanoivat, ett\u00e4 vuoden 2027 m\u00e4\u00e4r\u00e4aika ei ole realistinen riippumatta siit\u00e4, miten Yhdysvaltain hallinto mittaa edistymist\u00e4 asiassa, koska pelkk\u00e4 raha ja poliittinen tahto eiv\u00e4t riit\u00e4 korvaamaan kaikkia Yhdysvaltain kyvykkyyksi\u00e4 lyhyell\u00e4 aikav\u00e4lill\u00e4.<\/p>\n<p class=\"aw-1gybjub aw-1p7kakr kEtdKx cEmitX yle__article__paragraph\">Euroopan Nato-mailla on muun muassa jonoja sotilastarvikkeiden tuotannossa, ja maat ovat pyrkineet ostamaan kalustoa ulkopuolelta. Osa yhdysvaltalaisista virkamiehist\u00e4 on kehottanut Euroopan maita ostamaan lis\u00e4\u00e4 yhdysvaltalaiskalustoa, mutta tarvikkeista osan kohdalla toimitusajat voisivat ven\u00e4ht\u00e4\u00e4 vuosien mittaisiksi, vaikka ne ostettaisiin t\u00e4n\u00e4\u00e4n.<\/p>\n<p class=\"aw-1gybjub aw-1p7kakr kEtdKx cEmitX yle__article__paragraph\">Yhdysvallat tarjoaa my\u00f6s kyvykkyyksi\u00e4, joita ei voida noin vain ostaa. N\u00e4ihin lukeutuvat muun muassa tiedustelutoiminnot, jotka ovat osoittautuneet keskeisiksi Ukrainan puolustautuessa Ven\u00e4j\u00e4n hy\u00f6kk\u00e4yssotaa vastaan.<\/p>\n<p class=\"aw-1gybjub aw-1p7kakr kEtdKx cEmitX yle__article__paragraph\">Euroopan maat ovat laajalti hyv\u00e4ksyneet Trumpin vaatimuksen ottaa enemm\u00e4n vastuuta omasta turvallisuudestaan \u200b\u200bja luvanneet merkitt\u00e4vi\u00e4 puolustusmenojen lis\u00e4yksi\u00e4.<\/p>\n","protected":false},"excerpt":{"rendered":"On ep\u00e4selv\u00e4\u00e4, edustaako m\u00e4\u00e4r\u00e4aika Trumpin hallinnon kantaa vai ainoastaan joidenkin Pentagonin virkamiesten n\u00e4kemyksi\u00e4. Avaa kuvien katselu Arkistokuvassa Naton&hellip;\n","protected":false},"author":2,"featured_media":108933,"comment_status":"","ping_status":"","sticky":false,"template":"","format":"standard","meta":{"footnotes":""},"categories":[14],"tags":[22,23,26,27,33,31,30,17,24,25,28,29,2579,15,18,21,32,19,20,56,16,59,60,61],"class_list":{"0":"post-108932","1":"post","2":"type-post","3":"status-publish","4":"format-standard","5":"has-post-thumbnail","7":"category-ulkomaat","8":"tag-breaking-news","9":"tag-breakingnews","10":"tag-featured-news","11":"tag-featurednews","12":"tag-fi","13":"tag-finland","14":"tag-finnish","15":"tag-headlines","16":"tag-latest-news","17":"tag-latestnews","18":"tag-main-news","19":"tag-mainnews","20":"tag-nato","21":"tag-news","22":"tag-otsikot","23":"tag-paauutiset","24":"tag-suomi","25":"tag-top-stories","26":"tag-topstories","27":"tag-ulkomaat","28":"tag-uutiset","29":"tag-world","30":"tag-world-news","31":"tag-worldnews"},"share_on_mastodon":{"url":"https:\/\/pubeurope.com\/@fi\/115670408641212423","error":""},"_links":{"self":[{"href":"https:\/\/www.europesays.com\/fi\/wp-json\/wp\/v2\/posts\/108932","targetHints":{"allow":["GET"]}}],"collection":[{"href":"https:\/\/www.europesays.com\/fi\/wp-json\/wp\/v2\/posts"}],"about":[{"href":"https:\/\/www.europesays.com\/fi\/wp-json\/wp\/v2\/types\/post"}],"author":[{"embeddable":true,"href":"https:\/\/www.europesays.com\/fi\/wp-json\/wp\/v2\/users\/2"}],"replies":[{"embeddable":true,"href":"https:\/\/www.europesays.com\/fi\/wp-json\/wp\/v2\/comments?post=108932"}],"version-history":[{"count":0,"href":"https:\/\/www.europesays.com\/fi\/wp-json\/wp\/v2\/posts\/108932\/revisions"}],"wp:featuredmedia":[{"embeddable":true,"href":"https:\/\/www.europesays.com\/fi\/wp-json\/wp\/v2\/media\/108933"}],"wp:attachment":[{"href":"https:\/\/www.europesays.com\/fi\/wp-json\/wp\/v2\/media?parent=108932"}],"wp:term":[{"taxonomy":"category","embeddable":true,"href":"https:\/\/www.europesays.com\/fi\/wp-json\/wp\/v2\/categories?post=108932"},{"taxonomy":"post_tag","embeddable":true,"href":"https:\/\/www.europesays.com\/fi\/wp-json\/wp\/v2\/tags?post=108932"}],"curies":[{"name":"wp","href":"https:\/\/api.w.org\/{rel}","templated":true}]}}